{"id":66,"date":"2019-08-13T10:49:32","date_gmt":"2019-08-13T08:49:32","guid":{"rendered":"http:\/\/wordpress.konska-osuvky.cz\/?p=66"},"modified":"2019-09-23T19:12:58","modified_gmt":"2019-09-23T19:12:58","slug":"fc-konska-na-turnaji-v-pisku-ve-finale","status":"publish","type":"post","link":"https:\/\/spolek.konska-osuvky.cz\/en\/novinky\/fc-konska-na-turnaji-v-pisku-ve-finale\/","title":{"rendered":"FC Konsk\u00e1 na turnaji v P\u00edsku ve fin\u00e1le!"},"content":{"rendered":"<p>V sobotu 29. \u010dervna se v nedalek\u00e9m P\u00edsku konal turnaj v mal\u00e9 kopan\u00e9 &#8222;O putovn\u00ed poh\u00e1r starostky P\u00edsku&#8220;, kter\u00e9ho se rovn\u011b\u017e z\u00fa\u010dastnil t\u00fdm FC Konsk\u00e1.&nbsp;<\/p>\r\n\r\n\r\n\r\n<p>Na\u0161i borci p\u0159edvedli na turnaji velmi sympatick\u00fd v\u00fdkon, a k zisku titulu chyb\u011bl jen mal\u00fd kr\u016f\u010dek!<\/p>\r\n\r\n\r\n\r\n<p>Podle vyj\u00e1d\u0159en\u00ed kapit\u00e1na t\u00fdmu FC Konsk\u00e1 Davida Lipowsk\u00e9ho jsme si fin\u00e1le prohr\u00e1li sami, kdy\u017e jsme nevyu\u017eili jasn\u00e9 g\u00f3lov\u00e9 \u0161ance a soupe\u0159 potrestal ka\u017ed\u00e9 zav\u00e1h\u00e1n\u00ed. Turnaj m\u011bl vysokou sportovn\u00ed \u00farove\u0148, kter\u00e9ho se z\u00fa\u010dastnili mimo jin\u00e9 i hokejist\u00e9 HCO T\u0159inec pod n\u00e1zvem Jakops\u00edk. Nejlep\u0161\u00edm brank\u00e1\u0159em turnaje byl vyhl\u00e1\u0161en hr\u00e1\u010d FC Konsk\u00e1 B. Kren\u017eelok.<\/p>\r\n\r\n\r\n\r\n<p>&nbsp;<\/p>\r\n\r\n\r\n\r\n<figure class=\"wp-block-image\"><img decoding=\"async\" src=\"http:\/\/sport.konska-osuvky.cz\/data\/upload\/images\/Screenshot_20190727-174313.png\" alt=\"\"><\/figure>\r\n\r\n\r\n\r\n<figure class=\"wp-block-image\"><img decoding=\"async\" src=\"http:\/\/sport.konska-osuvky.cz\/data\/upload\/images\/Screenshot_20190727-174051.png\" alt=\"\"><\/figure>\r\n\r\n\r\n\r\n<p>Gratulujeme ke kr\u00e1sn\u00e9mu druh\u00e9mu m\u00edstu a d\u011bkujeme za reprezentaci!<\/p>\r\n\r\n\r\n\r\n<p>Hr\u00e1\u010di Konsk\u00e9 nastoupili v t\u00e9to sestav\u011b:<\/p>\r\n\r\n\r\n\r\n<figure class=\"wp-block-image\"><img decoding=\"async\" src=\"http:\/\/sport.konska-osuvky.cz\/data\/upload\/images\/uvod%20orez.jpg\" alt=\"\"><\/figure>\r\n\r\n\r\n\r\n<p>Tom\u00e1\u0161 Magdon, David Lipowski, Jirka Kre\u017eelok, Robert Walaski, Adam Kre\u017eelok, Jan Kre\u017eelok,<br>Benjamin Kre\u017eelok, Bohdan Kre\u017eelok, Tadek Kowalczyk<\/p>\r\n\r\n\r\n\r\n<p>&nbsp;<\/p>\r\n\r\n\r\n\r\n<figure class=\"wp-block-image\"><img decoding=\"async\" src=\"http:\/\/sport.konska-osuvky.cz\/data\/upload\/images\/DSC_0832.jpg\" alt=\"\"><\/figure>\r\n\r\n\r\n\r\n<figure class=\"wp-block-image\"><img decoding=\"async\" src=\"http:\/\/sport.konska-osuvky.cz\/data\/upload\/images\/DSC_0853-1068x668.jpg\" alt=\"\"><\/figure>\r\n\r\n\r\n\r\n<p>&nbsp;<\/p>\r\n\r\n\r\n\r\n<p>&nbsp;<\/p>","protected":false},"excerpt":{"rendered":"<p>V sobotu 29. \u010dervna se v nedalek\u00e9m P\u00edsku konal turnaj v mal\u00e9 kopan\u00e9 &#8222;O putovn\u00ed poh\u00e1r starostky P\u00edsku&#8220;, kter\u00e9ho se rovn\u011b\u017e z\u00fa\u010dastnil t\u00fdm FC Konsk\u00e1.&nbsp; Na\u0161i borci p\u0159edvedli na turnaji velmi sympatick\u00fd v\u00fdkon, a k zisku titulu chyb\u011bl jen mal\u00fd kr\u016f\u010dek! Podle vyj\u00e1d\u0159en\u00ed kapit\u00e1na t\u00fdmu FC Konsk\u00e1 Davida Lipowsk\u00e9ho jsme si fin\u00e1le prohr\u00e1li sami, kdy\u017e [&hellip;]<\/p>","protected":false},"author":1,"featured_media":2370,"comment_status":"open","ping_status":"open","sticky":false,"template":"","format":"standard","meta":{"ngg_post_thumbnail":0,"footnotes":""},"categories":[3,12],"tags":[],"class_list":["post-66","post","type-post","status-publish","format-standard","has-post-thumbnail","hentry","category-novinky","category-sport"],"blog_post_layout_featured_media_urls":{"thumbnail":["https:\/\/spolek.konska-osuvky.cz\/wp-content\/uploads\/2019\/08\/DSC_0853-1068x668-150x150.jpg",150,150,true],"full":["https:\/\/spolek.konska-osuvky.cz\/wp-content\/uploads\/2019\/08\/DSC_0853-1068x668.jpg",1068,668,false]},"categories_names":{"3":{"name":"News","link":"https:\/\/spolek.konska-osuvky.cz\/en\/category\/novinky\/"},"12":{"name":"Sport","link":"https:\/\/spolek.konska-osuvky.cz\/en\/category\/sport\/"}},"tags_names":[],"comments_number":"0","wpmagazine_modules_lite_featured_media_urls":{"thumbnail":["https:\/\/spolek.konska-osuvky.cz\/wp-content\/uploads\/2019\/08\/DSC_0853-1068x668-150x150.jpg",150,150,true],"cvmm-medium":["https:\/\/spolek.konska-osuvky.cz\/wp-content\/uploads\/2019\/08\/DSC_0853-1068x668.jpg",300,188,false],"cvmm-medium-plus":["https:\/\/spolek.konska-osuvky.cz\/wp-content\/uploads\/2019\/08\/DSC_0853-1068x668.jpg",305,191,false],"cvmm-portrait":["https:\/\/spolek.konska-osuvky.cz\/wp-content\/uploads\/2019\/08\/DSC_0853-1068x668.jpg",400,250,false],"cvmm-medium-square":["https:\/\/spolek.konska-osuvky.cz\/wp-content\/uploads\/2019\/08\/DSC_0853-1068x668.jpg",600,375,false],"cvmm-large":["https:\/\/spolek.konska-osuvky.cz\/wp-content\/uploads\/2019\/08\/DSC_0853-1068x668.jpg",1024,640,false],"cvmm-small":["https:\/\/spolek.konska-osuvky.cz\/wp-content\/uploads\/2019\/08\/DSC_0853-1068x668.jpg",130,81,false],"full":["https:\/\/spolek.konska-osuvky.cz\/wp-content\/uploads\/2019\/08\/DSC_0853-1068x668.jpg",1068,668,false]},"_links":{"self":[{"href":"https:\/\/spolek.konska-osuvky.cz\/en\/wp-json\/wp\/v2\/posts\/66","targetHints":{"allow":["GET"]}}],"collection":[{"href":"https:\/\/spolek.konska-osuvky.cz\/en\/wp-json\/wp\/v2\/posts"}],"about":[{"href":"https:\/\/spolek.konska-osuvky.cz\/en\/wp-json\/wp\/v2\/types\/post"}],"author":[{"embeddable":true,"href":"https:\/\/spolek.konska-osuvky.cz\/en\/wp-json\/wp\/v2\/users\/1"}],"replies":[{"embeddable":true,"href":"https:\/\/spolek.konska-osuvky.cz\/en\/wp-json\/wp\/v2\/comments?post=66"}],"version-history":[{"count":5,"href":"https:\/\/spolek.konska-osuvky.cz\/en\/wp-json\/wp\/v2\/posts\/66\/revisions"}],"predecessor-version":[{"id":2369,"href":"https:\/\/spolek.konska-osuvky.cz\/en\/wp-json\/wp\/v2\/posts\/66\/revisions\/2369"}],"wp:featuredmedia":[{"embeddable":true,"href":"https:\/\/spolek.konska-osuvky.cz\/en\/wp-json\/wp\/v2\/media\/2370"}],"wp:attachment":[{"href":"https:\/\/spolek.konska-osuvky.cz\/en\/wp-json\/wp\/v2\/media?parent=66"}],"wp:term":[{"taxonomy":"category","embeddable":true,"href":"https:\/\/spolek.konska-osuvky.cz\/en\/wp-json\/wp\/v2\/categories?post=66"},{"taxonomy":"post_tag","embeddable":true,"href":"https:\/\/spolek.konska-osuvky.cz\/en\/wp-json\/wp\/v2\/tags?post=66"}],"curies":[{"name":"wp","href":"https:\/\/api.w.org\/{rel}","templated":true}]}}