{"id":5218,"date":"2025-04-18T14:47:32","date_gmt":"2025-04-18T12:47:32","guid":{"rendered":"https:\/\/spolek.konska-osuvky.cz\/?p=5218"},"modified":"2025-04-18T14:47:32","modified_gmt":"2025-04-18T12:47:32","slug":"zapis-z-treti-organizacni-schuze-ke-dni-konske-2025","status":"publish","type":"post","link":"https:\/\/spolek.konska-osuvky.cz\/en\/zapisy-ze-schuzi\/zapis-z-treti-organizacni-schuze-ke-dni-konske-2025\/","title":{"rendered":"Z\u00e1pis z\u00a0t\u0159et\u00ed organiza\u010dn\u00ed sch\u016fze ke Dni Konsk\u00e9 2025"},"content":{"rendered":"<h1><span style=\"font-weight: 400;\">Z\u00e1pis z&nbsp;t\u0159et\u00ed organiza\u010dn\u00ed sch\u016fze ke Dni Konsk\u00e9 2025,<\/span><\/h1>\n<h1><span style=\"font-weight: 400;\">Spolku \u201eZa rozvoj Konsk\u00e9\u201c<\/span><\/h1>\n<p>&nbsp;<\/p>\n<p><i><span style=\"font-weight: 400;\">Datum: <\/span><\/i> <i><span style=\"font-weight: 400;\">1. dubna 2025<\/span><\/i><\/p>\n<p><i><span style=\"font-weight: 400;\">M\u00edsto: <\/span><\/i> <i><span style=\"font-weight: 400;\">T\u0159inec \u2013 Konsk\u00e1 48, 739 61 T\u0159inec \u2013 Klubovna spolku<\/span><\/i><\/p>\n<p><i><span style=\"font-weight: 400;\">P\u0159\u00edtomni: <\/span><\/i> <i><span style=\"font-weight: 400;\">viz. prezen\u010dn\u00ed listina<\/span><\/i><\/p>\n<p><i><span style=\"font-weight: 400;\">Online:<\/span><\/i><\/p>\n<p>&nbsp;<\/p>\n<p><span style=\"font-weight: 400;\">Program jedn\u00e1n\u00ed, t\u00e9mata a usnesen\u00ed:<\/span><\/p>\n<p><b><\/b><\/p>\n<ul>\n<li aria-level=\"1\"><b>\u00davodn\u00ed slovo<\/b><\/li>\n<\/ul>\n<p><span style=\"font-weight: 400;\">Uv\u00edt\u00e1n\u00ed p\u0159edsedou spolku, sezn\u00e1men\u00ed s&nbsp;programem.&nbsp;<\/span><\/p>\n<p><b><\/b><\/p>\n<ul>\n<li aria-level=\"1\"><b>Organizace Dne Konsk\u00e9 &#8211; 720 let, datum kon\u00e1n\u00ed 20.9.2025<\/b><\/li>\n<\/ul>\n<ul>\n<li aria-level=\"1\"><span style=\"font-weight: 400;\">\u0160et\u0159en\u00ed na m\u00edst\u011b za Z\u0160 \u2013 schv\u00e1len\u00ed pl\u00e1nku rozm\u00edst\u011bn\u00ed p\u00f3dia, st\u00e1nk\u016f, atrakc\u00ed atd. \u2013 v\u011bt\u0161ina z\u00fa\u010dastn\u011bn\u00fdch<\/span><\/li>\n<\/ul>\n<ul>\n<li aria-level=\"1\"><span style=\"font-weight: 400;\">\u0159e\u0161en\u00ed elektrick\u00e9ho p\u0159ipojen\u00ed \u2013 p. Roman \u010cmiel<\/span><\/li>\n<\/ul>\n<p><b><\/b><br \/>\n<b><\/b><\/p>\n<ul>\n<li aria-level=\"1\"><b>Finan\u010dn\u00ed rozvaha<\/b><\/li>\n<\/ul>\n<ul>\n<li aria-level=\"1\"><span style=\"font-weight: 400;\">P\u0159edpokl\u00e1dan\u00e9 n\u00e1klady cca 137 tis. K\u010d<\/span><\/li>\n<\/ul>\n<ul>\n<li style=\"font-weight: 400;\" aria-level=\"1\"><span style=\"font-weight: 400;\">Kulturn\u00ed \u010d\u00e1st a dal\u0161\u00ed atrakce cca 42 tis. K\u010d \u2013 sn\u00ed\u017een\u00ed rozpo\u010dtu d\u00edky \u00faprav\u011b kulturn\u00edho programu.<\/span><\/li>\n<li style=\"font-weight: 400;\" aria-level=\"1\"><span style=\"font-weight: 400;\">P\u0159edpokl\u00e1dan\u00e9 a rozjednan\u00e9 p\u0159\u00edjmy:&nbsp;<\/span>\n<ul>\n<li style=\"font-weight: 400;\" aria-level=\"2\"><span style=\"font-weight: 400;\">z&nbsp;participativn\u00edho rozpo\u010dtu, kter\u00fd bude je\u0161t\u011b schvalov\u00e1n Magistr\u00e1tem 30 tis. K\u010d. (Pod\u011bkov\u00e1n\u00ed v\u0161em hlasuj\u00edc\u00edm.)<\/span><\/li>\n<li style=\"font-weight: 400;\" aria-level=\"2\"><span style=\"font-weight: 400;\">Dal\u0161\u00ed p\u0159\u00edjmy ze&nbsp;vstupn\u00e9ho, prodeje upom\u00ednkov\u00fdch p\u0159edm\u011bt\u016f a tomboly, p\u0159edpokl\u00e1dan\u00fd zisk cca 40 tis. K\u010d<\/span><\/li>\n<li style=\"font-weight: 400;\" aria-level=\"2\"><span style=\"font-weight: 400;\">Prosba v\u0161em z\u00fa\u010dastn\u011bn\u00fdm o osloven\u00ed sponzor\u016f \u2013 firem v&nbsp;katastru Konsk\u00e1 \u2013 p\u0159edpokl\u00e1dan\u00e1 \u010d\u00e1stka k&nbsp;z\u00edsk\u00e1n\u00ed cca 58 tis. K\u010d<\/span><\/li>\n<li style=\"font-weight: 400;\" aria-level=\"2\"><span style=\"font-weight: 400;\">Dal\u0161\u00ed finan\u010dn\u00ed rezerva z&nbsp;vlastn\u00edch zdroj\u016f spolku a celoro\u010dn\u00ed \u010dinnosti \u2013 schv\u00e1len grant m\u011bsta T\u0159inec na celoro\u010dn\u00ed \u010dinnost spolku 14 tis. K\u010d.<\/span><\/li>\n<\/ul>\n<\/li>\n<\/ul>\n<p><b><\/b><\/p>\n<ul>\n<li aria-level=\"1\"><b>Pracovn\u00ed dokument excel<\/b><\/li>\n<\/ul>\n<ul>\n<li style=\"font-weight: 400;\" aria-level=\"1\"><span style=\"font-weight: 400;\">Sezn\u00e1men\u00ed s&nbsp;pracovn\u00edm dokumentem k&nbsp;organizaci dne Konsk\u00e9, kter\u00fd je p\u0159\u00edstupn\u00fd \u010dlen\u016fm v\u00fdboru spolku.<\/span><\/li>\n<li style=\"font-weight: 400;\" aria-level=\"1\"><span style=\"font-weight: 400;\">Nab\u00eddka na sd\u00edlen\u00ed informac\u00ed zainteresovan\u00fdm \u00fa\u010dastn\u00edk\u016fm z&nbsp;pl\u00e9na.&nbsp;<\/span><\/li>\n<\/ul>\n<p>&nbsp;<\/p>\n<ol>\n<li style=\"font-weight: 400;\" aria-level=\"1\"><b>Dal\u0161\u00ed t\u00e9mata a z\u00edskan\u00e9 informace<\/b><\/li>\n<\/ol>\n<ul>\n<li style=\"font-weight: 400;\" aria-level=\"1\"><span style=\"font-weight: 400;\">P. Tadeusz Czapla oslovil p. Morcinkovou&nbsp; &#8211; \u0161kolka &#8211; s&nbsp;\u017e\u00e1dosti o kr\u00e1tk\u00fd program. Z\u00e1kladn\u00ed \u0161kola bude oslovena.<\/span><\/li>\n<li style=\"font-weight: 400;\" aria-level=\"1\"><span style=\"font-weight: 400;\">P. Vladislav Kubie\u0148 zpracoval grafick\u00e9 materi\u00e1ly. Vytvo\u0159il n\u00e1vrh nov\u00e9ho raz\u00edtka, logo na tri\u010dka.<\/span><\/li>\n<li style=\"font-weight: 400;\" aria-level=\"1\"><span style=\"font-weight: 400;\">P. Marian Heczko a p. Milan Niemiec budou jednat s&nbsp;pivovarem Kon\u00ed\u010dek ohledn\u011b uva\u0159en\u00ed speci\u00e1ln\u00ed v\u00e1rky piva.<\/span><\/li>\n<li style=\"font-weight: 400;\" aria-level=\"1\"><span style=\"font-weight: 400;\">Projedn\u00e1n\u00ed pou\u017eit\u00ed n\u00e1vrh\u016f loga na tri\u010dka, plastov\u00e9 kel\u00edmky na pivo apod. &#8211; prob\u00edh\u00e1<\/span><\/li>\n<li style=\"font-weight: 400;\" aria-level=\"1\"><span style=\"font-weight: 400;\">To\u010den\u00ed Konsk\u00e9 dronem \u2013 p. Vojt\u011bch Sikora \u2013 \u0159e\u0161it sn\u00edmky Konsk\u00e9 co nejd\u0159\u00edve<\/span><\/li>\n<li style=\"font-weight: 400;\" aria-level=\"1\"><span style=\"font-weight: 400;\">V\u00fdstava fotek \u2013 fotoworkshop s p. Markem Such\u00fdm v&nbsp;r\u00e1mci celoro\u010dn\u00ed \u010dinnosti spolku, \u00fa\u010dastn\u00edci budou fotit na ur\u010dit\u00e9 t\u00e9ma a vyberou se nejlep\u0161\u00ed fotografie, kter\u00e9 budou prezentov\u00e1ny v&nbsp;r\u00e1mci v\u00fdstavy v&nbsp;klubovn\u011b ve dni oslav.&nbsp;<\/span><\/li>\n<\/ul>\n<p><b><\/b><\/p>\n<ul>\n<li aria-level=\"1\"><b>Nejbli\u017e\u0161\u00ed jedn\u00e1n\u00ed<\/b><\/li>\n<\/ul>\n<ul>\n<li style=\"font-weight: 400;\" aria-level=\"1\"><span style=\"font-weight: 400;\">dal\u0161\u00ed Organiza\u010dn\u00ed sch\u016fze ke Dni Konsk\u00e9 \u2013 \u00fater\u00fd 20. 5 2025 v 19 hod.&nbsp;&nbsp;<\/span><\/li>\n<\/ul>\n<p><b><\/b><\/p>\n<ul>\n<li aria-level=\"1\"><b>Diskuse<\/b><\/li>\n<\/ul>\n<ul>\n<li style=\"font-weight: 400;\" aria-level=\"1\"><span style=\"font-weight: 400;\">N\u00e1vrh na slosovatelnou vstupenku<\/span><\/li>\n<li style=\"font-weight: 400;\" aria-level=\"1\"><span style=\"font-weight: 400;\">Zva\u017euje se pe\u010den\u00ed pern\u00ed\u010dk\u016f ve tvaru kon\u011b&nbsp;<\/span><\/li>\n<\/ul>\n<p><b><\/b><\/p>\n<ul>\n<li aria-level=\"1\"><b>\u00dakoly<\/b><\/li>\n<\/ul>\n<ul>\n<li style=\"list-style-type: none;\">\n<ul>\n<li style=\"font-weight: 400;\" aria-level=\"1\"><span style=\"font-weight: 400;\">Oslovit sponzory \u2013 prob\u00edh\u00e1 \u2013 viz. tabulka<\/span><\/li>\n<\/ul>\n<\/li>\n<\/ul>\n<ul>\n<li aria-level=\"1\"><span style=\"font-weight: 400;\">P. Ga\u0161para s&nbsp;\u017e\u00e1dost\u00ed o pron\u00e1jem pozemku \u2013 oslov\u00ed Tadeusz Czapla<\/span><\/li>\n<\/ul>\n<ul>\n<li aria-level=\"1\"><span style=\"font-weight: 400;\">Smlouvu se Z\u0160 zajist\u00ed &#8211; Tadeusz Czapla<\/span><\/li>\n<\/ul>\n<ul>\n<li aria-level=\"1\"><span style=\"font-weight: 400;\">Ot\u00e1zku h\u0159i\u0161t\u011b projedn\u00e1 s&nbsp;magistr\u00e1tem &#8211; Tadeusz Czapla<\/span><\/li>\n<\/ul>\n<ul>\n<li aria-level=\"1\"><span style=\"font-weight: 400;\">V\u00fdjimku z&nbsp;no\u010dn\u00edho klidu \u2013 prodlou\u017een\u00ed \u2013 zajist\u00ed Tadeusz Czapla<\/span><\/li>\n<\/ul>\n<ul>\n<li aria-level=\"1\"><span style=\"font-weight: 400;\">Nahl\u00e1\u0161en\u00ed akce &#8211; Tadeusz Czapla<\/span><\/li>\n<\/ul>\n<ul>\n<li aria-level=\"1\"><span style=\"font-weight: 400;\">Finalizace kulturn\u00edho programu.<\/span><\/li>\n<\/ul>\n<p><b><\/b><\/p>\n<p>Origin\u00e1l: <a href=\"https:\/\/spolek.konska-osuvky.cz\/wp-content\/uploads\/2025\/04\/Zapis-Schuze-Den-Konske-3-overeno.docx.pdf\">Z\u00e1pis &#8211; Sch\u016fze Den Konsk\u00e9 3 &#8211; ov\u011b\u0159eno.docx<\/a><\/p>\n<p><i><span style=\"font-weight: 400;\">V&nbsp;Konsk\u00e9 dne: <\/span><\/i> <i><span style=\"font-weight: 400;\">1.4.2025<\/span><\/i><\/p>\n<p><i><span style=\"font-weight: 400;\">Autor:<\/span><\/i> <i><span style=\"font-weight: 400;\">I. Konderlov\u00e1<\/span><\/i><\/p>\n<p><i><span style=\"font-weight: 400;\">Ov\u011b\u0159ovatel: <\/span><\/i> <i><span style=\"font-weight: 400;\">T. Czapla<\/span><\/i><\/p>","protected":false},"excerpt":{"rendered":"<p>Z\u00e1pis z&nbsp;t\u0159et\u00ed organiza\u010dn\u00ed sch\u016fze ke Dni Konsk\u00e9 2025, Spolku \u201eZa rozvoj Konsk\u00e9\u201c &nbsp; Datum: 1. dubna 2025 M\u00edsto: T\u0159inec \u2013 Konsk\u00e1 48, 739 61 T\u0159inec \u2013 Klubovna spolku P\u0159\u00edtomni: viz. prezen\u010dn\u00ed listina Online: &nbsp; Program jedn\u00e1n\u00ed, t\u00e9mata a usnesen\u00ed: \u00davodn\u00ed slovo Uv\u00edt\u00e1n\u00ed p\u0159edsedou spolku, sezn\u00e1men\u00ed s&nbsp;programem.&nbsp; Organizace Dne Konsk\u00e9 &#8211; 720 let, datum kon\u00e1n\u00ed 20.9.2025 [&hellip;]<\/p>","protected":false},"author":1,"featured_media":3613,"comment_status":"open","ping_status":"open","sticky":false,"template":"","format":"standard","meta":{"ngg_post_thumbnail":0,"footnotes":""},"categories":[6],"tags":[],"class_list":["post-5218","post","type-post","status-publish","format-standard","has-post-thumbnail","hentry","category-zapisy-ze-schuzi"],"blog_post_layout_featured_media_urls":{"thumbnail":["https:\/\/spolek.konska-osuvky.cz\/wp-content\/uploads\/2023\/01\/kniha-150x150.jpg",150,150,true],"full":["https:\/\/spolek.konska-osuvky.cz\/wp-content\/uploads\/2023\/01\/kniha.jpg",820,568,false]},"categories_names":{"6":{"name":"Z\u00e1pisy ze sch\u016fz\u00ed","link":"https:\/\/spolek.konska-osuvky.cz\/en\/category\/zapisy-ze-schuzi\/"}},"tags_names":[],"comments_number":"0","wpmagazine_modules_lite_featured_media_urls":{"thumbnail":["https:\/\/spolek.konska-osuvky.cz\/wp-content\/uploads\/2023\/01\/kniha-150x150.jpg",150,150,true],"cvmm-medium":["https:\/\/spolek.konska-osuvky.cz\/wp-content\/uploads\/2023\/01\/kniha.jpg",300,208,false],"cvmm-medium-plus":["https:\/\/spolek.konska-osuvky.cz\/wp-content\/uploads\/2023\/01\/kniha.jpg",299,207,false],"cvmm-portrait":["https:\/\/spolek.konska-osuvky.cz\/wp-content\/uploads\/2023\/01\/kniha.jpg",400,277,false],"cvmm-medium-square":["https:\/\/spolek.konska-osuvky.cz\/wp-content\/uploads\/2023\/01\/kniha.jpg",600,416,false],"cvmm-large":["https:\/\/spolek.konska-osuvky.cz\/wp-content\/uploads\/2023\/01\/kniha.jpg",820,568,false],"cvmm-small":["https:\/\/spolek.konska-osuvky.cz\/wp-content\/uploads\/2023\/01\/kniha.jpg",130,90,false],"full":["https:\/\/spolek.konska-osuvky.cz\/wp-content\/uploads\/2023\/01\/kniha.jpg",820,568,false]},"_links":{"self":[{"href":"https:\/\/spolek.konska-osuvky.cz\/en\/wp-json\/wp\/v2\/posts\/5218","targetHints":{"allow":["GET"]}}],"collection":[{"href":"https:\/\/spolek.konska-osuvky.cz\/en\/wp-json\/wp\/v2\/posts"}],"about":[{"href":"https:\/\/spolek.konska-osuvky.cz\/en\/wp-json\/wp\/v2\/types\/post"}],"author":[{"embeddable":true,"href":"https:\/\/spolek.konska-osuvky.cz\/en\/wp-json\/wp\/v2\/users\/1"}],"replies":[{"embeddable":true,"href":"https:\/\/spolek.konska-osuvky.cz\/en\/wp-json\/wp\/v2\/comments?post=5218"}],"version-history":[{"count":1,"href":"https:\/\/spolek.konska-osuvky.cz\/en\/wp-json\/wp\/v2\/posts\/5218\/revisions"}],"predecessor-version":[{"id":5219,"href":"https:\/\/spolek.konska-osuvky.cz\/en\/wp-json\/wp\/v2\/posts\/5218\/revisions\/5219"}],"wp:featuredmedia":[{"embeddable":true,"href":"https:\/\/spolek.konska-osuvky.cz\/en\/wp-json\/wp\/v2\/media\/3613"}],"wp:attachment":[{"href":"https:\/\/spolek.konska-osuvky.cz\/en\/wp-json\/wp\/v2\/media?parent=5218"}],"wp:term":[{"taxonomy":"category","embeddable":true,"href":"https:\/\/spolek.konska-osuvky.cz\/en\/wp-json\/wp\/v2\/categories?post=5218"},{"taxonomy":"post_tag","embeddable":true,"href":"https:\/\/spolek.konska-osuvky.cz\/en\/wp-json\/wp\/v2\/tags?post=5218"}],"curies":[{"name":"wp","href":"https:\/\/api.w.org\/{rel}","templated":true}]}}