{"id":5216,"date":"2025-04-18T14:46:22","date_gmt":"2025-04-18T12:46:22","guid":{"rendered":"https:\/\/spolek.konska-osuvky.cz\/?p=5216"},"modified":"2025-04-18T14:46:22","modified_gmt":"2025-04-18T12:46:22","slug":"zapis-z-druhe-organizacni-schuze-ke-dni-konske-2025","status":"publish","type":"post","link":"https:\/\/spolek.konska-osuvky.cz\/en\/zapisy-ze-schuzi\/zapis-z-druhe-organizacni-schuze-ke-dni-konske-2025\/","title":{"rendered":"Z\u00e1pis z\u00a0druh\u00e9 organiza\u010dn\u00ed sch\u016fze ke Dni Konsk\u00e9 2025"},"content":{"rendered":"<h1><span style=\"font-weight: 400;\">Z\u00e1pis z&nbsp;druh\u00e9 organiza\u010dn\u00ed sch\u016fze ke Dni Konsk\u00e9 2025,<\/span><\/h1>\n<h1><span style=\"font-weight: 400;\">Spolku \u201eZa rozvoj Konsk\u00e9\u201c&nbsp;<\/span><\/h1>\n<p>&nbsp;<\/p>\n<p><i><span style=\"font-weight: 400;\">Datum: <\/span><\/i> <i><span style=\"font-weight: 400;\">11. \u00fanora 2025<\/span><\/i><\/p>\n<p><i><span style=\"font-weight: 400;\">M\u00edsto: <\/span><\/i> <i><span style=\"font-weight: 400;\">T\u0159inec \u2013 Konsk\u00e1 48, 739 61 T\u0159inec \u2013 Klubovna spolku<\/span><\/i><\/p>\n<p><i><span style=\"font-weight: 400;\">P\u0159\u00edtomni: <\/span><\/i> <i><span style=\"font-weight: 400;\">viz. prezen\u010dn\u00ed listina<\/span><\/i><\/p>\n<p><i><span style=\"font-weight: 400;\">Online:<\/span><\/i> <i><span style=\"font-weight: 400;\">David Konderla<\/span><\/i><\/p>\n<p>&nbsp;<\/p>\n<p><span style=\"font-weight: 400;\">Program jedn\u00e1n\u00ed, t\u00e9mata a usnesen\u00ed:<\/span><\/p>\n<p><b><\/b><\/p>\n<ul>\n<li aria-level=\"1\"><b>\u00davodn\u00ed slovo<\/b><\/li>\n<\/ul>\n<p><span style=\"font-weight: 400;\">Uv\u00edt\u00e1n\u00ed p\u0159edsedou spolku, sezn\u00e1men\u00ed s&nbsp;programem.&nbsp;<\/span><\/p>\n<p><b><\/b><\/p>\n<ul>\n<li aria-level=\"1\"><b>Organizace Dne Konsk\u00e9 &#8211; 720 let, datum kon\u00e1n\u00ed 20.9.2025<\/b><\/li>\n<\/ul>\n<p><b>Program:<\/b><\/p>\n<ul>\n<li aria-level=\"1\"><span style=\"font-weight: 400;\">Memori\u00e1l Radka Ciencialy \u2013 fotbalov\u00fd turnaj prob\u011bhne v&nbsp;dopoledn\u00edch hodin\u00e1ch \u2013 do 13 h. \u2013 organiz\u00e1to\u0159i Tadeusz Czapla, Pyszko Luk\u00e1\u0161, Milan Niemiec. Person\u00e1ln\u00ed zaji\u0161t\u011bn\u00ed st\u00e1nku bude jin\u00e9 ne\u017e v&nbsp;odpoledn\u00edch hodin\u00e1ch. Hlavn\u00ed program pak od 14 hod.<\/span><\/li>\n<\/ul>\n<ul>\n<li style=\"font-weight: 400;\" aria-level=\"1\"><span style=\"font-weight: 400;\">N\u00e1vrh kulturn\u00edho programu \u2013 v\u0161echny skupiny a kapely byla osloveny, ohledn\u011b \u00fa\u010dasti a ceny.<\/span><\/li>\n<li style=\"font-weight: 400;\" aria-level=\"1\"><span style=\"font-weight: 400;\">Vystoupen\u00ed d\u011bt\u00ed M\u0160 a Z\u0160 \u2013 pan\u00ed u\u010ditelky &#8211; Andrea Jochymkov\u00e1<\/span><\/li>\n<li style=\"font-weight: 400;\" aria-level=\"1\"><span style=\"font-weight: 400;\">Folklorn\u00ed vystoupen\u00ed \u2013 Cimb\u00e1lov\u00e1 muzika Petr Kou\u0159il \u2013 cena 22 tis.<\/span><\/li>\n<li style=\"font-weight: 400;\" aria-level=\"1\"><span style=\"font-weight: 400;\">Jablunkovjanka \u2013 16 tis.<\/span><\/li>\n<li style=\"font-weight: 400;\" aria-level=\"1\"><span style=\"font-weight: 400;\">Rokov\u00e1 kapela z&nbsp;Brna \u2013 16 tis.<\/span><\/li>\n<li style=\"font-weight: 400;\" aria-level=\"1\"><span style=\"font-weight: 400;\">Kapela rodiny Bezecn\u00fdch \u2013 symbolick\u00fd honor\u00e1\u0159, ob\u010derstven\u00ed<\/span><\/li>\n<li style=\"font-weight: 400;\" aria-level=\"1\"><span style=\"font-weight: 400;\">Blaf \u2013 16 tis. za 1 hod.<\/span><\/li>\n<li style=\"font-weight: 400;\" aria-level=\"1\"><span style=\"font-weight: 400;\">Kapela \u0160t\u011bp\u00e1na Zaremby \u2013 symbolick\u00fd honor\u00e1\u0159, ob\u010derstven\u00ed<\/span><\/li>\n<li style=\"font-weight: 400;\" aria-level=\"1\"><span style=\"font-weight: 400;\">Kapela MMP \u2013 4 \u2013 5 tis.<\/span><\/li>\n<li style=\"font-weight: 400;\" aria-level=\"1\"><span style=\"font-weight: 400;\">DJ Ondraszek \u2013 7 tis.<\/span><\/li>\n<li style=\"font-weight: 400;\" aria-level=\"1\"><span style=\"font-weight: 400;\">Hasi\u010di \u2013 ob\u010derstven\u00ed, 14 dn\u016f p\u0159ed akc\u00ed je t\u0159eba hasi\u010de kontaktovat<\/span><\/li>\n<li style=\"font-weight: 400;\" aria-level=\"1\"><span style=\"font-weight: 400;\">Judo Beskydy &#8211; symbolick\u00fd honor\u00e1\u0159 3tis. cca.<\/span><\/li>\n<li style=\"font-weight: 400;\" aria-level=\"1\"><span style=\"font-weight: 400;\">Malov\u00e1n\u00ed na obli\u010dej \u2013 oslov\u00ed Mirek Kulla (Kamila)<\/span><\/li>\n<li style=\"font-weight: 400;\" aria-level=\"1\"><span style=\"font-weight: 400;\">Pleten\u00ed cop\u00e1nk\u016f \u2013 Martina Holbojov\u00e1<\/span><\/li>\n<li style=\"font-weight: 400;\" aria-level=\"1\"><span style=\"font-weight: 400;\">P. Kaletov\u00e1 Li\u0161tn\u00e1 \u2013 pon\u00edky a p. Kawalczyk &#8211;&nbsp; kon\u011b \u2013 oslov\u00ed Tadeusz Czapla<\/span><\/li>\n<li style=\"font-weight: 400;\" aria-level=\"1\"><span style=\"font-weight: 400;\">Malov\u00e1n\u00ed d\u011btem na obli\u010dej, tvo\u0159iv\u00e1 d\u00edlni\u010dka, prodej d\u0159ev\u011bn\u00fdch v\u00fdrobk\u016f \u2013 Darina Bur\u00e1<\/span><\/li>\n<li style=\"font-weight: 400;\" aria-level=\"1\"><span style=\"font-weight: 400;\">Sk\u00e1kac\u00ed hrad, cukrov\u00e1 vata, popcorn \u2013 kontakt na Agenturu m\u00e1 Andrea Jochymkov\u00e1<\/span><\/li>\n<\/ul>\n<p><b><\/b><\/p>\n<ul>\n<li aria-level=\"1\"><b>Prostorov\u00e9 mo\u017enosti \u2013 p\u00f3dium, ozvu\u010den\u00ed<\/b><\/li>\n<\/ul>\n<ul>\n<li style=\"font-weight: 400;\" aria-level=\"1\"><span style=\"font-weight: 400;\">Agentura LS Audio p. Sajdok \u2013 cena 40 tis. zahrnuje ozvu\u010den\u00ed, zvu\u010den\u00ed, mont\u00e1\u017e a demont\u00e1\u017e p\u00f3dia 6&#215;8 m.&nbsp; Zvu\u010den\u00ed do 22 hod., pak DJ se svou aparaturou.<\/span><\/li>\n<li style=\"font-weight: 400;\" aria-level=\"1\"><span style=\"font-weight: 400;\">N\u00e1jem venkovn\u00edch prostor, elekt\u0159ina, s\u00e1l, WC od p. Ga\u0161para \u2013 oslov\u00ed Tadeusz Czapla<\/span><\/li>\n<\/ul>\n<p><b><\/b><\/p>\n<ul>\n<li aria-level=\"1\"><b>Ob\u010derstven\u00ed<\/b><\/li>\n<\/ul>\n<ul>\n<li style=\"font-weight: 400;\" aria-level=\"1\"><span style=\"font-weight: 400;\">Maso \u2013 rodina Kullova<\/span><\/li>\n<li style=\"font-weight: 400;\" aria-level=\"1\"><span style=\"font-weight: 400;\">Z\u00e1kusky a cukrovinky \u2013 rozd\u011bleno<\/span><\/li>\n<li style=\"font-weight: 400;\" aria-level=\"1\"><span style=\"font-weight: 400;\">K\u00e1va &#8211;&nbsp; fa Belko \u2013 spln\u011bno, pravd\u011bpodobn\u011b bude st\u00e1nek, budou n\u00e1s kontaktovat<\/span><\/li>\n<li style=\"font-weight: 400;\" aria-level=\"1\"><span style=\"font-weight: 400;\">Alkohol, pivo \u2013 Spolek,&nbsp;<\/span><\/li>\n<li style=\"font-weight: 400;\" aria-level=\"1\"><span style=\"font-weight: 400;\">alkohol objedn\u00e1vka u fa Szczuka z&nbsp;N\u00e1vs\u00ed \u2013 pop\u0159\u00edpad\u011b jinde s&nbsp;mo\u017enost\u00ed odb\u011bru na komis,&nbsp;<\/span><\/li>\n<li style=\"font-weight: 400;\" aria-level=\"1\"><span style=\"font-weight: 400;\">pivo \u2013 mo\u017enost objednat u pan\u00ed Moniky Lipovsk\u00e9 + zap\u016fj\u010den\u00ed v\u00fd\u010depn\u00edho za\u0159\u00edzen\u00ed,<\/span><\/li>\n<\/ul>\n<p><b><\/b><\/p>\n<ul>\n<li aria-level=\"1\"><b>Nejbli\u017e\u0161\u00ed jedn\u00e1n\u00ed<\/b><\/li>\n<\/ul>\n<ul>\n<li style=\"font-weight: 400;\" aria-level=\"1\"><span style=\"font-weight: 400;\">dal\u0161\u00ed Organiza\u010dn\u00ed sch\u016fze ke Dni Konsk\u00e9 \u2013 \u00fater\u00fd 25. 3 2025 v 18 hod.&nbsp;&nbsp;<\/span><\/li>\n<\/ul>\n<p><b><\/b><\/p>\n<ul>\n<li aria-level=\"1\"><b>Diskuse<\/b><\/li>\n<\/ul>\n<ul>\n<li style=\"font-weight: 400;\" aria-level=\"1\"><span style=\"font-weight: 400;\">Nato\u010den\u00ed Konsk\u00e9 dronem \u2013 prezentace na Dni Konsk\u00e9, p. Vojt\u011bch Sikora, cena 5 tis.<\/span><\/li>\n<li style=\"font-weight: 400;\" aria-level=\"1\"><span style=\"font-weight: 400;\">Pl\u00e1n rozm\u00edst\u011bn\u00ed st\u00e1nk\u016f, p\u00f3dia, sk\u00e1kac\u00edho kradu, hasi\u010di, posezen\u00ed \u2013 \u0161et\u0159en\u00ed na m\u00edst\u011b, parkovac\u00ed&nbsp; m\u00edsto&nbsp; &#8211; na pozemku p. Ale\u0161e Raszky<\/span><\/li>\n<li style=\"font-weight: 400;\" aria-level=\"1\"><span style=\"font-weight: 400;\">Rozpo\u010det \u2013 celkem 163 tis. K\u010d, program 73 tis. K\u010d, ostatn\u00ed n\u00e1klady&nbsp; &#8211; p\u00f3dium, n\u00e1jem reklama, security, lavice a stoly 95 tis. K\u010d.&nbsp;<\/span><\/li>\n<li style=\"font-weight: 400;\" aria-level=\"1\"><span style=\"font-weight: 400;\">Zp\u016fsob z\u00edsk\u00e1n\u00ed financ\u00ed \u2013 Participativn\u00ed rozpo\u010det m\u011bsta T\u0159inec 30 tis. K\u010d, vstupn\u00e9 \u2013 asi 18 tis. K\u010d., d\u00e1le sponzorsk\u00e9 dary.&nbsp;<\/span><\/li>\n<li style=\"font-weight: 400;\" aria-level=\"1\"><span style=\"font-weight: 400;\">\u010casov\u00fd p\u00e1n akce sestaven \u2013 p\u0159iv\u00edt\u00e1n\u00ed, vystoupen\u00ed skupin, p\u0159edstaven\u00ed sponzor\u016f atd. Nap\u0159. tombola v&nbsp;18 hod. a vystoupen\u00ed skupiny Blaf v&nbsp;19 h.<\/span><\/li>\n<li style=\"font-weight: 400;\" aria-level=\"1\"><span style=\"font-weight: 400;\">Spole\u010dn\u011b rozhodnuto o zru\u0161en\u00ed vystoupen\u00ed Jablunkovjanky, Cimb\u00e1lov\u00e9 muziky. Vystoupen\u00ed Labajovc\u016f zat\u00edm z\u016fst\u00e1v\u00e1, podle toho jak potvrd\u00ed \u00fa\u010dast ostatn\u00ed kapely.<\/span><\/li>\n<\/ul>\n<p><b><\/b><\/p>\n<ul>\n<li aria-level=\"1\"><b>\u00dakoly<\/b><\/li>\n<\/ul>\n<ul>\n<li style=\"list-style-type: none;\">\n<ul>\n<li style=\"font-weight: 400;\" aria-level=\"1\"><span style=\"font-weight: 400;\">Oslovit ostatn\u00ed organizace s&nbsp;\u017e\u00e1dost\u00ed o zap\u016fj\u010den\u00ed stol\u016f, lavic a invent\u00e1\u0159e &#8211; spln\u011bno<\/span><\/li>\n<li style=\"font-weight: 400;\" aria-level=\"1\"><span style=\"font-weight: 400;\">Kontaktovat Osadn\u00ed v\u00fdbor Podles\u00ed \u2013 spln\u011bno, zat\u00edm bez odezvy, urgence<\/span><\/li>\n<li style=\"font-weight: 400;\" aria-level=\"1\"><span style=\"font-weight: 400;\">Pokosen\u00ed h\u0159i\u0161t\u011b \u2013 Roman B\u0159ezina zajist\u00ed u m\u011bsta<\/span><\/li>\n<li style=\"font-weight: 400;\" aria-level=\"1\"><span style=\"font-weight: 400;\">Tvorba vzoru \u017e\u00e1dosti o sponzoring &#8211; spln\u011bno<\/span><\/li>\n<li style=\"font-weight: 400;\" aria-level=\"1\"><span style=\"font-weight: 400;\">Oslovit sponzory \u2013 prob\u00edh\u00e1 \u2013 viz. Pracovn\u00ed organiza\u010dn\u00ed tabulka<\/span><\/li>\n<li style=\"font-weight: 400;\" aria-level=\"1\"><span style=\"font-weight: 400;\">Tombola \u2013 m\u016f\u017ee prob\u011bhnout, v z\u00e1vislosti na sponzorsk\u00fdch darech<\/span><\/li>\n<\/ul>\n<\/li>\n<\/ul>\n<ul>\n<li aria-level=\"1\"><span style=\"font-weight: 400;\">Magnetky ke Dni Konsk\u00e9 , d\u00e1le tri\u010dka s&nbsp;klasick\u00fdm logem, tri\u010dka se speci\u00e1ln\u00edm logem, reklama Hutn\u00edk \u2013 rozpo\u010det asi 18 tis.<\/span><\/li>\n<\/ul>\n<ul>\n<li aria-level=\"1\"><span style=\"font-weight: 400;\">Elektrocentr\u00e1la \u2013 zap\u016fj\u010den\u00ed od p. Kavalczyka \u2013 oslov\u00ed p. Ale\u0161 Raszka<\/span><\/li>\n<\/ul>\n<ul>\n<li aria-level=\"1\"><span style=\"font-weight: 400;\">Pivovar Kon\u00ed\u010dek \u2013 oslov\u00ed Tadeusz Czapla<\/span><\/li>\n<\/ul>\n<ul>\n<li style=\"font-weight: 400;\" aria-level=\"1\"><span style=\"font-weight: 400;\">S \u017e\u00e1dost\u00ed o n\u00e1vrh speci\u00e1ln\u00edho loga k oslav\u00e1m Dne Konsk\u00e9&nbsp; &#8211; oslov\u00ed p. Kubienie Tadeusz Czapla.<\/span><\/li>\n<\/ul>\n<p>Origin\u00e1l: <a href=\"https:\/\/spolek.konska-osuvky.cz\/wp-content\/uploads\/2025\/04\/Zapis-Schuze-Den-Konske-2-overeno.docx.pdf\">Z\u00e1pis &#8211; Sch\u016fze Den Konsk\u00e9 2 &#8211; ov\u011b\u0159eno.docx<\/a><\/p>\n<p><i><span style=\"font-weight: 400;\">V&nbsp;Konsk\u00e9 dne: <\/span><\/i> <i><span style=\"font-weight: 400;\">11.2.2025<\/span><\/i><\/p>\n<p><i><span style=\"font-weight: 400;\">Autor:<\/span><\/i> <i><span style=\"font-weight: 400;\">I. Konderlov\u00e1<\/span><\/i><\/p>\n<p><i><span style=\"font-weight: 400;\">Ov\u011b\u0159ovatel: <\/span><\/i> <i><span style=\"font-weight: 400;\">T. Czapla<\/span><\/i><\/p>","protected":false},"excerpt":{"rendered":"<p>Z\u00e1pis z&nbsp;druh\u00e9 organiza\u010dn\u00ed sch\u016fze ke Dni Konsk\u00e9 2025, Spolku \u201eZa rozvoj Konsk\u00e9\u201c&nbsp; &nbsp; Datum: 11. \u00fanora 2025 M\u00edsto: T\u0159inec \u2013 Konsk\u00e1 48, 739 61 T\u0159inec \u2013 Klubovna spolku P\u0159\u00edtomni: viz. prezen\u010dn\u00ed listina Online: David Konderla &nbsp; Program jedn\u00e1n\u00ed, t\u00e9mata a usnesen\u00ed: \u00davodn\u00ed slovo Uv\u00edt\u00e1n\u00ed p\u0159edsedou spolku, sezn\u00e1men\u00ed s&nbsp;programem.&nbsp; Organizace Dne Konsk\u00e9 &#8211; 720 let, datum [&hellip;]<\/p>","protected":false},"author":1,"featured_media":3613,"comment_status":"open","ping_status":"open","sticky":false,"template":"","format":"standard","meta":{"ngg_post_thumbnail":0,"footnotes":""},"categories":[6],"tags":[],"class_list":["post-5216","post","type-post","status-publish","format-standard","has-post-thumbnail","hentry","category-zapisy-ze-schuzi"],"blog_post_layout_featured_media_urls":{"thumbnail":["https:\/\/spolek.konska-osuvky.cz\/wp-content\/uploads\/2023\/01\/kniha-150x150.jpg",150,150,true],"full":["https:\/\/spolek.konska-osuvky.cz\/wp-content\/uploads\/2023\/01\/kniha.jpg",820,568,false]},"categories_names":{"6":{"name":"Z\u00e1pisy ze sch\u016fz\u00ed","link":"https:\/\/spolek.konska-osuvky.cz\/en\/category\/zapisy-ze-schuzi\/"}},"tags_names":[],"comments_number":"0","wpmagazine_modules_lite_featured_media_urls":{"thumbnail":["https:\/\/spolek.konska-osuvky.cz\/wp-content\/uploads\/2023\/01\/kniha-150x150.jpg",150,150,true],"cvmm-medium":["https:\/\/spolek.konska-osuvky.cz\/wp-content\/uploads\/2023\/01\/kniha.jpg",300,208,false],"cvmm-medium-plus":["https:\/\/spolek.konska-osuvky.cz\/wp-content\/uploads\/2023\/01\/kniha.jpg",299,207,false],"cvmm-portrait":["https:\/\/spolek.konska-osuvky.cz\/wp-content\/uploads\/2023\/01\/kniha.jpg",400,277,false],"cvmm-medium-square":["https:\/\/spolek.konska-osuvky.cz\/wp-content\/uploads\/2023\/01\/kniha.jpg",600,416,false],"cvmm-large":["https:\/\/spolek.konska-osuvky.cz\/wp-content\/uploads\/2023\/01\/kniha.jpg",820,568,false],"cvmm-small":["https:\/\/spolek.konska-osuvky.cz\/wp-content\/uploads\/2023\/01\/kniha.jpg",130,90,false],"full":["https:\/\/spolek.konska-osuvky.cz\/wp-content\/uploads\/2023\/01\/kniha.jpg",820,568,false]},"_links":{"self":[{"href":"https:\/\/spolek.konska-osuvky.cz\/en\/wp-json\/wp\/v2\/posts\/5216","targetHints":{"allow":["GET"]}}],"collection":[{"href":"https:\/\/spolek.konska-osuvky.cz\/en\/wp-json\/wp\/v2\/posts"}],"about":[{"href":"https:\/\/spolek.konska-osuvky.cz\/en\/wp-json\/wp\/v2\/types\/post"}],"author":[{"embeddable":true,"href":"https:\/\/spolek.konska-osuvky.cz\/en\/wp-json\/wp\/v2\/users\/1"}],"replies":[{"embeddable":true,"href":"https:\/\/spolek.konska-osuvky.cz\/en\/wp-json\/wp\/v2\/comments?post=5216"}],"version-history":[{"count":1,"href":"https:\/\/spolek.konska-osuvky.cz\/en\/wp-json\/wp\/v2\/posts\/5216\/revisions"}],"predecessor-version":[{"id":5217,"href":"https:\/\/spolek.konska-osuvky.cz\/en\/wp-json\/wp\/v2\/posts\/5216\/revisions\/5217"}],"wp:featuredmedia":[{"embeddable":true,"href":"https:\/\/spolek.konska-osuvky.cz\/en\/wp-json\/wp\/v2\/media\/3613"}],"wp:attachment":[{"href":"https:\/\/spolek.konska-osuvky.cz\/en\/wp-json\/wp\/v2\/media?parent=5216"}],"wp:term":[{"taxonomy":"category","embeddable":true,"href":"https:\/\/spolek.konska-osuvky.cz\/en\/wp-json\/wp\/v2\/categories?post=5216"},{"taxonomy":"post_tag","embeddable":true,"href":"https:\/\/spolek.konska-osuvky.cz\/en\/wp-json\/wp\/v2\/tags?post=5216"}],"curies":[{"name":"wp","href":"https:\/\/api.w.org\/{rel}","templated":true}]}}