{"id":5214,"date":"2025-04-18T14:45:01","date_gmt":"2025-04-18T12:45:01","guid":{"rendered":"https:\/\/spolek.konska-osuvky.cz\/?p=5214"},"modified":"2025-04-18T14:48:04","modified_gmt":"2025-04-18T12:48:04","slug":"zapis-z-prvni-organizacni-schuze-ke-dni-konske-2025","status":"publish","type":"post","link":"https:\/\/spolek.konska-osuvky.cz\/en\/zapisy-ze-schuzi\/zapis-z-prvni-organizacni-schuze-ke-dni-konske-2025\/","title":{"rendered":"Z\u00e1pis z\u00a0prvn\u00ed organiza\u010dn\u00ed sch\u016fze ke Dni Konsk\u00e9 2025"},"content":{"rendered":"<h1><span style=\"font-weight: 400;\">Z\u00e1pis z&nbsp;prvn\u00ed organiza\u010dn\u00ed sch\u016fze ke Dni Konsk\u00e9 2025,<\/span><\/h1>\n<h1><span style=\"font-weight: 400;\">Spolku \u201eZa rozvoj Konsk\u00e9\u201c&nbsp;<\/span><\/h1>\n<p>&nbsp;<\/p>\n<p><i><span style=\"font-weight: 400;\">Datum: <\/span><\/i> <i><span style=\"font-weight: 400;\">19. ledna 2025<\/span><\/i><\/p>\n<p><i><span style=\"font-weight: 400;\">M\u00edsto: <\/span><\/i> <i><span style=\"font-weight: 400;\">T\u0159inec \u2013 Konsk\u00e1 48, 739 61 T\u0159inec \u2013 Klubovna spolku<\/span><\/i><\/p>\n<p><i><span style=\"font-weight: 400;\">P\u0159\u00edtomni: <\/span><\/i> <i><span style=\"font-weight: 400;\">Tadeusz Czapla, Pavl\u00edna Skupie\u0148ov\u00e1, Jana \u0160matlavov\u00e1, Ilona Konderlov\u00e1,<\/span><\/i><\/p>\n<p><i><span style=\"font-weight: 400;\">&nbsp;<\/span><\/i> <i><span style=\"font-weight: 400;\">Helena Kullov\u00e1<\/span><\/i><\/p>\n<p><i><span style=\"font-weight: 400;\">Online:<\/span><\/i> <i><span style=\"font-weight: 400;\">David Konderla,<\/span><\/i><\/p>\n<p><i><span style=\"font-weight: 400;\">Omluveni:<\/span><\/i> <i><span style=\"font-weight: 400;\">Luk\u00e1\u0161 Kulla<\/span><\/i><\/p>\n<p>&nbsp;<\/p>\n<p><span style=\"font-weight: 400;\">Program jedn\u00e1n\u00ed, t\u00e9mata a usnesen\u00ed:<\/span><\/p>\n<p>&nbsp;<\/p>\n<ul>\n<li aria-level=\"1\"><b>\u00davodn\u00ed slovo<\/b><\/li>\n<\/ul>\n<p><span style=\"font-weight: 400;\">Uv\u00edt\u00e1n\u00ed p\u0159edsedou spolku, sezn\u00e1men\u00ed s&nbsp;programem. P\u0159iv\u00edt\u00e1ni host\u016f a z\u00e1stupc\u016f organizac\u00ed. SRP\u0160 \u2013 Andrea Jochymkov\u00e1, PZKO &#8211; David Szkandera, Spolek \u201eZa rozvoj Os\u016fvek\u201c \u2013 Danu\u0161e Ko\u017euchov\u00e1<\/span><\/p>\n<p>&nbsp;<\/p>\n<ul>\n<li aria-level=\"1\"><b>Organizace Dne Konsk\u00e9 &#8211; 720 let, datum kon\u00e1n\u00ed 20.9.2025<\/b><\/li>\n<\/ul>\n<p><b>Program:<\/b><\/p>\n<ul>\n<li aria-level=\"1\"><span style=\"font-weight: 400;\">Memori\u00e1l Radka Ciencialy \u2013 fotbalov\u00e1\u00fd turnaj v&nbsp;dopoledn\u00edch hodin\u00e1ch \u2013 do 14 h.<\/span><\/li>\n<\/ul>\n<ul>\n<li style=\"font-weight: 400;\" aria-level=\"1\"><span style=\"font-weight: 400;\">N\u00e1vrh kulturn\u00edho programu \u2013 oslovit v\u0161echny v\u011bkov\u00e9 kategorie<\/span><\/li>\n<li style=\"font-weight: 400;\" aria-level=\"1\"><span style=\"font-weight: 400;\">Vystoupen\u00ed d\u011bt\u00ed M\u0160 a Z\u0160 \u2013 pan\u00ed u\u010ditelky oslov\u00ed Andrea Jochymkov\u00e1<\/span><\/li>\n<li style=\"font-weight: 400;\" aria-level=\"1\"><span style=\"font-weight: 400;\">Folklorn\u00ed vystoupen\u00ed \u2013 Cimb\u00e1lov\u00e1 muzika Petr Kou\u0159il \u2013 oslov\u00ed Franti\u0161ek Kulla<\/span><\/li>\n<li style=\"font-weight: 400;\" aria-level=\"1\"><span style=\"font-weight: 400;\">Jablunkovjanka \u2013 oslov\u00ed Tadeusz Czapla<\/span><\/li>\n<li style=\"font-weight: 400;\" aria-level=\"1\"><span style=\"font-weight: 400;\">Rokov\u00e1 kapela z&nbsp;Brna \u2013 oslov\u00ed David Konderla<\/span><\/li>\n<li style=\"font-weight: 400;\" aria-level=\"1\"><span style=\"font-weight: 400;\">Kapela rodiny Bezecn\u00fdch &#8211; oslov\u00ed Tadeusz Czapla<\/span><\/li>\n<li style=\"font-weight: 400;\" aria-level=\"1\"><span style=\"font-weight: 400;\">Blaf \u2013 oslov\u00ed Martina Holbojov\u00e1<\/span><\/li>\n<li style=\"font-weight: 400;\" aria-level=\"1\"><span style=\"font-weight: 400;\">Kapela \u0160t\u011bp\u00e1na Zaremby \u2013 oslov\u00ed Miroslav Kulla<\/span><\/li>\n<li style=\"font-weight: 400;\" aria-level=\"1\"><span style=\"font-weight: 400;\">Kapela MMP \u2013 oslov\u00ed Tadeusz Czapla<\/span><\/li>\n<li style=\"font-weight: 400;\" aria-level=\"1\"><span style=\"font-weight: 400;\">DJ \u2013 Tadeusz Czapla<\/span><\/li>\n<li style=\"font-weight: 400;\" aria-level=\"1\"><span style=\"font-weight: 400;\">Hasi\u010di \u2013 oslov\u00ed Miroslav Kulla<\/span><\/li>\n<li style=\"font-weight: 400;\" aria-level=\"1\"><span style=\"font-weight: 400;\">P. Kaletov\u00e1 Li\u0161tn\u00e1 \u2013 pon\u00edky a p. Kawalczyk &#8211;&nbsp; kon\u011b \u2013 oslov\u00ed Tadeusz Czapla<\/span><\/li>\n<li style=\"font-weight: 400;\" aria-level=\"1\"><span style=\"font-weight: 400;\">Malov\u00e1n\u00ed d\u011btem na obli\u010dej, tvo\u0159iv\u00e1 d\u00edlni\u010dka, prodej d\u0159ev\u011bn\u00fdch v\u00fdrobk\u016f \u2013 Darina Bur\u00e1<\/span><\/li>\n<li style=\"font-weight: 400;\" aria-level=\"1\"><span style=\"font-weight: 400;\">Sk\u00e1kac\u00ed hrad, cukrov\u00e1 vata, popcorn \u2013 Agenturu oslov\u00ed Andrea Jochymkov\u00e1<\/span><\/li>\n<\/ul>\n<p>&nbsp;<\/p>\n<ul>\n<li aria-level=\"1\"><b>Prostorov\u00e9 mo\u017enosti \u2013 p\u00f3dium, ozvu\u010den\u00ed<\/b><\/li>\n<\/ul>\n<ul>\n<li style=\"font-weight: 400;\" aria-level=\"1\"><span style=\"font-weight: 400;\">Agentura Sajdok \u2013 oslov\u00ed Tadeusz Czapla<\/span><\/li>\n<li style=\"font-weight: 400;\" aria-level=\"1\"><span style=\"font-weight: 400;\">N\u00e1jem venkovn\u00edch prostor, elekt\u0159ina, s\u00e1l, WC od p. Ga\u0161para \u2013 oslov\u00ed Tadeusz Czapla<\/span><\/li>\n<\/ul>\n<p>&nbsp;<\/p>\n<ul>\n<li aria-level=\"1\"><b>Ob\u010derstven\u00ed<\/b><\/li>\n<\/ul>\n<ul>\n<li style=\"font-weight: 400;\" aria-level=\"1\"><span style=\"font-weight: 400;\">Maso \u2013 rodina Kullova<\/span><\/li>\n<li style=\"font-weight: 400;\" aria-level=\"1\"><span style=\"font-weight: 400;\">Z\u00e1kusky a cukrovinky \u2013 oslov\u00ed se hospody\u0148ky<\/span><\/li>\n<li style=\"font-weight: 400;\" aria-level=\"1\"><span style=\"font-weight: 400;\">K\u00e1va &#8211;&nbsp; fa Belko \u2013 oslov\u00ed Ilona Konderlov\u00e1<\/span><\/li>\n<li style=\"font-weight: 400;\" aria-level=\"1\"><span style=\"font-weight: 400;\">Alkohol, pivo \u2013 Spolek, alkohol objedn\u00e1vka u firmy z&nbsp;N\u00e1vs\u00ed, pivo \u2013 objednat u pan\u00ed Moniky Lipovsk\u00e9 + chla\u010f\u00e1k<\/span><\/li>\n<\/ul>\n<p>&nbsp;<\/p>\n<ul>\n<li aria-level=\"1\"><b>Nejbli\u017e\u0161\u00ed jedn\u00e1n\u00ed<\/b><\/li>\n<\/ul>\n<ul>\n<li style=\"list-style-type: none;\">\n<ul>\n<li style=\"font-weight: 400;\" aria-level=\"1\"><span style=\"font-weight: 400;\">dal\u0161\u00ed Organiza\u010dn\u00ed sch\u016fze ke Dni Konsk\u00e9 &#8211; 11. 2 2025 v 18 hod.&nbsp;&nbsp;<\/span><\/li>\n<li style=\"font-weight: 400;\" aria-level=\"1\"><span style=\"font-weight: 400;\">Zalo\u017een\u00ed organiza\u010dn\u00ed skupinky<\/span><\/li>\n<\/ul>\n<\/li>\n<\/ul>\n<ul>\n<li aria-level=\"1\">&nbsp;<\/li>\n<\/ul>\n<ul>\n<li aria-level=\"1\"><b>Diskuse<\/b><\/li>\n<\/ul>\n<ul>\n<li style=\"font-weight: 400;\" aria-level=\"1\"><span style=\"font-weight: 400;\">Oslavy dne Konsk\u00e9. V leto\u0161n\u00edm roce prob\u011bhne v\u00fdro\u010d\u00ed 720 let od zalo\u017een\u00ed Konsk\u00e9. Bude pot\u0159eba sepsat \u017e\u00e1dost o grant m\u011bsta na tuto akci. Tato akce bude pot\u0159ebovat velkou anga\u017eovanost ob\u010dan\u016f Konsk\u00e9.<\/span><\/li>\n<\/ul>\n<p>&nbsp;<\/p>\n<ul>\n<li style=\"font-weight: 400;\" aria-level=\"1\"><span style=\"font-weight: 400;\">Spolupr\u00e1ce se SRP\u0160 a ostatn\u00edmi organizacemi p\u016fsob\u00edc\u00edmi v&nbsp;na\u0161i m\u011bstsk\u00e9 \u010d\u00e1sti.<\/span><\/li>\n<\/ul>\n<p>&nbsp;<\/p>\n<ul>\n<li aria-level=\"1\"><b>\u00dakoly<\/b><\/li>\n<\/ul>\n<ul>\n<li style=\"list-style-type: none;\">\n<ul>\n<li style=\"font-weight: 400;\" aria-level=\"1\"><span style=\"font-weight: 400;\">Oslovit ostatn\u00ed organizace s&nbsp;\u017e\u00e1dost\u00ed o zap\u016fj\u010den\u00ed stol\u016f, lavic a invent\u00e1\u0159e<\/span><\/li>\n<li style=\"font-weight: 400;\" aria-level=\"1\"><span style=\"font-weight: 400;\">Kontaktovat Osadn\u00ed v\u00fdbor Podles\u00ed \u2013 Tadeusz Czapla<\/span><\/li>\n<li style=\"font-weight: 400;\" aria-level=\"1\"><span style=\"font-weight: 400;\">Pokosen\u00ed h\u0159i\u0161t\u011b \u2013 Roman B\u0159ezina zajist\u00ed u m\u011bsta<\/span><\/li>\n<li style=\"font-weight: 400;\" aria-level=\"1\"><span style=\"font-weight: 400;\">Oslovit sponzory \u2013 \u017d\u00e1dost nap\u00ed\u0161e David Konderla<\/span><\/li>\n<li style=\"font-weight: 400;\" aria-level=\"1\"><span style=\"font-weight: 400;\">Tombola ?<\/span><\/li>\n<\/ul>\n<\/li>\n<\/ul>\n<ul>\n<li aria-level=\"1\"><span style=\"font-weight: 400;\">Magnetky ke Dni Konsk\u00e9 \u2013 cenu zjist\u00ed Martina Holbojov\u00e1<\/span><\/li>\n<\/ul>\n<p>Origin\u00e1l:&nbsp;<\/p>\n<p><i><span style=\"font-weight: 400;\">V&nbsp;Konsk\u00e9 dne: <\/span><\/i> <i><span style=\"font-weight: 400;\">19.1.2025<\/span><\/i><\/p>\n<p><i><span style=\"font-weight: 400;\">Autor:<\/span><\/i> <i><span style=\"font-weight: 400;\">I. Konderlov\u00e1<\/span><\/i><\/p>\n<p><i><span style=\"font-weight: 400;\">Ov\u011b\u0159ovatel: <\/span><\/i> <i><span style=\"font-weight: 400;\">T. Czapla<\/span><\/i><\/p>","protected":false},"excerpt":{"rendered":"<p>Z\u00e1pis z&nbsp;prvn\u00ed organiza\u010dn\u00ed sch\u016fze ke Dni Konsk\u00e9 2025, Spolku \u201eZa rozvoj Konsk\u00e9\u201c&nbsp; &nbsp; Datum: 19. ledna 2025 M\u00edsto: T\u0159inec \u2013 Konsk\u00e1 48, 739 61 T\u0159inec \u2013 Klubovna spolku P\u0159\u00edtomni: Tadeusz Czapla, Pavl\u00edna Skupie\u0148ov\u00e1, Jana \u0160matlavov\u00e1, Ilona Konderlov\u00e1, &nbsp; Helena Kullov\u00e1 Online: David Konderla, Omluveni: Luk\u00e1\u0161 Kulla &nbsp; Program jedn\u00e1n\u00ed, t\u00e9mata a usnesen\u00ed: &nbsp; \u00davodn\u00ed slovo [&hellip;]<\/p>","protected":false},"author":1,"featured_media":0,"comment_status":"open","ping_status":"open","sticky":false,"template":"","format":"standard","meta":{"ngg_post_thumbnail":0,"footnotes":""},"categories":[6],"tags":[],"class_list":["post-5214","post","type-post","status-publish","format-standard","hentry","category-zapisy-ze-schuzi"],"blog_post_layout_featured_media_urls":{"thumbnail":"","full":""},"categories_names":{"6":{"name":"Z\u00e1pisy ze sch\u016fz\u00ed","link":"https:\/\/spolek.konska-osuvky.cz\/en\/category\/zapisy-ze-schuzi\/"}},"tags_names":[],"comments_number":"0","wpmagazine_modules_lite_featured_media_urls":{"thumbnail":"","cvmm-medium":"","cvmm-medium-plus":"","cvmm-portrait":"","cvmm-medium-square":"","cvmm-large":"","cvmm-small":"","full":""},"_links":{"self":[{"href":"https:\/\/spolek.konska-osuvky.cz\/en\/wp-json\/wp\/v2\/posts\/5214","targetHints":{"allow":["GET"]}}],"collection":[{"href":"https:\/\/spolek.konska-osuvky.cz\/en\/wp-json\/wp\/v2\/posts"}],"about":[{"href":"https:\/\/spolek.konska-osuvky.cz\/en\/wp-json\/wp\/v2\/types\/post"}],"author":[{"embeddable":true,"href":"https:\/\/spolek.konska-osuvky.cz\/en\/wp-json\/wp\/v2\/users\/1"}],"replies":[{"embeddable":true,"href":"https:\/\/spolek.konska-osuvky.cz\/en\/wp-json\/wp\/v2\/comments?post=5214"}],"version-history":[{"count":2,"href":"https:\/\/spolek.konska-osuvky.cz\/en\/wp-json\/wp\/v2\/posts\/5214\/revisions"}],"predecessor-version":[{"id":5220,"href":"https:\/\/spolek.konska-osuvky.cz\/en\/wp-json\/wp\/v2\/posts\/5214\/revisions\/5220"}],"wp:attachment":[{"href":"https:\/\/spolek.konska-osuvky.cz\/en\/wp-json\/wp\/v2\/media?parent=5214"}],"wp:term":[{"taxonomy":"category","embeddable":true,"href":"https:\/\/spolek.konska-osuvky.cz\/en\/wp-json\/wp\/v2\/categories?post=5214"},{"taxonomy":"post_tag","embeddable":true,"href":"https:\/\/spolek.konska-osuvky.cz\/en\/wp-json\/wp\/v2\/tags?post=5214"}],"curies":[{"name":"wp","href":"https:\/\/api.w.org\/{rel}","templated":true}]}}