{"id":5136,"date":"2025-04-14T20:52:09","date_gmt":"2025-04-14T18:52:09","guid":{"rendered":"https:\/\/spolek.konska-osuvky.cz\/?p=5136"},"modified":"2025-04-14T20:54:56","modified_gmt":"2025-04-14T18:54:56","slug":"jarni-uklid-klubovny","status":"publish","type":"post","link":"https:\/\/spolek.konska-osuvky.cz\/en\/novinky\/jarni-uklid-klubovny\/","title":{"rendered":"Jarn\u00ed \u00faklid klubovny"},"content":{"rendered":"<p><span style=\"font-family: arial, helvetica, sans-serif;\">Zveme V\u00e1s na \u00faklid klubovny \u201eZa rozvoj Konsk\u00e9\u201c a jej\u00edho okol\u00ed.<\/span><\/p>\n<p>&nbsp;<\/p>\n<p><span style=\"font-family: arial, helvetica, sans-serif;\">Kdy: 26.4.2025, ve 14 hodin.<\/span><\/p>\n<p>&nbsp;<\/p>\n<p><span style=\"font-family: arial, helvetica, sans-serif;\">Za \u00fa\u010dast p\u0159edem d\u011bkujeme.<\/span><\/p>\n<p>&nbsp;<\/p>\n<p><span style=\"font-family: arial, helvetica, sans-serif;\">V\u00fdbor spolku \u201eZa rozvoj Konsk\u00e9\u201c<\/span><\/p>","protected":false},"excerpt":{"rendered":"<p>Zveme V\u00e1s na \u00faklid klubovny \u201eZa rozvoj Konsk\u00e9\u201c a jej\u00edho okol\u00ed. &nbsp; Kdy: 26.4.2025, ve 14 hodin. &nbsp; Za \u00fa\u010dast p\u0159edem d\u011bkujeme. &nbsp; V\u00fdbor spolku \u201eZa rozvoj Konsk\u00e9\u201c<\/p>","protected":false},"author":1,"featured_media":5139,"comment_status":"open","ping_status":"open","sticky":false,"template":"","format":"standard","meta":{"ngg_post_thumbnail":0,"footnotes":""},"categories":[3,15],"tags":[],"class_list":["post-5136","post","type-post","status-publish","format-standard","has-post-thumbnail","hentry","category-novinky","category-udalost"],"blog_post_layout_featured_media_urls":{"thumbnail":["https:\/\/spolek.konska-osuvky.cz\/wp-content\/uploads\/2025\/04\/jarni-uklid-1-150x150.png",150,150,true],"full":["https:\/\/spolek.konska-osuvky.cz\/wp-content\/uploads\/2025\/04\/jarni-uklid-1.png",575,404,false]},"categories_names":{"3":{"name":"News","link":"https:\/\/spolek.konska-osuvky.cz\/en\/category\/novinky\/"},"15":{"name":"Ud\u00e1lost","link":"https:\/\/spolek.konska-osuvky.cz\/en\/category\/udalost\/"}},"tags_names":[],"comments_number":"0","wpmagazine_modules_lite_featured_media_urls":{"thumbnail":["https:\/\/spolek.konska-osuvky.cz\/wp-content\/uploads\/2025\/04\/jarni-uklid-1-150x150.png",150,150,true],"cvmm-medium":["https:\/\/spolek.konska-osuvky.cz\/wp-content\/uploads\/2025\/04\/jarni-uklid-1-300x300.png",300,300,true],"cvmm-medium-plus":["https:\/\/spolek.konska-osuvky.cz\/wp-content\/uploads\/2025\/04\/jarni-uklid-1-305x207.png",305,207,true],"cvmm-portrait":["https:\/\/spolek.konska-osuvky.cz\/wp-content\/uploads\/2025\/04\/jarni-uklid-1-400x404.png",400,404,true],"cvmm-medium-square":["https:\/\/spolek.konska-osuvky.cz\/wp-content\/uploads\/2025\/04\/jarni-uklid-1.png",575,404,false],"cvmm-large":["https:\/\/spolek.konska-osuvky.cz\/wp-content\/uploads\/2025\/04\/jarni-uklid-1.png",575,404,false],"cvmm-small":["https:\/\/spolek.konska-osuvky.cz\/wp-content\/uploads\/2025\/04\/jarni-uklid-1-130x95.png",130,95,true],"full":["https:\/\/spolek.konska-osuvky.cz\/wp-content\/uploads\/2025\/04\/jarni-uklid-1.png",575,404,false]},"_links":{"self":[{"href":"https:\/\/spolek.konska-osuvky.cz\/en\/wp-json\/wp\/v2\/posts\/5136","targetHints":{"allow":["GET"]}}],"collection":[{"href":"https:\/\/spolek.konska-osuvky.cz\/en\/wp-json\/wp\/v2\/posts"}],"about":[{"href":"https:\/\/spolek.konska-osuvky.cz\/en\/wp-json\/wp\/v2\/types\/post"}],"author":[{"embeddable":true,"href":"https:\/\/spolek.konska-osuvky.cz\/en\/wp-json\/wp\/v2\/users\/1"}],"replies":[{"embeddable":true,"href":"https:\/\/spolek.konska-osuvky.cz\/en\/wp-json\/wp\/v2\/comments?post=5136"}],"version-history":[{"count":3,"href":"https:\/\/spolek.konska-osuvky.cz\/en\/wp-json\/wp\/v2\/posts\/5136\/revisions"}],"predecessor-version":[{"id":5141,"href":"https:\/\/spolek.konska-osuvky.cz\/en\/wp-json\/wp\/v2\/posts\/5136\/revisions\/5141"}],"wp:featuredmedia":[{"embeddable":true,"href":"https:\/\/spolek.konska-osuvky.cz\/en\/wp-json\/wp\/v2\/media\/5139"}],"wp:attachment":[{"href":"https:\/\/spolek.konska-osuvky.cz\/en\/wp-json\/wp\/v2\/media?parent=5136"}],"wp:term":[{"taxonomy":"category","embeddable":true,"href":"https:\/\/spolek.konska-osuvky.cz\/en\/wp-json\/wp\/v2\/categories?post=5136"},{"taxonomy":"post_tag","embeddable":true,"href":"https:\/\/spolek.konska-osuvky.cz\/en\/wp-json\/wp\/v2\/tags?post=5136"}],"curies":[{"name":"wp","href":"https:\/\/api.w.org\/{rel}","templated":true}]}}