{"id":5021,"date":"2025-01-14T13:26:41","date_gmt":"2025-01-14T11:26:41","guid":{"rendered":"https:\/\/spolek.konska-osuvky.cz\/?p=5021"},"modified":"2025-01-14T13:34:04","modified_gmt":"2025-01-14T11:34:04","slug":"zapis-ze-schuze-spolku-za-rozvoj-konske-9-1-2025","status":"publish","type":"post","link":"https:\/\/spolek.konska-osuvky.cz\/en\/novinky\/zapis-ze-schuze-spolku-za-rozvoj-konske-9-1-2025\/","title":{"rendered":"Z\u00e1pis ze sch\u016fze spolku Za rozvoj Konsk\u00e9 9.1.2025"},"content":{"rendered":"<h1>Z\u00e1pis z jedn\u00e1n\u00ed v\u00fdboru Spolku \u201eZa rozvoj Konsk\u00e9\u201c&nbsp; 01\/2025<\/h1>\n<p>&nbsp;<\/p>\n<p><em>Datum: &nbsp;&nbsp;&nbsp;&nbsp;&nbsp;&nbsp;&nbsp;&nbsp;&nbsp;&nbsp;&nbsp;&nbsp;&nbsp;&nbsp; 09. ledna 2025<\/em><\/p>\n<p><em>M\u00edsto: &nbsp;&nbsp;&nbsp;&nbsp;&nbsp;&nbsp;&nbsp;&nbsp;&nbsp;&nbsp;&nbsp;&nbsp;&nbsp;&nbsp;&nbsp;&nbsp;&nbsp; T\u0159inec \u2013 Konsk\u00e1 48, 739 61 T\u0159inec \u2013 Klubovna spolku<\/em><\/p>\n<p><em>P\u0159\u00edtomni: &nbsp;&nbsp;&nbsp;&nbsp;&nbsp;&nbsp;&nbsp;&nbsp;&nbsp;&nbsp;&nbsp; Tadeusz Czapla, Pavl\u00edna Skupie\u0148ov\u00e1, Jana \u0160matlavov\u00e1, Ilona Konderlov\u00e1<\/em><\/p>\n<p><em>Omluveni:&nbsp;&nbsp;&nbsp;&nbsp;&nbsp;&nbsp;&nbsp;&nbsp;&nbsp;&nbsp; David Kondrela, Luk\u00e1\u0161 Kulla, Helena Kullov\u00e1<\/em><\/p>\n<p>&nbsp;<\/p>\n<p><u>Program jedn\u00e1n\u00ed, t\u00e9mata a usnesen\u00ed:<\/u><\/p>\n<p><u>&nbsp;<\/u><\/p>\n<ul>\n<li><strong>\u00davodn\u00ed slovo<\/strong><\/li>\n<\/ul>\n<p>Uv\u00edt\u00e1n\u00ed p\u0159edsedou spolku, sezn\u00e1men\u00ed s&nbsp;programem.<\/p>\n<p>&nbsp;<\/p>\n<ul>\n<li><strong>P\u0159ed\u00e1n\u00ed pokladny a funkce pokladn\u00edka spolku <\/strong><\/li>\n<\/ul>\n<p>Prob\u011bhlo p\u0159ed\u00e1n\u00ed pokladny \u2013 pokladn\u00ed dokumentace a pokladn\u00ed hotovosti p. Ond\u0159eje Kully &#8211; p. Ilon\u011b Konderlov\u00e9. Rozd\u011blen\u00ed zbytku funkc\u00ed v&nbsp;r\u00e1mci v\u00fdboru z\u016fst\u00e1v\u00e1 nem\u011bnn\u00e9.<\/p>\n<p>&nbsp;<\/p>\n<p><strong>Pl\u00e1n \u010dinnosti spolku Za rozvoj Konsk\u00e9 2025 \u2013 term\u00edny akc\u00ed<\/strong><\/p>\n<ul>\n<li>T\u0159\u00edkr\u00e1lov\u00fd ve\u010der &#8211; 4. 1.2025<\/li>\n<li>P\u0159edn\u00e1\u0161ka o prvn\u00ed pomoci \u2013 p. Roman Bezecn\u00fd \u2013 23. 2. 2025 v&nbsp;16:00 v&nbsp;klubovn\u011b spolku,<\/li>\n<li>Turnaj ve stoln\u00edm tenise \u2013 8. 3. 2025 \u2013 od 12:00 v&nbsp;t\u011blocvi\u010dn\u011b m\u00edstn\u00ed z\u00e1kladn\u00ed \u0161koly,<\/li>\n<li>Den Zem\u011b \u2013 26. 4.2025 \u2013 \u00faklid Klubovny a okol\u00ed, mo\u017en\u00e9 zapojen\u00ed do iniciativy osadn\u00edho v\u00fdboru ve spolupr\u00e1ci s&nbsp;jin\u00fdmi spolky na\u0161\u00ed m\u00edstn\u00ed \u010d\u00e1sti,<\/li>\n<li>Vaje\u010dina \u2013 31. 5. 2025 \u2013 klubovna spolku,<\/li>\n<li>P\u0159edn\u00e1\u0161ka o amat\u00e9rsk\u00e9m focen\u00ed a fotografick\u00e1 sout\u011b\u017e \u2013 s p. Markem Such\u00fdm \u2013 po dohod\u011b v&nbsp;term\u00ednu kv\u011bten a\u017e \u010derven 2025,<\/li>\n<li>Den Konsk\u00e9 + Memori\u00e1l Radka Ciencialy \u2013 20.9.2025,<\/li>\n<li>V\u00fdlet do Brna \u2013 \u0159\u00edjen 2025, organiz\u00e1tor p. David Konderla,<\/li>\n<li>\u201ePorachunki\u201c \u2013 bilan\u010dn\u00ed sch\u016fze po dni Konsk\u00e9 a vy\u00fa\u010dtov\u00e1n\u00ed \u2013 listopad 2025,<\/li>\n<li>Rozsv\u00edcen\u00ed V\u00e1no\u010dn\u00edho stromku \u2013 prosinec 2025.<\/li>\n<\/ul>\n<p>&nbsp;<\/p>\n<ul>\n<li><strong>Nejbli\u017e\u0161\u00ed jedn\u00e1n\u00ed<\/strong><\/li>\n<li>Organiza\u010dn\u00ed sch\u016fze ke Dni Konsk\u00e9 &#8211; 19. 1 2025 v 18 hod. \u2013 c\u00edlem sch\u016fzky je organizace Dne Konsk\u00e9 dle usnesen\u00ed \u010dlensk\u00e9 sch\u016fze ze dne 4.1.2025. P\u0159edpokl\u00e1d\u00e1 se zalo\u017een\u00ed organiza\u010dn\u00ed skupinky akce a paraleln\u00ed \u010dinnost tohoto organiza\u010dn\u00edho v\u00fdboru Dne Konsk\u00e9, nez\u00e1visle na jedn\u00e1v\u00edch v\u00fdboru Spolku \u201eZa rozvoj Konsk\u00e9\u201c.<\/li>\n<\/ul>\n<p>&nbsp;<\/p>\n<ul>\n<li>P\u0159\u00ed\u0161t\u00ed jedn\u00e1n\u00ed v\u00fdboru Spolku Za rozvoj Konsk\u00e9 \u2013 5.2.2025 v&nbsp;19:00 v&nbsp;klubovn\u011b spolku \u2013 program jedn\u00e1n\u00ed \u2013 p\u0159\u00edprava p\u0159edn\u00e1\u0161ky o prvn\u00ed pomoci 23.2.2025 a rozd\u011blen\u00ed \u00fakol\u016f k&nbsp;organizaci Turnaje ve stoln\u00edm tenise 8.3.2025. Ostatn\u00ed t\u00e9mata dle pot\u0159eby.<\/li>\n<\/ul>\n<p>&nbsp;<\/p>\n<ul>\n<li><strong>Diskuse<\/strong><\/li>\n<li>Oslavy dne Konsk\u00e9. V leto\u0161n\u00edm roce prob\u011bhne v\u00fdro\u010d\u00ed 720 let od zalo\u017een\u00ed Konsk\u00e9. Bude pot\u0159eba sepsat \u017e\u00e1dost o grant m\u011bsta na tuto akci. Tato akce bude pot\u0159ebovat velkou anga\u017eovanost ob\u010dan\u016f Konsk\u00e9.<\/li>\n<\/ul>\n<p>&nbsp;<\/p>\n<ul>\n<li>Zalo\u017een\u00ed ofici\u00e1ln\u00edho profilu spolku \u201eZa rozvoj Konsk\u00e9\u201c na soci\u00e1ln\u00edch s\u00edt\u00edch \u2013 z\u0159ejm\u011b facebook.<\/li>\n<\/ul>\n<p>&nbsp;<\/p>\n<ul>\n<li>Spolupr\u00e1ce se SRP\u0160 a ostatn\u00edmi organizacemi p\u016fsob\u00edc\u00edmi v&nbsp;na\u0161i m\u011bstsk\u00e9 \u010d\u00e1sti.<\/li>\n<\/ul>\n<p>&nbsp;<\/p>\n<ul>\n<li><strong>\u00dakoly<\/strong><\/li>\n<li>Zp\u0159\u00edstupn\u011bn\u00ed online bankingu nov\u00e9 pokladn\u00ed \u2013 T. Czapla<\/li>\n<li>Vytvo\u0159en\u00ed komunika\u010dn\u00ed skupinky whatsapp pro v\u00fdbor spolku \u2013 T. Czapla<\/li>\n<li>Plak\u00e1t k&nbsp;organiza\u010dn\u00ed sch\u016fzce ke dni Konsk\u00e9 \u2013 T. Czapla<\/li>\n<li>Aktualizace kontakt\u016f na webu a historie v\u00fdbor\u016f \u2013 L. Kulla<\/li>\n<li>Dopln\u011bn\u00ed e-mailov\u00fdch adres do automatick\u00e9ho mailingu na webu \u2013 L. Kulla<\/li>\n<li>\u017d\u00e1dost o grant na celoro\u010dn\u00ed \u010dinnost spolku \u2013 D. Konderla a T. Czapla<\/li>\n<li>\u017d\u00e1dost o grant na akci \u201eDen konsk\u00e9\u201c \u2013 D. Konderla a T. Czapla<\/li>\n<li>Upload z\u00e1pis\u016f a grafick\u00fdch materi\u00e1l\u016f ze sch\u016fz\u00ed na web \u2013 L. Kulla<\/li>\n<li>Pokra\u010dov\u00e1n\u00ed seri\u00e1lu setk\u00e1n\u00ed \u201e\u010caj o p\u00e1t\u00e9\u201c \u2013 P. Skupie\u0148ov\u00e1, J. \u0160matlavov\u00e1, H. Kullov\u00e1,<\/li>\n<li>Sezn\u00e1men\u00ed se s&nbsp;\u00fa\u010detn\u00edmi z\u00e1le\u017eitostmi spolku, v&nbsp;p\u0159\u00edpad\u011b nejasnost\u00ed kontakt s&nbsp;b\u00fdval\u00fdm pokladn\u00edm \u2013 I. Konderlov\u00e1,<\/li>\n<li>Zalo\u017een\u00ed archivu spolku na google disku a archivace elektronick\u00fdch materi\u00e1l\u016f \u2013 L. Kulla, T. Czapla, I. Konderlov\u00e1,<\/li>\n<li>Sjedn\u00e1n\u00ed sch\u016fzky se SRP\u0160 ohledn\u011b organizace spole\u010dn\u00fdch akc\u00ed a n\u00e1vaznosti \u010dinnosti obou organizac\u00ed \u2013 T. Czapla<\/li>\n<\/ul>\n<p>&nbsp;<\/p>\n<p>&nbsp;<\/p>\n<p><em>&nbsp;<\/em><em>V&nbsp;Konsk\u00e9 dne: &nbsp;&nbsp; 13.1.2025<\/em><\/p>\n<p><em>Autor:&nbsp;&nbsp;&nbsp;&nbsp;&nbsp;&nbsp;&nbsp;&nbsp;&nbsp;&nbsp;&nbsp;&nbsp;&nbsp;&nbsp;&nbsp;&nbsp;&nbsp; I. Konderlov\u00e1<\/em><\/p>\n<p><em>Ov\u011b\u0159ovatel: &nbsp;&nbsp;&nbsp;&nbsp;&nbsp;&nbsp; T. Czapla<\/em><\/p>\n<p>&nbsp;<\/p>\n<p>Origin\u00e1l: <a href=\"https:\/\/spolek.konska-osuvky.cz\/wp-content\/uploads\/2025\/01\/Zapis-z-jednani-vyboru-Spolku-01-2025.pdf\">Z\u00e1pis z jedn\u00e1n\u00ed v\u00fdboru Spolku 01-2025<\/a><\/p>","protected":false},"excerpt":{"rendered":"<p>Z\u00e1pis z jedn\u00e1n\u00ed v\u00fdboru Spolku \u201eZa rozvoj Konsk\u00e9\u201c&nbsp; 01\/2025 &nbsp; Datum: &nbsp;&nbsp;&nbsp;&nbsp;&nbsp;&nbsp;&nbsp;&nbsp;&nbsp;&nbsp;&nbsp;&nbsp;&nbsp;&nbsp; 09. ledna 2025 M\u00edsto: &nbsp;&nbsp;&nbsp;&nbsp;&nbsp;&nbsp;&nbsp;&nbsp;&nbsp;&nbsp;&nbsp;&nbsp;&nbsp;&nbsp;&nbsp;&nbsp;&nbsp; T\u0159inec \u2013 Konsk\u00e1 48, 739 61 T\u0159inec \u2013 Klubovna spolku P\u0159\u00edtomni: &nbsp;&nbsp;&nbsp;&nbsp;&nbsp;&nbsp;&nbsp;&nbsp;&nbsp;&nbsp;&nbsp; Tadeusz Czapla, Pavl\u00edna Skupie\u0148ov\u00e1, Jana \u0160matlavov\u00e1, Ilona Konderlov\u00e1 Omluveni:&nbsp;&nbsp;&nbsp;&nbsp;&nbsp;&nbsp;&nbsp;&nbsp;&nbsp;&nbsp; David Kondrela, Luk\u00e1\u0161 Kulla, Helena Kullov\u00e1 &nbsp; Program jedn\u00e1n\u00ed, t\u00e9mata a usnesen\u00ed: &nbsp; \u00davodn\u00ed slovo Uv\u00edt\u00e1n\u00ed p\u0159edsedou [&hellip;]<\/p>","protected":false},"author":1,"featured_media":3613,"comment_status":"open","ping_status":"open","sticky":false,"template":"","format":"standard","meta":{"ngg_post_thumbnail":0,"footnotes":""},"categories":[3,6],"tags":[],"class_list":["post-5021","post","type-post","status-publish","format-standard","has-post-thumbnail","hentry","category-novinky","category-zapisy-ze-schuzi"],"blog_post_layout_featured_media_urls":{"thumbnail":["https:\/\/spolek.konska-osuvky.cz\/wp-content\/uploads\/2023\/01\/kniha-150x150.jpg",150,150,true],"full":["https:\/\/spolek.konska-osuvky.cz\/wp-content\/uploads\/2023\/01\/kniha.jpg",820,568,false]},"categories_names":{"3":{"name":"News","link":"https:\/\/spolek.konska-osuvky.cz\/en\/category\/novinky\/"},"6":{"name":"Z\u00e1pisy ze sch\u016fz\u00ed","link":"https:\/\/spolek.konska-osuvky.cz\/en\/category\/zapisy-ze-schuzi\/"}},"tags_names":[],"comments_number":"0","wpmagazine_modules_lite_featured_media_urls":{"thumbnail":["https:\/\/spolek.konska-osuvky.cz\/wp-content\/uploads\/2023\/01\/kniha-150x150.jpg",150,150,true],"cvmm-medium":["https:\/\/spolek.konska-osuvky.cz\/wp-content\/uploads\/2023\/01\/kniha.jpg",300,208,false],"cvmm-medium-plus":["https:\/\/spolek.konska-osuvky.cz\/wp-content\/uploads\/2023\/01\/kniha.jpg",299,207,false],"cvmm-portrait":["https:\/\/spolek.konska-osuvky.cz\/wp-content\/uploads\/2023\/01\/kniha.jpg",400,277,false],"cvmm-medium-square":["https:\/\/spolek.konska-osuvky.cz\/wp-content\/uploads\/2023\/01\/kniha.jpg",600,416,false],"cvmm-large":["https:\/\/spolek.konska-osuvky.cz\/wp-content\/uploads\/2023\/01\/kniha.jpg",820,568,false],"cvmm-small":["https:\/\/spolek.konska-osuvky.cz\/wp-content\/uploads\/2023\/01\/kniha.jpg",130,90,false],"full":["https:\/\/spolek.konska-osuvky.cz\/wp-content\/uploads\/2023\/01\/kniha.jpg",820,568,false]},"_links":{"self":[{"href":"https:\/\/spolek.konska-osuvky.cz\/en\/wp-json\/wp\/v2\/posts\/5021","targetHints":{"allow":["GET"]}}],"collection":[{"href":"https:\/\/spolek.konska-osuvky.cz\/en\/wp-json\/wp\/v2\/posts"}],"about":[{"href":"https:\/\/spolek.konska-osuvky.cz\/en\/wp-json\/wp\/v2\/types\/post"}],"author":[{"embeddable":true,"href":"https:\/\/spolek.konska-osuvky.cz\/en\/wp-json\/wp\/v2\/users\/1"}],"replies":[{"embeddable":true,"href":"https:\/\/spolek.konska-osuvky.cz\/en\/wp-json\/wp\/v2\/comments?post=5021"}],"version-history":[{"count":1,"href":"https:\/\/spolek.konska-osuvky.cz\/en\/wp-json\/wp\/v2\/posts\/5021\/revisions"}],"predecessor-version":[{"id":5023,"href":"https:\/\/spolek.konska-osuvky.cz\/en\/wp-json\/wp\/v2\/posts\/5021\/revisions\/5023"}],"wp:featuredmedia":[{"embeddable":true,"href":"https:\/\/spolek.konska-osuvky.cz\/en\/wp-json\/wp\/v2\/media\/3613"}],"wp:attachment":[{"href":"https:\/\/spolek.konska-osuvky.cz\/en\/wp-json\/wp\/v2\/media?parent=5021"}],"wp:term":[{"taxonomy":"category","embeddable":true,"href":"https:\/\/spolek.konska-osuvky.cz\/en\/wp-json\/wp\/v2\/categories?post=5021"},{"taxonomy":"post_tag","embeddable":true,"href":"https:\/\/spolek.konska-osuvky.cz\/en\/wp-json\/wp\/v2\/tags?post=5021"}],"curies":[{"name":"wp","href":"https:\/\/api.w.org\/{rel}","templated":true}]}}