{"id":5001,"date":"2025-01-10T11:41:54","date_gmt":"2025-01-10T09:41:54","guid":{"rendered":"https:\/\/spolek.konska-osuvky.cz\/?p=5001"},"modified":"2025-01-10T15:47:35","modified_gmt":"2025-01-10T13:47:35","slug":"1-organizacni-schuzka-k-oslavam-dne-konske-2025","status":"publish","type":"post","link":"https:\/\/spolek.konska-osuvky.cz\/en\/novinky\/1-organizacni-schuzka-k-oslavam-dne-konske-2025\/","title":{"rendered":"1. organiza\u010dn\u00ed sch\u016fzka k oslav\u00e1m Dne Konsk\u00e9 2025"},"content":{"rendered":"<p>&nbsp;<\/p>\n<p><span style=\"font-size: 18pt; color: #ff0000;\"><strong>19.1.2025 \u2013 18:00 &#8211; #1 &#8211; klubovna spolku<\/strong><\/span><\/p>\n<p>&nbsp;<\/p>\n<p>Na rok 2025 p\u0159ipad\u00e1 v\u00fdro\u010d\u00ed 720 let na\u0161\u00ed obce, kter\u00e9 se Spolek \u201eZa rozvoj Konsk\u00e9\u201c rozhodl oslavit v\u011bt\u0161\u00ed ve\u0159ejnou akc\u00ed v&nbsp;term\u00ednu 20.9.2025.<\/p>\n<p>Chceme spole\u010dn\u011b zavzpom\u00ednat a v&nbsp;podobn\u00e9m duchu nav\u00e1zat na skv\u011bl\u00e9 oslavy p\u0159ed dvaceti lety.<\/p>\n<p>I proto chceme nyn\u00ed pozvat v\u0161echny, organizace i jednotlivce, kdo maj\u00ed ochotu se jakoukoli formou zapojit do organizace t\u00e9to akce na prvn\u00ed organiza\u010dn\u00ed setk\u00e1n\u00ed do klubovny na\u0161eho spolku!<\/p>\n<p>C\u00edlem t\u00e9to sch\u016fzky je dohodnout form\u00e1t oslav a podniknout prvn\u00ed organiza\u010dn\u00ed kroky.<\/p>\n<p>T\u011b\u0161\u00edme se na spolupr\u00e1ci a v\u0161echny srde\u010dn\u011b zveme!<\/p>\n<p><span style=\"font-size: 8pt;\">V\u00fdbor spolku \u201eZa rozvoj Konsk\u00e9\u201c<\/span><\/p>\n<p>&nbsp;<\/p>\n<p>&nbsp;<\/p>\n<p><span style=\"font-size: 18pt;\"><strong>Pierwsze spotkanie organizacyjne w sprawie jubileuszu Dnia Ko\u0144skiej<\/strong><\/span><\/p>\n<p>&nbsp;<\/p>\n<p>Na rok 2025 przypada jubileusz 720 lat naszej wioski, kt\u00f3ry Stowarzyszenie \u201eO rozw\u00f3j Ko\u0144skiej\u201c zamierza uczci\u0107 wi\u0119ksz\u0105 imprez\u0105 publiczn\u0105 w terminie 20.9.2025.<\/p>\n<p>Chcemy sobie przypomnie\u0107 i w tym roku nawi\u0105za\u0107 na wspania\u0142e \u015bwi\u0119towanie sprzed dwudziestu lat.<\/p>\n<p>Pragniemy zatem zaprosi\u0107 wszystkich, organizacje czy osoby prywatne, ch\u0119tnych do zaanga\u017cowania si\u0119 w jakikolwiek spos\u00f3b do przygotowania tej imprezy na pierwsze spotkanie organizacyjne do \u015bwietlicy naszego stowarzyszenia!<\/p>\n<p>Celem tego spotkania b\u0119dzie ustalenie formatu imprezy oraz podzia\u0142 pierwszych zada\u0144.<\/p>\n<p>Cieszymy si\u0119 na wsp\u00f3\u0142prac\u0119 i wszystkich serdecznie zapraszamy!<\/p>\n<p><span style=\"font-size: 8pt;\">Zarz\u0105d Stowarzyszenia \u201eO rozw\u00f3j Ko\u0144skiej\u201c<\/span><\/p>\n<p>&nbsp;<\/p>","protected":false},"excerpt":{"rendered":"<p>&nbsp; 19.1.2025 \u2013 18:00 &#8211; #1 &#8211; klubovna spolku &nbsp; Na rok 2025 p\u0159ipad\u00e1 v\u00fdro\u010d\u00ed 720 let na\u0161\u00ed obce, kter\u00e9 se Spolek \u201eZa rozvoj Konsk\u00e9\u201c rozhodl oslavit v\u011bt\u0161\u00ed ve\u0159ejnou akc\u00ed v&nbsp;term\u00ednu 20.9.2025. Chceme spole\u010dn\u011b zavzpom\u00ednat a v&nbsp;podobn\u00e9m duchu nav\u00e1zat na skv\u011bl\u00e9 oslavy p\u0159ed dvaceti lety. I proto chceme nyn\u00ed pozvat v\u0161echny, organizace i jednotlivce, kdo [&hellip;]<\/p>","protected":false},"author":3,"featured_media":5002,"comment_status":"open","ping_status":"open","sticky":false,"template":"","format":"standard","meta":{"ngg_post_thumbnail":0,"footnotes":""},"categories":[3,15],"tags":[],"class_list":["post-5001","post","type-post","status-publish","format-standard","has-post-thumbnail","hentry","category-novinky","category-udalost"],"blog_post_layout_featured_media_urls":{"thumbnail":["https:\/\/spolek.konska-osuvky.cz\/wp-content\/uploads\/2025\/01\/Brainstorming-KONSKA-150x150.jpg",150,150,true],"full":["https:\/\/spolek.konska-osuvky.cz\/wp-content\/uploads\/2025\/01\/Brainstorming-KONSKA.jpg",2000,1333,false]},"categories_names":{"3":{"name":"News","link":"https:\/\/spolek.konska-osuvky.cz\/en\/category\/novinky\/"},"15":{"name":"Ud\u00e1lost","link":"https:\/\/spolek.konska-osuvky.cz\/en\/category\/udalost\/"}},"tags_names":[],"comments_number":"0","wpmagazine_modules_lite_featured_media_urls":{"thumbnail":["https:\/\/spolek.konska-osuvky.cz\/wp-content\/uploads\/2025\/01\/Brainstorming-KONSKA-150x150.jpg",150,150,true],"cvmm-medium":["https:\/\/spolek.konska-osuvky.cz\/wp-content\/uploads\/2025\/01\/Brainstorming-KONSKA-300x300.jpg",300,300,true],"cvmm-medium-plus":["https:\/\/spolek.konska-osuvky.cz\/wp-content\/uploads\/2025\/01\/Brainstorming-KONSKA-305x207.jpg",305,207,true],"cvmm-portrait":["https:\/\/spolek.konska-osuvky.cz\/wp-content\/uploads\/2025\/01\/Brainstorming-KONSKA-400x600.jpg",400,600,true],"cvmm-medium-square":["https:\/\/spolek.konska-osuvky.cz\/wp-content\/uploads\/2025\/01\/Brainstorming-KONSKA-600x600.jpg",600,600,true],"cvmm-large":["https:\/\/spolek.konska-osuvky.cz\/wp-content\/uploads\/2025\/01\/Brainstorming-KONSKA-1024x1024.jpg",1024,1024,true],"cvmm-small":["https:\/\/spolek.konska-osuvky.cz\/wp-content\/uploads\/2025\/01\/Brainstorming-KONSKA-130x95.jpg",130,95,true],"full":["https:\/\/spolek.konska-osuvky.cz\/wp-content\/uploads\/2025\/01\/Brainstorming-KONSKA.jpg",2000,1333,false]},"_links":{"self":[{"href":"https:\/\/spolek.konska-osuvky.cz\/en\/wp-json\/wp\/v2\/posts\/5001","targetHints":{"allow":["GET"]}}],"collection":[{"href":"https:\/\/spolek.konska-osuvky.cz\/en\/wp-json\/wp\/v2\/posts"}],"about":[{"href":"https:\/\/spolek.konska-osuvky.cz\/en\/wp-json\/wp\/v2\/types\/post"}],"author":[{"embeddable":true,"href":"https:\/\/spolek.konska-osuvky.cz\/en\/wp-json\/wp\/v2\/users\/3"}],"replies":[{"embeddable":true,"href":"https:\/\/spolek.konska-osuvky.cz\/en\/wp-json\/wp\/v2\/comments?post=5001"}],"version-history":[{"count":6,"href":"https:\/\/spolek.konska-osuvky.cz\/en\/wp-json\/wp\/v2\/posts\/5001\/revisions"}],"predecessor-version":[{"id":5019,"href":"https:\/\/spolek.konska-osuvky.cz\/en\/wp-json\/wp\/v2\/posts\/5001\/revisions\/5019"}],"wp:featuredmedia":[{"embeddable":true,"href":"https:\/\/spolek.konska-osuvky.cz\/en\/wp-json\/wp\/v2\/media\/5002"}],"wp:attachment":[{"href":"https:\/\/spolek.konska-osuvky.cz\/en\/wp-json\/wp\/v2\/media?parent=5001"}],"wp:term":[{"taxonomy":"category","embeddable":true,"href":"https:\/\/spolek.konska-osuvky.cz\/en\/wp-json\/wp\/v2\/categories?post=5001"},{"taxonomy":"post_tag","embeddable":true,"href":"https:\/\/spolek.konska-osuvky.cz\/en\/wp-json\/wp\/v2\/tags?post=5001"}],"curies":[{"name":"wp","href":"https:\/\/api.w.org\/{rel}","templated":true}]}}