{"id":4997,"date":"2025-01-10T10:46:39","date_gmt":"2025-01-10T08:46:39","guid":{"rendered":"https:\/\/spolek.konska-osuvky.cz\/?p=4997"},"modified":"2025-01-10T11:44:49","modified_gmt":"2025-01-10T09:44:49","slug":"probehl-trikralovy-vecer-s-clenskou-schuzi-2025","status":"publish","type":"post","link":"https:\/\/spolek.konska-osuvky.cz\/en\/novinky\/probehl-trikralovy-vecer-s-clenskou-schuzi-2025\/","title":{"rendered":"Prob\u011bhl T\u0159ikr\u00e1lov\u00fd ve\u010der s \u010clenskou sch\u016fz\u00ed 2025"},"content":{"rendered":"<p><strong>V&nbsp;sobotu 4.1.2025 prob\u011bhla akce, j\u00ed\u017e tradi\u010dn\u011b zahajujeme \u010dinnost v&nbsp;nov\u00e9m roce. Je j\u00edm T\u0159ikr\u00e1lov\u00fd ve\u010der spojen\u00fd s&nbsp;\u010dlenskou sch\u016fz\u00ed a tradi\u010dn\u00ed novoro\u010dn\u00ed jednohubkovou sout\u011b\u017e\u00ed.<\/strong><\/p>\n<p>&nbsp;<\/p>\n<p>V&nbsp;r\u00e1mci programu sch\u016fze zazn\u011bl souhrn \u010dinnosti spolku v&nbsp;roce 2024, jeho\u017e kompletn\u00ed zn\u011bn\u00ed najdete zde: <a href=\"https:\/\/spolek.konska-osuvky.cz\/en\/novinky\/souhrn-cinnosti-spolku-za-rozvoj-konske-v-roce-2024\/\">https:\/\/spolek.konska-osuvky.cz\/novinky\/souhrn-cinnosti-spolku-za-rozvoj-konske-v-roce-2024\/<\/a><\/p>\n<p>&nbsp;<\/p>\n<p>Do\u0161lo k&nbsp;ob\u011bn\u011b slo\u017een\u00ed v\u00fdboru, diskuzi na aktu\u00e1ln\u00ed t\u00e9mata t\u00fdkaj\u00edc\u00ed se chodu spolku a p\u0159\u00edpravy pl\u00e1nu akc\u00ed na rok 2025. Nejpodstatn\u011bj\u0161\u00edm rozhodnut\u00edm \u010clensk\u00e9 sch\u016fze bylo hlasov\u00e1n\u00ed o uspo\u0159\u00e1d\u00e1n\u00ed oslav Dne Konsk\u00e9 v&nbsp;roce 2025 u p\u0159\u00edle\u017eitosti v\u00fdro\u010d\u00ed 720 let obce. Term\u00edn t\u00e9to velk\u00e9 akce, jeji\u017e organizace bude prob\u00edhat na s\u00e9rii samostatn\u00fdch sch\u016fz\u00ed paraleln\u011b k&nbsp;\u010dinnosti v\u00fdboru spolku, byl stanoven na 20.9.2025. Forma oslav bude d\u00e1le projedn\u00e1van\u00e1.<\/p>\n<p><strong>Prvn\u00ed organiza\u010dn\u00ed sch\u016fzka k&nbsp;oslav\u00e1m Dne Konsk\u00e9 prob\u011bhne 19.1.2025 od 18:00 v&nbsp;klubovn\u011b na\u0161eho spolku.<\/strong><\/p>\n<p>Podrobn\u00fd z\u00e1pis z&nbsp;\u010dlensk\u00e9 sch\u016fze najdete zde: <a href=\"https:\/\/spolek.konska-osuvky.cz\/en\/novinky\/zapis-ze-schuze-spolku-za-rozvoj-konske-4-1-2025\/\">https:\/\/spolek.konska-osuvky.cz\/novinky\/zapis-ze-schuze-spolku-za-rozvoj-konske-4-1-2025\/<\/a><\/p>\n<p>&nbsp;<\/p>\n<p>Po ofici\u00e1ln\u00ed \u010d\u00e1sti a \u0159\u00edzen\u00e9 diskuzi n\u00e1sledovalo p\u0159\u00e1telsk\u00e9 posezen\u00ed u bohat\u00e9ho bufetu a neform\u00e1ln\u00ed diskuze na nejr\u016fzn\u011bj\u0161\u00ed aktu\u00e1ln\u00ed t\u00e9mata do pozdn\u00edch ve\u010dern\u00edch hodin.<\/p>\n<p>D\u011bkujeme v\u0161em z\u00fa\u010dastn\u011bn\u00fdm v&nbsp;jednohubkov\u00e9 sout\u011b\u017ei i v\u0161em kte\u0159\u00ed v&nbsp;hojn\u00e9m po\u010dtu dorazili p\u0159iv\u00edtat nov\u00fd rok a setkat se se sousedy a p\u0159\u00e1teli.<\/p>\n<p>&nbsp;<\/p>\n<p>Fotogalerii z&nbsp;akce najdete zde: <a href=\"https:\/\/spolek.konska-osuvky.cz\/en\/fotogalerie\/nggallery\/2025\/trikralovy-vecer-2025\/\">https:\/\/spolek.konska-osuvky.cz\/fotogalerie\/nggallery\/2025\/trikralovy-vecer-2025<\/a><\/p>\n<p>&nbsp;<\/p>\n<p>T\u011b\u0161\u00edme se op\u011bt na vid\u011bnou na dal\u0161\u00edch akc\u00edch Spolku Za rozvoj Konsk\u00e9!<\/p>\n<p>&nbsp;<\/p>\n<p>V\u00fdbor spolku.<\/p>","protected":false},"excerpt":{"rendered":"<p>V&nbsp;sobotu 4.1.2025 prob\u011bhla akce, j\u00ed\u017e tradi\u010dn\u011b zahajujeme \u010dinnost v&nbsp;nov\u00e9m roce. Je j\u00edm T\u0159ikr\u00e1lov\u00fd ve\u010der spojen\u00fd s&nbsp;\u010dlenskou sch\u016fz\u00ed a tradi\u010dn\u00ed novoro\u010dn\u00ed jednohubkovou sout\u011b\u017e\u00ed. &nbsp; V&nbsp;r\u00e1mci programu sch\u016fze zazn\u011bl souhrn \u010dinnosti spolku v&nbsp;roce 2024, jeho\u017e kompletn\u00ed zn\u011bn\u00ed najdete zde: https:\/\/spolek.konska-osuvky.cz\/novinky\/souhrn-cinnosti-spolku-za-rozvoj-konske-v-roce-2024\/ &nbsp; Do\u0161lo k&nbsp;ob\u011bn\u011b slo\u017een\u00ed v\u00fdboru, diskuzi na aktu\u00e1ln\u00ed t\u00e9mata t\u00fdkaj\u00edc\u00ed se chodu spolku a p\u0159\u00edpravy pl\u00e1nu akc\u00ed [&hellip;]<\/p>","protected":false},"author":3,"featured_media":4998,"comment_status":"open","ping_status":"open","sticky":false,"template":"","format":"standard","meta":{"ngg_post_thumbnail":0,"footnotes":""},"categories":[3],"tags":[],"class_list":["post-4997","post","type-post","status-publish","format-standard","has-post-thumbnail","hentry","category-novinky"],"blog_post_layout_featured_media_urls":{"thumbnail":["https:\/\/spolek.konska-osuvky.cz\/wp-content\/uploads\/2025\/01\/schuze-2025-150x150.jpg",150,150,true],"full":["https:\/\/spolek.konska-osuvky.cz\/wp-content\/uploads\/2025\/01\/schuze-2025.jpg",1800,1013,false]},"categories_names":{"3":{"name":"News","link":"https:\/\/spolek.konska-osuvky.cz\/en\/category\/novinky\/"}},"tags_names":[],"comments_number":"0","wpmagazine_modules_lite_featured_media_urls":{"thumbnail":["https:\/\/spolek.konska-osuvky.cz\/wp-content\/uploads\/2025\/01\/schuze-2025-150x150.jpg",150,150,true],"cvmm-medium":["https:\/\/spolek.konska-osuvky.cz\/wp-content\/uploads\/2025\/01\/schuze-2025-300x300.jpg",300,300,true],"cvmm-medium-plus":["https:\/\/spolek.konska-osuvky.cz\/wp-content\/uploads\/2025\/01\/schuze-2025-305x207.jpg",305,207,true],"cvmm-portrait":["https:\/\/spolek.konska-osuvky.cz\/wp-content\/uploads\/2025\/01\/schuze-2025-400x600.jpg",400,600,true],"cvmm-medium-square":["https:\/\/spolek.konska-osuvky.cz\/wp-content\/uploads\/2025\/01\/schuze-2025-600x600.jpg",600,600,true],"cvmm-large":["https:\/\/spolek.konska-osuvky.cz\/wp-content\/uploads\/2025\/01\/schuze-2025-1024x1013.jpg",1024,1013,true],"cvmm-small":["https:\/\/spolek.konska-osuvky.cz\/wp-content\/uploads\/2025\/01\/schuze-2025-130x95.jpg",130,95,true],"full":["https:\/\/spolek.konska-osuvky.cz\/wp-content\/uploads\/2025\/01\/schuze-2025.jpg",1800,1013,false]},"_links":{"self":[{"href":"https:\/\/spolek.konska-osuvky.cz\/en\/wp-json\/wp\/v2\/posts\/4997","targetHints":{"allow":["GET"]}}],"collection":[{"href":"https:\/\/spolek.konska-osuvky.cz\/en\/wp-json\/wp\/v2\/posts"}],"about":[{"href":"https:\/\/spolek.konska-osuvky.cz\/en\/wp-json\/wp\/v2\/types\/post"}],"author":[{"embeddable":true,"href":"https:\/\/spolek.konska-osuvky.cz\/en\/wp-json\/wp\/v2\/users\/3"}],"replies":[{"embeddable":true,"href":"https:\/\/spolek.konska-osuvky.cz\/en\/wp-json\/wp\/v2\/comments?post=4997"}],"version-history":[{"count":2,"href":"https:\/\/spolek.konska-osuvky.cz\/en\/wp-json\/wp\/v2\/posts\/4997\/revisions"}],"predecessor-version":[{"id":5000,"href":"https:\/\/spolek.konska-osuvky.cz\/en\/wp-json\/wp\/v2\/posts\/4997\/revisions\/5000"}],"wp:featuredmedia":[{"embeddable":true,"href":"https:\/\/spolek.konska-osuvky.cz\/en\/wp-json\/wp\/v2\/media\/4998"}],"wp:attachment":[{"href":"https:\/\/spolek.konska-osuvky.cz\/en\/wp-json\/wp\/v2\/media?parent=4997"}],"wp:term":[{"taxonomy":"category","embeddable":true,"href":"https:\/\/spolek.konska-osuvky.cz\/en\/wp-json\/wp\/v2\/categories?post=4997"},{"taxonomy":"post_tag","embeddable":true,"href":"https:\/\/spolek.konska-osuvky.cz\/en\/wp-json\/wp\/v2\/tags?post=4997"}],"curies":[{"name":"wp","href":"https:\/\/api.w.org\/{rel}","templated":true}]}}