{"id":4975,"date":"2025-01-10T08:21:14","date_gmt":"2025-01-10T06:21:14","guid":{"rendered":"https:\/\/spolek.konska-osuvky.cz\/?p=4975"},"modified":"2025-01-10T09:59:14","modified_gmt":"2025-01-10T07:59:14","slug":"zapis-ze-schuze-spolku-za-rozvoj-konske-4-1-2025","status":"publish","type":"post","link":"https:\/\/spolek.konska-osuvky.cz\/en\/novinky\/zapis-ze-schuze-spolku-za-rozvoj-konske-4-1-2025\/","title":{"rendered":"Z\u00e1pis z\u00a0\u010clensk\u00e9 sch\u016fze spolku Za rozvoj Konsk\u00e9 4.1.2025"},"content":{"rendered":"<p><strong><u>Z\u00e1pis z&nbsp;\u010clensk\u00e9 sch\u016fze spolku \u201eZa rozvoj Konsk\u00e9\u201c 4.1.2025<\/u><\/strong><\/p>\n<ul>\n<li>Datum: 04.01.2025<\/li>\n<li>M\u00edsto: T\u0159inec \u2013 Konsk\u00e1 48, 739 61 T\u0159inec \u2013 Klubovna spolku<\/li>\n<li>P\u0159\u00edtomni \u010dlenov\u00e9 v\u00fdboru: Tadeusz Czapla, Pavl\u00edna Skupie\u0148ov\u00e1, Luk\u00e1\u0161 Kulla, Helena Kullov\u00e1, Ond\u0159ej Kulla, David Konderla, Jana \u0160matlavov\u00e1.<\/li>\n<\/ul>\n<p><strong>Program jedn\u00e1n\u00ed, t\u00e9mata a usnesen\u00ed:<\/strong><\/p>\n<ul>\n<li><strong><em><u>\u00davodn\u00ed slovo<\/u><\/em><\/strong><\/li>\n<\/ul>\n<p>Uv\u00edt\u00e1n\u00ed p\u0159\u00edtomn\u00fdch host\u016f p\u0159edsedou spolku panem Tadeuszem Czaplou, sezn\u00e1men\u00ed s&nbsp;programem \u010dlensk\u00e9 sch\u016fze.<\/p>\n<ul>\n<li><strong><em><u>Sout\u011b\u017e v&nbsp;jednohubk\u00e1ch<\/u><\/em><\/strong><\/li>\n<\/ul>\n<p>Ihned po zah\u00e1jen\u00ed byla zvolena degusta\u010dn\u00ed komise v&nbsp;tradi\u010dn\u00ed sout\u011b\u017ei jednohubek. \u010cleny komise se stali pan R. Szturc, pan O. \u0160im\u00edk a pan F. Kulla.<\/p>\n<p>Jednohubky byly vyhodnoceny n\u00e1sledovn\u011b: t\u0159et\u00ed m\u00edsto obsadila pan\u00ed P. Skupie\u0148ov\u00e1, druh\u00e9 m\u00edsto pan\u00ed A. Such\u00e1, prvn\u00ed m\u00edsto obsadila pan\u00ed H. Kullov\u00e1. V\u00edt\u011bzov\u00e9 obdr\u017eeli \u010dasov\u011b neomezen\u00e9 pouk\u00e1zky do prodejny Orion v&nbsp;hodnot\u011b 500 K\u010d, 1000 K\u010d a 1500 K\u010d a n\u00e1sledn\u011b se spole\u010dn\u011b vyfotografovali.<\/p>\n<ul>\n<li><strong><em><u>Souhrn \u010dinnosti spolku Za rozvoj Konsk\u00e9<\/u><\/em><\/strong><\/li>\n<\/ul>\n<p>Pan David Konderla hosty a \u010dleny spolku obezn\u00e1mil s&nbsp;v\u00fd\u010dtem akc\u00ed spolku: V roce 2024 jsme dle pl\u00e1nu uspo\u0159\u00e1dali 6 tradi\u010dn\u00edch akc\u00ed: v lednu T\u0159ikr\u00e1lov\u00fd ve\u010der, v b\u0159eznu Turnaj ve stoln\u00edm tenise, v dubnu \u00faklid u p\u0159\u00edle\u017eitosti Dne zem\u011b, v \u010dervnu jsme sma\u017eili Wajeczynu, v z\u00e1\u0159\u00ed se uskute\u010dnil turnaj v mal\u00e9 kopan\u00e9 a v prosinci jsme spolu s m\u00edstn\u00edm SRP\u0160 rozsv\u00edtili V\u00e1no\u010dn\u00ed stromek. Program byl dopln\u011bn dal\u0161\u00edmi akcemi: \u00fanorov\u00fdm Kuligem na Kubalonce, b\u0159eznov\u00fdm filmov\u011b-hudebn\u00edm kv\u00edzem a listopadovou p\u0159edn\u00e1\u0161kou o \u0160mejdech a Kyber\u0161mejdech se zam\u011b\u0159en\u00edm na prevenci probl\u00e9mu a podvod\u016f v kyberprostoru. D\u00e1my z na\u0161eho spolku uspo\u0159\u00e1daly s\u00e9rii \u010dty\u0159 setk\u00e1n\u00ed s n\u00e1zvem \u201e\u010caj o p\u00e1t\u00e9\u201c, ve kter\u00fdch se krom\u011b voln\u00e9ho programu v\u011bnovaly nejr\u016fzn\u011bj\u0161\u00edm vzd\u011bl\u00e1vac\u00edm t\u00e9mat\u016fm s odborn\u00fdmi lektory, nap\u0159.: dom\u00e1c\u00ed zdravotn\u00ed p\u00e9\u010de, mobiln\u00ed hospic, d\u011btsk\u00e9 l\u00e9ka\u0159stv\u00ed apod. S radost\u00ed jsme podpo\u0159ili i n\u011bkolik iniciativ na\u0161ich spoluob\u010dan\u016f-soused\u016f. Jsou jimi V\u00fdsadba komunitn\u00edho sadu na Pu\u0144cowie, SWAP \u2013 v\u00fdm\u011bna oble\u010den\u00ed, hra\u010dek a vybaven\u00ed pro miminka, v\u00fdroba adventn\u00edch v\u011bnc\u016f pro charitativn\u00ed organizaci Mary\u00b4s Meals a kondi\u010dn\u00ed tr\u00e9ninky se skupinou Spartan T\u0159inec. Opomenout nem\u016f\u017eeme ani l\u00e9ta se opakuj\u00edc\u00ed sportovn\u00ed program, a\u0165 u\u017e se jedn\u00e1 o hran\u00ed volejbalu a florbalu v t\u011blocvi\u010dn\u011b m\u00edstn\u00ed z\u00e1kladn\u00ed \u0161koly, nebo cvi\u010den\u00ed pro \u017eeny a pingpongov\u00e9 tr\u00e9ninky v na\u0161\u00ed klubovn\u011b, jej\u00ed\u017e provozov\u00e1n\u00ed vy\u017eaduje rovn\u011b\u017e nemal\u00e9 \u00fasil\u00ed a jist\u00e9 finan\u010dn\u00ed prost\u0159edky. V\u017edy jsme v\u0161ak byli otev\u0159eni v\u0161em n\u00e1pad\u016fm, a\u0165 u\u017e jednotlivc\u016f \u010di jin\u00fdch organizac\u00ed p\u016fsob\u00edc\u00edch v na\u0161\u00ed m\u011bstsk\u00e9 \u010d\u00e1sti a r\u00e1di jsme s nimi z\u00e1zem\u00ed na\u0161i klubovny sd\u00edleli, co\u017e je rovn\u011b\u017e c\u00edlem \u010dinnosti na\u0161eho spolku. Rok 2024 nejen na z\u00e1klad\u011b v\u00fd\u0161e uveden\u00e9ho pova\u017euji za \u00fasp\u011b\u0161n\u00fd a c\u00edl \u010dinnosti Spolku za napln\u011bn\u00fd.<\/p>\n<p>&nbsp;<\/p>\n<p>Kompletn\u00ed souhrn \u010dinnosti spolku je k&nbsp;dispozici na webov\u00fdch str\u00e1nk\u00e1ch spolku: <a href=\"https:\/\/spolek.konska-osuvky.cz\/en\/novinky\/souhrn-cinnosti-spolku-za-rozvoj-konske-v-roce-2024\/\">https:\/\/spolek.konska-osuvky.cz\/novinky\/souhrn-cinnosti-spolku-za-rozvoj-konske-v-roce-2024\/<\/a><\/p>\n<ul>\n<li><strong><em><u>Zvolen\u00ed nov\u00e9ho pokladn\u00edka spolku<\/u><\/em><\/strong><\/li>\n<\/ul>\n<p>Pan Ond\u0159ej Kulla ozn\u00e1mil, \u017ee z&nbsp;rodinn\u00fdch d\u016fvod\u016f ji\u017e nebude pokra\u010dovat. K&nbsp;t\u00e9to funkci se p\u0159ihl\u00e1sila pan\u00ed Ilona Konderlov\u00e1. P\u0159ed\u00e1n\u00ed funkce, v\u010detn\u011b pokladny prob\u011bhne na nejbli\u017e\u0161\u00ed sch\u016fzi v\u00fdboru spolku, ve \u010dtvrtek 9.1.2024.<\/p>\n<ul>\n<li><strong><em><u>Pl\u00e1n dopln\u011bn\u00ed \u010dinnosti spolku Za rozvoj Konsk\u00e9 2025<\/u><\/em><\/strong><\/li>\n<\/ul>\n<p>Spolek bude pokra\u010dovat v&nbsp;po\u0159\u00e1d\u00e1n\u00ed tradi\u010dn\u00edch akc\u00ed: Turnaj ve stoln\u00edm tenise a v&nbsp;mal\u00e9 kopan\u00e9, wajeczyna a rozsv\u00edcen\u00ed V\u00e1no\u010dn\u00edho stromku.<\/p>\n<p>Novinkami pl\u00e1novan\u00fdmi pro rok 2025 jsou:<\/p>\n<ul>\n<li>P\u0159edn\u00e1\u0161ka o prvn\u00ed pomoci s&nbsp;panem Romanem Bezecnym,<\/li>\n<li>V\u00edkendov\u00fd pozn\u00e1vac\u00ed v\u00fdlet do Brna pod veden\u00edm m\u00edstop\u0159edsedy Davida Konderly,<\/li>\n<li>Fotografick\u00e9 sout\u011b\u017e se stru\u010dnou p\u0159edn\u00e1\u0161kou o&nbsp;amat\u00e9rsk\u00e9m focen\u00ed s&nbsp;panem Markem Such\u00fdm.<\/li>\n<\/ul>\n<p>&nbsp;<\/p>\n<ul>\n<li><strong><em><u>Diskuse<\/u><\/em><\/strong><\/li>\n<\/ul>\n<p>Bylo projedn\u00e1no nov\u00e9 logo spolku. D\u00e1le se popt\u00e1v\u00e1 osoba, kter\u00e1 by byla schopna pomoci s&nbsp;propagac\u00ed spolku a s tvorbou plak\u00e1t\u016f, d\u00e1le pomoc se soci\u00e1ln\u00edmi s\u00edt\u011bmi, resp. s&nbsp;facebookov\u00fdmi str\u00e1nkami spolku.<\/p>\n<p>Oslavy dne Konsk\u00e9. V&nbsp;leto\u0161n\u00edm roce prob\u011bhne v\u00fdro\u010d\u00ed 720 let od zalo\u017een\u00ed Konsk\u00e9. Bude pot\u0159eba sepsat \u017e\u00e1dost o grant m\u011bsta na tuto akci. Tato akce bude pot\u0159ebovat velkou anga\u017eovanost ob\u010dan\u016f Konsk\u00e9.<\/p>\n<p>&nbsp;<\/p>\n<p>\u017d\u00e1dost o organiza\u010dn\u00ed sch\u016fze p\u0159ed akcemi, aby lid\u00e9 byli informov\u00e1ni i mimo internetovou komunikaci.<\/p>\n<p>&nbsp;<\/p>\n<p>V&nbsp;hrub\u00fdch obrysech byl projedn\u00e1n pl\u00e1n akc\u00ed na rok 2025.<\/p>\n<p>&nbsp;<\/p>\n<ul>\n<li><strong><em><u>Hlasov\u00e1n\u00ed <\/u><\/em><\/strong><\/li>\n<\/ul>\n<p>Na dotaz, zda \u010dlensk\u00e1 sch\u016fze pova\u017euje za vhodn\u00e9 upo\u0159\u00e1dat ve v\u011bt\u0161\u00ed m\u00ed\u0159e Oslavy dne Konsk\u00e9 ku p\u0159\u00edle\u017eitosti 720 let Obce bylo hlasov\u00e1no n\u00e1sledovn\u011b:<\/p>\n<ul>\n<li>Pro 29<\/li>\n<li>Proti 0<\/li>\n<li>Zdr\u017eeli se 2<\/li>\n<\/ul>\n<p>&nbsp;<\/p>\n<p>Hlasov\u00e1n\u00ed o term\u00ednu Dne Konsk\u00e9 v&nbsp;datu 20.9.2025 vypl\u00fdvaj\u00edc\u00edm z&nbsp;diskuze prob\u011bhlo n\u00e1sledovn\u011b:<\/p>\n<ul>\n<li>Pro 28<\/li>\n<li>Proti 1 \u2013 (protin\u00e1vrh term\u00ednu 2.8.2025)<\/li>\n<li>Zdr\u017eeli se 2<\/li>\n<\/ul>\n<ul>\n<li><strong><em><u>\u00dakoly<\/u><\/em><\/strong><\/li>\n<\/ul>\n<p>\u010clensk\u00e1 sch\u016fze zvolila term\u00edn 19.1.2025 pro uspo\u0159\u00e1d\u00e1n\u00ed prvn\u00ed organiza\u010dn\u00ed sch\u016fzky ke Dni Konsk\u00e9. C\u00edlem t\u00e9to sch\u016fze je projednat form\u00e1t oslav a zjistit z\u00e1jem \u010dlen\u016f a obyvatel na\u0161i m\u00edstn\u00ed \u010d\u00e1sti o pomoc p\u0159i po\u0159\u00e1d\u00e1n\u00ed t\u00e9to akce. Organizac\u00ed t\u00e9to sch\u016fzky a p\u0159\u00edpravou oslav dne Konsk\u00e9 byl pov\u011b\u0159en v\u00fdbor spolku.<\/p>\n<p>Up\u0159esn\u011bn\u00edm term\u00ednu akc\u00ed pro rok 2025 a jejich zve\u0159ejn\u011bn\u00edm v&nbsp;co nejkrat\u0161\u00ed dob\u011b byl pov\u011b\u0159en v\u00fdbor spolku.<\/p>\n<p>&nbsp;<\/p>\n<ul>\n<li><strong><em><u>Voln\u00e1 z\u00e1bava.<\/u><\/em><\/strong><\/li>\n<\/ul>\n<p>N\u00e1sledovalo p\u0159\u00e1telsk\u00e9 posezen\u00ed u bohat\u00e9ho bufetu a neform\u00e1ln\u00ed diskuze na nejr\u016fzn\u011bj\u0161\u00ed aktu\u00e1ln\u00ed t\u00e9mata do pozdn\u00edch ve\u010dern\u00edch hodin.<\/p>\n<p>&nbsp;<\/p>\n<p><strong>Po\u010det p\u0159\u00edloh: &nbsp;&nbsp;&nbsp;&nbsp;&nbsp;&nbsp;&nbsp;&nbsp;&nbsp;&nbsp;&nbsp;&nbsp;&nbsp;&nbsp;&nbsp;&nbsp;&nbsp;&nbsp; 4<\/strong><\/p>\n<p>Seznam p\u0159\u00edloh: &nbsp;&nbsp;&nbsp;&nbsp;&nbsp;&nbsp;&nbsp;&nbsp;&nbsp;&nbsp;&nbsp;&nbsp;&nbsp;&nbsp; 1) Prezen\u010dn\u00ed listina V\u00fdro\u010dn\u00ed \u010clensk\u00e9 sch\u016fze<\/p>\n<p>&nbsp;&nbsp;&nbsp;&nbsp;&nbsp;&nbsp;&nbsp;&nbsp;&nbsp;&nbsp;&nbsp;&nbsp;&nbsp;&nbsp;&nbsp;&nbsp;&nbsp;&nbsp;&nbsp;&nbsp;&nbsp;&nbsp;&nbsp;&nbsp;&nbsp;&nbsp;&nbsp;&nbsp;&nbsp;&nbsp;&nbsp;&nbsp;&nbsp;&nbsp;&nbsp;&nbsp;&nbsp;&nbsp;&nbsp;&nbsp;&nbsp;&nbsp;&nbsp;&nbsp;&nbsp; 2) \u010clensk\u00e9 p\u0159\u00edsp\u011bvky na rok 2024<\/p>\n<p>&nbsp;&nbsp;&nbsp;&nbsp;&nbsp;&nbsp;&nbsp;&nbsp;&nbsp;&nbsp;&nbsp;&nbsp;&nbsp;&nbsp;&nbsp;&nbsp;&nbsp;&nbsp;&nbsp;&nbsp;&nbsp;&nbsp;&nbsp;&nbsp;&nbsp;&nbsp;&nbsp;&nbsp;&nbsp;&nbsp;&nbsp;&nbsp;&nbsp;&nbsp;&nbsp;&nbsp;&nbsp;&nbsp;&nbsp;&nbsp;&nbsp;&nbsp;&nbsp;&nbsp;&nbsp; 3) Seznam poskytnut\u00fdch e-mailov\u00fdch adres<\/p>\n<p>&nbsp;&nbsp;&nbsp;&nbsp;&nbsp;&nbsp;&nbsp;&nbsp;&nbsp;&nbsp;&nbsp;&nbsp;&nbsp;&nbsp;&nbsp;&nbsp;&nbsp;&nbsp;&nbsp;&nbsp;&nbsp;&nbsp;&nbsp;&nbsp;&nbsp;&nbsp;&nbsp;&nbsp;&nbsp;&nbsp;&nbsp;&nbsp;&nbsp;&nbsp;&nbsp;&nbsp;&nbsp;&nbsp;&nbsp;&nbsp;&nbsp;&nbsp;&nbsp;&nbsp;&nbsp; 4) Finan\u010dn\u00ed p\u0159ehled hospoda\u0159en\u00ed spolku v&nbsp;roce 2024<\/p>\n<p><strong>Pozn\u00e1mky:<\/strong><\/p>\n<p>P\u0159\u00edlohy nejsou z&nbsp;d\u016fvodu ochrany osobn\u00edch \u00fadaj\u016f zve\u0159ejn\u011bny. &nbsp;V&nbsp;opr\u00e1vn\u011bn\u00e9m z\u00e1jmu jsou v\u0161echny p\u0159\u00edlohy k&nbsp;nahl\u00e9dnut\u00ed na vy\u017e\u00e1d\u00e1n\u00ed u p\u0159edsedy spolku.<\/p>\n<p><em><u>&nbsp;<\/u><\/em><\/p>\n<p><em>V&nbsp;Konsk\u00e9 dne 6.1.2025<\/em><\/p>\n<p><em>Autor: Ing.Ond\u0159ej Kulla, PhDr.<\/em><\/p>\n<p><em>Ov\u011b\u0159ovatel: Ing. Tadeusz Czapla<\/em><\/p>\n<p>&nbsp;<\/p>\n<p>Origin\u00e1l: <a href=\"https:\/\/spolek.konska-osuvky.cz\/wp-content\/uploads\/2025\/01\/Zapis-z-clenske-schuze-Spolku-Za-rozvoj-Konske-4.1.2024.pdf\">Z\u00e1pis z \u010dlensk\u00e9 sch\u016fze Spolku Za rozvoj Konsk\u00e9 &#8211; 4.1.2024<\/a><\/p>","protected":false},"excerpt":{"rendered":"<p>Z\u00e1pis z&nbsp;\u010clensk\u00e9 sch\u016fze spolku \u201eZa rozvoj Konsk\u00e9\u201c 4.1.2025 Datum: 04.01.2025 M\u00edsto: T\u0159inec \u2013 Konsk\u00e1 48, 739 61 T\u0159inec \u2013 Klubovna spolku P\u0159\u00edtomni \u010dlenov\u00e9 v\u00fdboru: Tadeusz Czapla, Pavl\u00edna Skupie\u0148ov\u00e1, Luk\u00e1\u0161 Kulla, Helena Kullov\u00e1, Ond\u0159ej Kulla, David Konderla, Jana \u0160matlavov\u00e1. Program jedn\u00e1n\u00ed, t\u00e9mata a usnesen\u00ed: \u00davodn\u00ed slovo Uv\u00edt\u00e1n\u00ed p\u0159\u00edtomn\u00fdch host\u016f p\u0159edsedou spolku panem Tadeuszem Czaplou, sezn\u00e1men\u00ed s&nbsp;programem [&hellip;]<\/p>","protected":false},"author":1,"featured_media":3613,"comment_status":"open","ping_status":"open","sticky":false,"template":"","format":"standard","meta":{"ngg_post_thumbnail":0,"footnotes":""},"categories":[3,6],"tags":[],"class_list":["post-4975","post","type-post","status-publish","format-standard","has-post-thumbnail","hentry","category-novinky","category-zapisy-ze-schuzi"],"blog_post_layout_featured_media_urls":{"thumbnail":["https:\/\/spolek.konska-osuvky.cz\/wp-content\/uploads\/2023\/01\/kniha-150x150.jpg",150,150,true],"full":["https:\/\/spolek.konska-osuvky.cz\/wp-content\/uploads\/2023\/01\/kniha.jpg",820,568,false]},"categories_names":{"3":{"name":"News","link":"https:\/\/spolek.konska-osuvky.cz\/en\/category\/novinky\/"},"6":{"name":"Z\u00e1pisy ze sch\u016fz\u00ed","link":"https:\/\/spolek.konska-osuvky.cz\/en\/category\/zapisy-ze-schuzi\/"}},"tags_names":[],"comments_number":"0","wpmagazine_modules_lite_featured_media_urls":{"thumbnail":["https:\/\/spolek.konska-osuvky.cz\/wp-content\/uploads\/2023\/01\/kniha-150x150.jpg",150,150,true],"cvmm-medium":["https:\/\/spolek.konska-osuvky.cz\/wp-content\/uploads\/2023\/01\/kniha.jpg",300,208,false],"cvmm-medium-plus":["https:\/\/spolek.konska-osuvky.cz\/wp-content\/uploads\/2023\/01\/kniha.jpg",299,207,false],"cvmm-portrait":["https:\/\/spolek.konska-osuvky.cz\/wp-content\/uploads\/2023\/01\/kniha.jpg",400,277,false],"cvmm-medium-square":["https:\/\/spolek.konska-osuvky.cz\/wp-content\/uploads\/2023\/01\/kniha.jpg",600,416,false],"cvmm-large":["https:\/\/spolek.konska-osuvky.cz\/wp-content\/uploads\/2023\/01\/kniha.jpg",820,568,false],"cvmm-small":["https:\/\/spolek.konska-osuvky.cz\/wp-content\/uploads\/2023\/01\/kniha.jpg",130,90,false],"full":["https:\/\/spolek.konska-osuvky.cz\/wp-content\/uploads\/2023\/01\/kniha.jpg",820,568,false]},"_links":{"self":[{"href":"https:\/\/spolek.konska-osuvky.cz\/en\/wp-json\/wp\/v2\/posts\/4975","targetHints":{"allow":["GET"]}}],"collection":[{"href":"https:\/\/spolek.konska-osuvky.cz\/en\/wp-json\/wp\/v2\/posts"}],"about":[{"href":"https:\/\/spolek.konska-osuvky.cz\/en\/wp-json\/wp\/v2\/types\/post"}],"author":[{"embeddable":true,"href":"https:\/\/spolek.konska-osuvky.cz\/en\/wp-json\/wp\/v2\/users\/1"}],"replies":[{"embeddable":true,"href":"https:\/\/spolek.konska-osuvky.cz\/en\/wp-json\/wp\/v2\/comments?post=4975"}],"version-history":[{"count":5,"href":"https:\/\/spolek.konska-osuvky.cz\/en\/wp-json\/wp\/v2\/posts\/4975\/revisions"}],"predecessor-version":[{"id":4996,"href":"https:\/\/spolek.konska-osuvky.cz\/en\/wp-json\/wp\/v2\/posts\/4975\/revisions\/4996"}],"wp:featuredmedia":[{"embeddable":true,"href":"https:\/\/spolek.konska-osuvky.cz\/en\/wp-json\/wp\/v2\/media\/3613"}],"wp:attachment":[{"href":"https:\/\/spolek.konska-osuvky.cz\/en\/wp-json\/wp\/v2\/media?parent=4975"}],"wp:term":[{"taxonomy":"category","embeddable":true,"href":"https:\/\/spolek.konska-osuvky.cz\/en\/wp-json\/wp\/v2\/categories?post=4975"},{"taxonomy":"post_tag","embeddable":true,"href":"https:\/\/spolek.konska-osuvky.cz\/en\/wp-json\/wp\/v2\/tags?post=4975"}],"curies":[{"name":"wp","href":"https:\/\/api.w.org\/{rel}","templated":true}]}}