{"id":4971,"date":"2025-01-04T21:43:29","date_gmt":"2025-01-04T19:43:29","guid":{"rendered":"https:\/\/spolek.konska-osuvky.cz\/?p=4971"},"modified":"2025-01-10T09:19:44","modified_gmt":"2025-01-10T07:19:44","slug":"souhrn-cinnosti-spolku-za-rozvoj-konske-v-roce-2024","status":"publish","type":"post","link":"https:\/\/spolek.konska-osuvky.cz\/en\/novinky\/souhrn-cinnosti-spolku-za-rozvoj-konske-v-roce-2024\/","title":{"rendered":"Souhrn \u010dinnosti Spolku \u201eZa Rozvoj Konsk\u00e9\u201c v roce 2024"},"content":{"rendered":"<p>Rok 2024 je za n\u00e1mi a u p\u0159\u00edle\u017eitosti v\u00fdro\u010dn\u00ed \u010clensk\u00e9 sch\u016fze na\u0161eho spolku Za rozvoj Konsk\u00e9 mi dovolte v&nbsp;n\u011bkolik bloc\u00edch \u010dinnost spolku shrnout. Na\u0161e celoro\u010dn\u00ed \u010dinnost vypl\u00fdv\u00e1 ze stanov Spolku a jej\u00edm c\u00edlem je sbli\u017eovat lidi nejen v&nbsp;r\u00e1mci na\u0161\u00ed m\u011bstsk\u00e9 \u010d\u00e1sti. Dlouholetou snahou spolku je ka\u017ed\u00fd m\u011bs\u00edc vytv\u00e1\u0159et p\u0159\u00edle\u017eitost pro vz\u00e1jemn\u00e9 setk\u00e1v\u00e1n\u00ed na nejr\u016fzn\u011bj\u0161\u00edch akc\u00edch a iniciativ\u00e1ch.<\/p>\n<p>&nbsp;<\/p>\n<ul>\n<li><strong>Shrnut\u00ed uspo\u0159\u00e1dan\u00fdch akc\u00ed a iniciativ<\/strong><\/li>\n<\/ul>\n<p>&nbsp;<\/p>\n<ol start=\"6\">\n<li><u> 1. 2024 &#8211; \u201eT\u0159ikr\u00e1lov\u00fd ve\u010der\u201c s \u010dlenskou sch\u016fz\u00ed<\/u><\/li>\n<\/ol>\n<p>V sobotu 6.1.2024 se spolek Za rozvoj Konsk\u00e9 se\u0161el na tradi\u010dn\u00edm T\u0159ikr\u00e1lov\u00e9m ve\u010deru spojen\u00e9m s \u010dlenskou sch\u016fz\u00ed na\u0161eho spolku. Zazn\u011bl souhrn \u010dinnosti spolku, na\u010de\u017e bylo zvoleno nov\u00e9 slo\u017een\u00ed organiza\u010dn\u00edho v\u00fdboru spolku. Z\u00e1rove\u0148 byl stanoven p\u0159edb\u011b\u017en\u00fd pl\u00e1n \u010dinnosti pro rok 2024 a diskutovala se aktu\u00e1ln\u00ed t\u00e9mata z d\u011bn\u00ed nejen v na\u0161\u00ed m\u011bstsk\u00e9 \u010d\u00e1sti. Sou\u010d\u00e1st\u00ed byla samoz\u0159ejm\u011b ka\u017edoro\u010dn\u00ed jednohubkov\u00e1 sout\u011b\u017e, po kter\u00e9 n\u00e1sledovala voln\u00e1 diskuze.<\/p>\n<p>&nbsp;<\/p>\n<ol start=\"19\">\n<li><u> 1. 2024 &#8211; prvn\u00ed &#8222;\u010caj o p\u00e1t\u00e9&#8220;<\/u><\/li>\n<\/ol>\n<p>U\u017e na d\u0159\u00edv\u011bj\u0161\u00ed \u010dlensk\u00e9 sch\u016fzi zazn\u011bl apel, k&nbsp;v\u011bt\u0161\u00edmu vyu\u017e\u00edv\u00e1n\u00ed na\u0161i klubovny pro nejr\u016fzn\u011bj\u0161\u00ed setk\u00e1v\u00e1n\u00ed, kdy\u017e nemal\u00e9 \u00fasil\u00ed a finan\u010dn\u00ed prost\u0159edky byly pr\u00e1v\u011b do rekonstrukce klubovny vlo\u017eeny v&nbsp;roce 2023. V\u00fdzva se ujala a 19. ledna se uskute\u010dnil prvn\u00ed \u201e\u010daj o p\u00e1te\u201c v&nbsp;re\u017eii dam-\u010dlenek na\u0161eho spolku. Zprvu pouze p\u0159\u00e1telsk\u00e9 posezen\u00ed se rozvinulo do kr\u00e1sn\u00e9ho a u\u017eite\u010dn\u00e9ho form\u00e1tu, jak se do\u010dtete n\u00ed\u017ee.<\/p>\n<p>&nbsp;<\/p>\n<ol start=\"17\">\n<li><u> 2. 2024 &#8211; Kulig na Kubalonce<\/u><\/li>\n<\/ol>\n<p>V sobotu 17. 2. 2024 se uskute\u010dnila akce, kterou jsme ji\u017e n\u011bkolik zim pl\u00e1novali, ale uskute\u010dnili a\u017e letos. Pln\u00fdm autobusem \u00fa\u010dastn\u00edk\u016f v\u0161ech v\u011bkov\u00fdch kategori\u00ed jsme vyrazili na Kubalonku nedaleko \u010desko-polsko-slovensk\u00e9ho trojmez\u00ed abychom si pro\u017eili tradi\u010dn\u00ed z\u00e1bavu z dob polsk\u00e9 \u0161lechty. M\u00edsto na san\u00edch jsme z d\u016fvodu absence sn\u011bhov\u00e9 pokr\u00fdvky absolvovali proj\u00ed\u017e\u010fku na vozech ta\u017een\u00fdch ko\u0148mi z Kubalonki na 7 km vzd\u00e1lenou Stec\u00f3wku. Po kr\u00e1tk\u00e9 p\u0159est\u00e1vce pro kon\u011b i pasa\u017e\u00e9ry jsme se vr\u00e1tili do koliby nedaleko v\u00fdchoz\u00edho bodu, kde na n\u00e1s \u010dekalo ob\u010derstven\u00ed v podob\u011b klob\u00e1sy a oscypku a tepl\u00fdch n\u00e1poj\u016f. V r\u00e1mci dal\u0161\u00edho programu mohli \u00fa\u010dastn\u00edci v\u00fdletu ji\u017e individu\u00e1ln\u011b nav\u0161t\u00edvit d\u0159ev\u011bn\u00fd kostel Svat\u00e9ho K\u0159\u00ed\u017ee, proj\u00edt se kolem St\u0159ediska l\u00e9\u010dby plicn\u00edch nemoc\u00ed d\u011bt\u00ed a ml\u00e1de\u017ee a\u017e ke sportovn\u00edmu ar\u00e1lu b\u011b\u017eeck\u00e9ho ly\u017eov\u00e1n\u00ed a biatlonu. K dispozici pobl\u00ed\u017e bylo i n\u011bkolik restaurac\u00ed a hospod nab\u00edzej\u00edc\u00edch region\u00e1ln\u00ed a m\u00edstn\u00ed \u201eg\u00f3ralsk\u00e9\u201c kulin\u00e1\u0159sk\u00e9 speciality. Po n\u00e1vratu do Konsk\u00e9 jsme v\u00fdlet zakon\u010dili posezen\u00edm v klubovn\u011b na\u0161eho spolku.<\/p>\n<ol start=\"22\">\n<li><u>2. 2024 &#8211; druh\u00fd &#8222;\u010caj o p\u00e1t\u00e9&#8220;<\/u><\/li>\n<\/ol>\n<p>Po prvn\u00edm velice \u00fasp\u011b\u0161n\u00e9m setk\u00e1n\u00ed se po m\u011bs\u00edci uskute\u010dnilo druh\u00e9 posezen\u00ed dam u \u0161\u00e1lku \u010daje, a za\u010daly se rodit dal\u0161\u00ed n\u00e1pady na zpest\u0159en\u00ed t\u011bchto setk\u00e1n\u00ed.<\/p>\n<p>&nbsp;<\/p>\n<ol start=\"2\">\n<li><u> 3. 2024 &#8211; Turnaj ve stoln\u00edm tenise<\/u><\/li>\n<\/ol>\n<p>V sobotu 2. 3. 2024 se uskute\u010dnil dal\u0161\u00ed ro\u010dn\u00edk tradi\u010dn\u00edho turnaje ve stoln\u00edm tenise. Leto\u0161n\u00edho ro\u010dn\u00edku se z\u00fa\u010dastnilo 16 jednotlivc\u016f v hlavn\u00edm turnaji mu\u017e\u016f, 3 d\u00e1my v \u017eensk\u00e9m turnaji, 11 dvojic v turnaji \u010dty\u0159hry a 5 p\u00e1r\u016f turnaji sm\u00ed\u0161en\u00fdch dvojic. K vid\u011bn\u00ed byly sportovn\u00ed v\u00fdkony na velmi vysok\u00e9 \u00farovn\u00ed ve v\u0161ech turnajov\u00fdch kl\u00e1n\u00edch, p\u0159i\u010dem\u017e zkr\u00e1tka nep\u0159i\u0161li ani ti, kte\u0159\u00ed si cht\u011bli zahr\u00e1t jen pro radost. Akci proto nelze hodnotit jinak ne\u017e kladn\u011b.<\/p>\n<p>&nbsp;<\/p>\n<ol start=\"23\">\n<li><u> 3. 2024 &#8211; Filmov\u00fd\/hudebn\u00ed kv\u00edz <\/u><\/li>\n<\/ol>\n<p>V sobotu 23.3.2024 se konala sout\u011b\u017e v hudebn\u00edm filmov\u00e9m kv\u00edzu po\u0159\u00e1dan\u00e1 Ond\u0159ejem Kullou. Hned na za\u010d\u00e1tku se objevily probl\u00e9my v podob\u011b v\u00fdpadku elekt\u0159iny, av\u0161ak s pomoc\u00ed Pavla Jarnota, Mirka Kuly a Romana \u010cmiela jsme je dok\u00e1zali vy\u0159e\u0161it. Po prvn\u00edm kole byla dod\u00e1vka elektrick\u00e9 energie v&nbsp;s\u00edti obnovena a vr\u00e1tili jsme se k pln\u00e9mu provozu. Sout\u011b\u017ee se z\u00fa\u010dastnili jak t\u00fdmy, tak jednotlivci. Sout\u011b\u017e m\u011bla formu 4 kol a mezi koly byly vyhl\u00e1\u0161eny dodate\u010dn\u00e9 h\u00e1danky. Hr\u00e1\u010di odpov\u00eddali na ot\u00e1zky ze sv\u011bta film\u016f a seri\u00e1l\u016f, p\u0159i\u010dem\u017e jejich \u00fakolem bylo identifikovat filmy\/seri\u00e1ly podle jejich zn\u011blek nebo soundtrack\u016f.<\/p>\n<p>&nbsp;<\/p>\n<ol start=\"17\">\n<li><u> 4. 2024 &#8211; t\u0159et\u00ed &#8222;\u010caj o p\u00e1t\u00e9&#8220;<\/u><\/li>\n<\/ol>\n<p>Na t\u0159et\u00ed \u201e\u010daj o p\u00e1te\u201c mezi sebe d\u00e1my p\u0159izvaly zakladatelku spole\u010dnosti Medica, a krom\u011b nape\u010den\u00fdch dobrot a dal\u0161\u00edch lah\u016fdek zazn\u011bly i praktick\u00e9 informace na t\u00e9ma dom\u00e1c\u00ed zdravotn\u00ed p\u00e9\u010de a mobiln\u00edho hospicu, provozovan\u00e9ho pr\u00e1v\u011b spole\u010dnost\u00ed Medica.<\/p>\n<p>&nbsp;<\/p>\n<ol start=\"27\">\n<li><u> 4. 2024 &#8211; \u00daklid klubovny a jej\u00edho okol\u00ed v r\u00e1mci Dne zem\u011b <\/u><\/li>\n<\/ol>\n<p>Ke konci dubna prob\u011bhl \u00faklid klubovny a jej\u00edho bezprost\u0159edn\u00edho okol\u00ed, kdy se krom hlavn\u00edch prostor klubovny poda\u0159ilo ud\u011blat po\u0159\u00e1dek i ve sklepn\u00edch prostor\u00e1ch. V tomto ohledu nutno pod\u011bkovat v\u0161em z\u00fa\u010dastn\u011bn\u00fdm za pomoc a v\u00fdborn\u00e9 ob\u010derstven\u00ed, kter\u00e9 pro n\u00e1s bylo nachyst\u00e1no po \u00faklidu.<\/p>\n<p>&nbsp;<\/p>\n<ol start=\"8\">\n<li><u> 6. 2024 &#8211; Wajeczyna<\/u><\/li>\n<\/ol>\n<p>Jak b\u00fdv\u00e1 ka\u017edoro\u010dn\u011b dobr\u00fdm zvykem ani letos nemohlo chyb\u011bt sma\u017een\u00ed wajeczyny na otev\u0159en\u00e9m ohni pod pozdn\u011b jarn\u00edm slun\u00ed\u010dkem, kdy se jednalo o posledn\u00ed p\u0159edpr\u00e1zdninovou akci spolku.<\/p>\n<p>&nbsp;<\/p>\n<ol start=\"21\">\n<li><u> 9. 2024 &#8211; Memori\u00e1l Radka Ciencialy 2024<\/u><\/li>\n<\/ol>\n<p>Po pr\u00e1zdninov\u00e9 pauze i v&nbsp;\u010dinnosti na\u0161eho spolku, jsme op\u011bt do organiza\u010dn\u00edho tempa nasko\u010dili hned v&nbsp;z\u00e1\u0159\u00ed a v sobotu 21.9.2024 se na h\u0159i\u0161ti u z\u00e1kladn\u00ed \u0161koly v Konsk\u00e9 uskute\u010dnil jiz 17. ro\u010dn\u00edk tradi\u010dn\u00edho turnaje v mal\u00e9 kopan\u00e9, letos poprv\u00e9 pod n\u00e1zvem Memori\u00e1l Radka Ciencialy 2024. Za kr\u00e1sn\u00e9ho slune\u010dn\u00e9ho r\u00e1na se v Konsk\u00e9 se\u0161lo 5 t\u00fdm\u016f, aby se utkaly nejprve v\u0161ichni navz\u00e1jem mezi sebou v tabulce, z n\u00ed\u017e 2 nejlep\u0161\u00ed t\u00fdmy postoupily do superfin\u00e1le. Po kr\u00e1tk\u00e9m \u00favodn\u00edm slovu a p\u0159iv\u00edt\u00e1n\u00ed v\u0161ech \u00fa\u010dastn\u00edk\u016f n\u00e1sledovala symbolick\u00e1 minuta ticha, po kter\u00e9 se na h\u0159i\u0161ti rozjel nekompromisn\u00ed boj o branky a body. Nechyb\u011bly jak, kr\u00e1sn\u00e9 tak ani vtipn\u00e9 fotbalov\u00e9 momenty, vyhrocen\u00e9 emoce a fair play gesta.<\/p>\n<p>Do superfin\u00e1le se nakonec probojovaly t\u00fdmy \u010c\u010cK Os\u016fvky United jako nej\u00fasp\u011b\u0161n\u011bj\u0161\u00ed t\u00fdm z\u00e1kladn\u00ed skupiny&nbsp; a z druh\u00e9ho m\u00edsta dom\u00e1c\u00ed FC Konsk\u00e1. T\u011bsn\u011b p\u0159ed branami superfin\u00e1le z\u016fstal t\u00fdm Green Bar Borek, kter\u00fd obsadil kone\u010dn\u00e9 t\u0159et\u00ed m\u00edsto v turnaji.<\/p>\n<p>Z\u00e1v\u011bre\u010dn\u00e9 superfin\u00e1le nab\u00eddlo zprvu veden\u00ed dvojn\u00e1sobn\u00e9ho obh\u00e1jce t\u00fdmu Os\u016fvek a tuh\u00fd boj o vyrovn\u00e1n\u00ed t\u011bsn\u011b p\u0159ed koncem z\u00e1kladn\u00ed hrac\u00ed doby. To se dom\u00e1c\u00edmu t\u00fdmu Konsk\u00e9 povedlo a o v\u00fdherci turnaje musely rozhodovat pokutov\u00e9 kopy. V nich se \u0161t\u011bst\u00ed p\u0159iklonilo na stranu dom\u00e1c\u00edch, kte\u0159\u00ed tak znemo\u017enili Os\u016fvk\u00e1m zvednout Putovn\u00ed poh\u00e1r pro v\u00edt\u011bze pot\u0159et\u00ed za sebou.<\/p>\n<p>V pr\u016fb\u011bhu z\u00e1v\u011bre\u010dn\u00e9ho vyhla\u0161ov\u00e1n\u00ed v\u00fdsledk\u016f byli ocen\u011bni i nejlep\u0161\u00ed st\u0159elec turnaje a nejlep\u0161\u00ed brank\u00e1\u0159 turnaje. Nov\u00e9ho ocen\u011bn\u00ed \u201esympa\u0165\u00e1k turnaje\u201c se do\u010dkala v\u016fbec prvn\u00ed \u017eena, kter\u00e1 se objevila na tr\u00e1vn\u00edku v pr\u016fb\u011bhu na\u0161eho turnaje.<\/p>\n<p>&nbsp;<\/p>\n<ol start=\"16\">\n<li><u> 10. 2024 &#8211; \u010dtvrt\u00fd &#8222;\u010caj o p\u00e1t\u00e9&#8220;<\/u><\/li>\n<\/ol>\n<p>Toto neform\u00e1ln\u00ed posezen\u00ed, kter\u00e9 si evidentn\u011b z\u00edskala oblibu, za co\u017e jsme r\u00e1di, se v&nbsp;\u0159\u00edjnu uskute\u010dnilo naposledy v&nbsp;roce 2024 a dodate\u010dn\u00fdm t\u00e9matem tohoto setk\u00e1n\u00ed bylo d\u011btsk\u00e9 l\u00e9ka\u0159stv\u00ed. Pevn\u011b v\u011b\u0159\u00edme, \u017ee setk\u00e1n\u00ed u \u010daje o p\u00e1t\u00e9 budou pokra\u010dovat i v&nbsp;roce 2025 a u\u017e nyn\u00ed v\u0161echny zveme.<\/p>\n<p>&nbsp;<\/p>\n<ol start=\"28\">\n<li><u> &#8211; 29. 10. 2024 &#8211; SWAP (v\u00fdm\u011bna) \u2013 D\u011btsk\u00e9ho oble\u010den\u00ed, hra\u010dek a vybaven\u00ed pro miminka<\/u><\/li>\n<\/ol>\n<p>Novinkou v leto\u0161n\u00edm roce bylo uskute\u010dn\u011bn\u00ed v\u016fbec prvn\u00edho Kon\u0161\u010dansk\u00e9ho SWAPU, kter\u00fd zorganizovaly nad\u0161en\u00e9 maminky z&nbsp;na\u0161\u00ed m\u011bstsk\u00e9 \u010d\u00e1sti. S ohledem na dne\u0161n\u00ed mo\u017en\u00e1 a\u017e p\u0159\u00edli\u0161 konzumn\u00ed zp\u016fsob \u017eivota jsme r\u00e1di, za tuto iniciativu a jsme p\u0159esv\u011bd\u010deni, \u017ee se zdaleka nejedn\u00e1 o posledn\u00ed akci tohoto typu, jeliko\u017e je v\u017edy lep\u0161\u00ed, kdy\u017e lze v\u011bci, kter\u00e9 u\u017e nepou\u017e\u00edv\u00e1me nebo z nich d\u011bti vzrostly, posunout d\u00e1l k u\u017eitku, ne\u017e je vyhazovat.<\/p>\n<p>&nbsp;<\/p>\n<ol start=\"2\">\n<li><u> 11. 2024 &#8211; Realizace Sadu na Pu\u0144cowie<\/u><\/li>\n<\/ol>\n<p>Na ja\u0159e leto\u0161n\u00edho roku se na n\u00e1\u0161 Spolek obr\u00e1til pan Roman Bezecn\u00fd, se zaj\u00edmavou iniciativou, zalo\u017eit na \u201ePu\u0144cowskich zadkach\u201c komunitn\u00ed sad. Doslechl se toti\u017e, \u017ee na tyto \u00fa\u010dely je mo\u017en\u00e9 z\u00edskat dofinancov\u00e1n\u00ed na v\u00fdsadbu p\u016fvodn\u00edch d\u0159evin v historick\u00fdch lokalit\u00e1ch.&nbsp; Po n\u011bkolika sch\u016fzk\u00e1ch a p\u00e1r telefon\u00e1tech se v\u00fdbor spolku rozhodl iniciativu podpo\u0159it a sepsali jsme \u017e\u00e1dost. N\u00e1sledn\u011b jsme \u010dekali na v\u00fdsledek v\u00fdb\u011brov\u00e9ho \u0159\u00edzen\u00ed Nadace \u010cEZ.<\/p>\n<p>N\u00e1\u0161 projek byl nakonec vybr\u00e1n k realizaci. Na pozemku pana Bezecn\u00e9ho tak dle projektu vznikl ve\u0159ejn\u011b p\u0159\u00edstupn\u00fd sad, os\u00e1zen\u00fd odr\u016fdami star\u00fdch strom\u016f \u2013 jablo\u0148 jadernice, reneta ko\u017een\u00e1, durancie, \u0161vestka \u0161pendl\u00edk, hru\u0161n\u011b a podobn\u011b. Vzniklo tak m\u00edsto, kde se budou moci ob\u010dan\u00e9 nejen na\u0161\u00ed m\u011bstsk\u00e9 \u010d\u00e1sti zastavit na proch\u00e1zce, posed\u011bt na lavi\u010dce v sadu a v obdob\u00ed plod\u016f si rovn\u011b\u017e dop\u0159\u00e1t ovoce nasb\u00edran\u00e9 p\u0159\u00edmo ze stromu. Udr\u017eitelnost projektu je 10 let. Jsme v\u0161ak p\u0159esv\u011bd\u010deni, \u017ee se n\u00e1m povede vytvo\u0159it dal\u0161\u00ed zaj\u00edmav\u00e9 m\u00edsto, slou\u017e\u00edc\u00ed dlouh\u00e1 l\u00e9ta.<\/p>\n<p>K realizaci projektu a v\u00fdsatb\u011b stromk\u016f do\u0161lo dne 2. 11. 2024, a to i za pomoci m\u00edstn\u00edch, majitel\u016f pozemk\u016f a \u010dlen\u016f na\u0161eho spolku.<\/p>\n<p>&nbsp;<\/p>\n<ol start=\"24\">\n<li><u> 11. 2024 &#8211; \u0160mejdi a kyber\u0161mejdi aneb jak nenalet\u011bt<\/u><\/li>\n<\/ol>\n<p>Na sklonku listopadu se uskute\u010dnila v r\u00e1mci ned\u011bln\u00edho odpoledne p\u0159edn\u00e1\u0161ka pod n\u00e1zvem \u0160mejdi a kyber\u0161mejdi aneb jak nenalet\u011bt, jej\u00edm\u017e t\u00e9matem byla problematika kyberpodvod\u016f a kyberkriminality s n\u00e1zorn\u00fdmi uk\u00e1zkami p\u0159\u00edpad\u016f z praxe, pota\u017emo se zam\u011b\u0159en\u00edm na prevenci, zp\u016fsob rozpozn\u00e1n\u00ed rizikov\u00fdch situac\u00ed a jejich \u0159e\u0161en\u00ed.<\/p>\n<p>&nbsp;<\/p>\n<ol start=\"28\">\n<li><u> &#8211; 29. 11. 2024 &#8211; V\u00fdroba adventn\u00edch v\u011bnc\u016f <\/u><\/li>\n<\/ol>\n<p>Dal\u0161\u00ed iniciativou z&nbsp;\u0159ad na\u0161ich spoluob\u010dan\u016f byla v\u00fdroba Adventn\u00edch v\u011bnc\u016f. O podporu charitativn\u00ed organizace Mary&#8217;s Meals formou zp\u0159\u00edstupn\u011bn\u00ed na\u0161\u00ed klubovny n\u00e1s po\u017e\u00e1dali z\u00e1stupci m\u00edstn\u00ed skupinky. Jejich p\u0159\u00e1n\u00ed jsme jednohlasn\u011b vyhov\u011bli a kdo cht\u011bl, mohl se p\u0159ij\u00edt t\u0159ebas jen inspirovat, \u010di vyrobit adventn\u00ed v\u011bnec pro dobrou v\u011bc. Organizace Mary&#8217;s Meals&nbsp; se zab\u00fdv\u00e1 projekty zaji\u0161\u0165ov\u00e1n\u00ed \u0161koln\u00edho stravov\u00e1n\u00ed d\u011bt\u00ed v nejchud\u0161\u00edch zem\u00edch sv\u011bta.<\/p>\n<p>&nbsp;<\/p>\n<ol start=\"13\">\n<li><u> 12. 2024 &#8211; Rozsv\u00edcen\u00ed V\u00e1no\u010dn\u00edho strome\u010dku<\/u><\/li>\n<\/ol>\n<p>Posledn\u00ed akc\u00ed leto\u0161n\u00edho roku bylo rozsv\u00edcen\u00ed V\u00e1no\u010dn\u00edho strome\u010dku, uspo\u0159\u00e1dan\u00e9 ve spolupr\u00e1ci s m\u00edstn\u00edm SRP\u0160 v prostor\u00e1ch p\u0159ed klubovnou spolku. V r\u00e1mci t\u00e9to akce prob\u011bhlo vystoupen\u00ed d\u011bt\u00ed m\u00edstn\u00ed z\u00e1kladn\u00ed \u0161koly a \u0161kolky, pro kter\u00e9 byly nachyst\u00e1ny d\u00e1rkov\u00e9 bal\u00ed\u010dky v\u00fdm\u011bnou za vlastnoru\u010dn\u011b vyrobenou ozdobu na strome\u010dek. Po slavnostn\u00edm rozsv\u00edcen\u00ed strome\u010dku, vystoupila hudebn\u00ed kapela, jej\u00ed\u017e, nejen v\u00e1no\u010dn\u00ed p\u00edsn\u011b, jste si mohli vychutnat se \u0161\u00e1lkem v\u00fdborn\u00e9ho d\u011btsk\u00e9ho i dosp\u011bl\u00e1ck\u00e9ho pun\u010de.<\/p>\n<p>&nbsp;<\/p>\n<p>Do \u010dinnosti na\u0161eho spolku pat\u0159\u00ed rovn\u011b\u017e roz\u0161i\u0159ov\u00e1n\u00ed mo\u017enost\u00ed sportovn\u00edho vy\u017eit\u00ed pro nejen na\u0161e \u010dleny a obyvatele na\u0161\u00ed m\u011bstsk\u00e9 \u010d\u00e1sti. Jak se \u0159\u00edk\u00e1, ve zdrav\u00e9m t\u011ble zdrav\u00fd duch. Proto poskytujeme na\u0161i klubovnu v&nbsp;ka\u017ed\u00e9 pond\u011bl\u00ed k&nbsp;ve\u010deru pro cvi\u010den\u00ed na\u0161im d\u00e1m\u00e1m, v&nbsp;\u00fater\u00fd a \u010dtvrtky po\u0159\u00e1d\u00e1me ve spolupr\u00e1ci se skupinou Spartan T\u0159inec v&nbsp;t\u011blocvi\u010dn\u011b \u0161koly kondi\u010dn\u00ed tr\u00e9ninky pro \u0161irok\u00e9 spektrum \u00fa\u010dastn\u00edk\u016f, v&nbsp;ned\u011bli je mo\u017en\u00e9 p\u0159ij\u00edt si zahr\u00e1t florbal a volejbal. Ve st\u0159edy jsou rezervov\u00e1ny prostory klubovny pro hru stoln\u00edho tenisu. Bli\u017e\u0161\u00ed info najdete na na\u0161ich webov\u00fdch str\u00e1nk\u00e1ch. Jsme r\u00e1di, \u017ee je o sportov\u00e1n\u00ed velk\u00fd z\u00e1jem, kdy\u017e i tohle je p\u0159\u00edle\u017eitost k&nbsp;navazov\u00e1n\u00ed \u010di utu\u017eov\u00e1n\u00ed nejen sousedsk\u00fdch vztah\u016f.<\/p>\n<p>&nbsp;<\/p>\n<p>T\u00edmto se v\u00fd\u010det na\u0161\u00ed ve\u0159ejn\u00e9 \u010dinnosti v&nbsp;roce 2024 uzav\u00edr\u00e1. Z&nbsp;nejr\u016fzn\u011bj\u0161\u00edch d\u016fvod\u016f, a\u0165 u\u017e rodinn\u00fdch, technick\u00fdch \u010di \u010dasov\u00fdch se nepovedlo uspo\u0159\u00e1dat kv\u011btnov\u00fd z\u00e1jezd, ani v&nbsp;n\u00e1hradn\u00edm listopadov\u00e9m term\u00ednu, \u010dervencovou v\u00fdstavu panenek, srpnovou gul\u00e1\u0161ovku a \u0159\u00edjnov\u00e9 setk\u00e1n\u00ed starousedl\u00edk\u016f. Dal\u0161\u00edm nerealizovan\u00fdm n\u00e1padem byly deskohern\u00ed ve\u010dery. V\u011b\u0159\u00edme nicm\u00e9n\u011b, \u017ee jsme pl\u00e1n pr\u00e1ce vhodn\u011b doplnili nov\u00fdmi akcemi, a neuskute\u010dn\u011bn\u00e9 t\u00e9mata mohou b\u00fdt realizov\u00e1ny v&nbsp;roce p\u0159\u00ed\u0161t\u00edm.<\/p>\n<p>&nbsp;<\/p>\n<p>&nbsp;<\/p>\n<ul>\n<li><strong>Statistick\u00e9 ok\u00e9nko<\/strong><\/li>\n<\/ul>\n<p>Po\u010det \u010dlen\u016f v&nbsp;roce 2024:&nbsp;&nbsp;&nbsp;&nbsp;&nbsp;&nbsp;&nbsp;&nbsp;&nbsp;&nbsp;&nbsp;&nbsp;&nbsp; 43<\/p>\n<p>Po\u010det uspo\u0159\u00e1dan\u00fdch akc\u00ed dle pl\u00e1nu: &nbsp;&nbsp;&nbsp;&nbsp;&nbsp;&nbsp; 8\/12<\/p>\n<p>Po\u010det neuspo\u0159\u00e1dan\u00fdch akc\u00ed dle pl\u00e1nu: &nbsp; 4\/12<\/p>\n<p>Po\u010det uspo\u0159\u00e1dan\u00fdch nov\u00fdch akc\u00ed nad pl\u00e1n: 6<\/p>\n<p>Po\u010det podpo\u0159en\u00fdch neziskov\u00fdch iniciativ: 3<\/p>\n<p>&nbsp;<\/p>\n<ul>\n<li><strong>Slo\u017een\u00ed v\u00fdboru spolku v&nbsp;roce 2024<\/strong><\/li>\n<\/ul>\n<p>&nbsp;<\/p>\n<p>Ing. Tadeusz Czapla&nbsp;&nbsp;&nbsp;&nbsp;&nbsp;&nbsp;&nbsp; P\u0159edseda \u2013 jednatel&nbsp;&nbsp;&nbsp;&nbsp;&nbsp;&nbsp;&nbsp;&nbsp;&nbsp;&nbsp;&nbsp;&nbsp;&nbsp;&nbsp;&nbsp;&nbsp;&nbsp;&nbsp;&nbsp;&nbsp;&nbsp;&nbsp;<\/p>\n<p>Bc. Luk\u00e1\u0161 Kulla&nbsp;&nbsp; &nbsp;&nbsp;&nbsp;&nbsp;&nbsp;&nbsp;&nbsp;&nbsp;&nbsp;&nbsp;&nbsp;&nbsp;&nbsp;&nbsp; M\u00edstop\u0159edseda administrace webov\u00fdch str\u00e1nek, propagace v&nbsp;elektr. podob\u011b<\/p>\n<p>Mgr. David Konderla&nbsp;&nbsp;&nbsp;&nbsp;&nbsp;&nbsp; M\u00edstop\u0159edseda vy\u0159izov\u00e1n\u00ed grant\u016f, pr\u00e1vn\u00ed dozor<\/p>\n<p>Ing. Ond\u0159ej Kulla PhD. &nbsp;&nbsp; Pokladn\u00ed a zapisovatel&nbsp;&nbsp;&nbsp;&nbsp;&nbsp;&nbsp;&nbsp;&nbsp;&nbsp;&nbsp;&nbsp;&nbsp;&nbsp;&nbsp;&nbsp;&nbsp;&nbsp;<\/p>\n<p>Pavl\u00edna Skupie\u0148ov\u00e1 &nbsp;&nbsp;&nbsp;&nbsp;&nbsp;&nbsp; Spr\u00e1va klubovny, spr\u00e1va n\u00e1st\u011bnky a propagace ve fyzick\u00e9 podob\u011b<\/p>\n<p>Jana \u0160matlavov\u00e1&nbsp;&nbsp;&nbsp;&nbsp;&nbsp;&nbsp;&nbsp;&nbsp;&nbsp;&nbsp;&nbsp;&nbsp;&nbsp; Spr\u00e1va klubovny&nbsp;&nbsp;&nbsp;&nbsp;&nbsp;&nbsp;&nbsp;&nbsp;&nbsp;&nbsp;&nbsp;&nbsp;&nbsp;&nbsp;<\/p>\n<p>Helena Kullov\u00e1&nbsp;&nbsp;&nbsp;&nbsp;&nbsp;&nbsp;&nbsp;&nbsp;&nbsp;&nbsp;&nbsp;&nbsp;&nbsp;&nbsp;&nbsp;&nbsp; Spr\u00e1va klubovny&nbsp;&nbsp;&nbsp;&nbsp;&nbsp;&nbsp;&nbsp;&nbsp;&nbsp;&nbsp;&nbsp;&nbsp;&nbsp;&nbsp;&nbsp;&nbsp;&nbsp;&nbsp;&nbsp;&nbsp;&nbsp;&nbsp;&nbsp;&nbsp;&nbsp;&nbsp;&nbsp;&nbsp;<\/p>\n<p>&nbsp;<\/p>\n<p>Po\u010det sch\u016fz\u00ed: 5<\/p>\n<p>Pr\u016fm\u011brn\u00e1 \u00fa\u010dast: 5, z&nbsp;toho 1 t\u00e9m\u011b\u0159 pravideln\u011b online<\/p>\n<p>Pr\u016fb\u011b\u017en\u00e1 komunikace v\u011bt\u0161iny \u010dlen\u016f prost\u0159ednictv\u00edm chatov\u00e9 aplikace umo\u017enila sn\u00ed\u017een\u00ed po\u010dtu nutn\u00fdch zased\u00e1n\u00ed v\u00fdboru a p\u0159esto efektivn\u00ed fungov\u00e1n\u00ed. D\u016fle\u017eit\u00e1 hlasov\u00e1n\u00ed prob\u00edhala pouze na sch\u016fz\u00edch v\u00fdboru s&nbsp;v\u011bt\u0161inovou fyzickou \u00fa\u010dast\u00ed.&nbsp;<\/p>\n<p>&nbsp;<\/p>\n<ul>\n<li><strong>Finance spolku Za rozvoj Konsk\u00e9<\/strong><\/li>\n<\/ul>\n<p>&nbsp;<\/p>\n<p>Spolek i v&nbsp;roce 2024 pracoval s&nbsp;rekordn\u00edm obratem \u010dili v\u00fddaji ve v\u00fd\u0161i 277 115 K\u010d.<\/p>\n<p>Dotace jin\u00fdch subjekt\u016f dos\u00e1hly \u010d\u00e1stky 120&nbsp;000 K\u010d.<\/p>\n<p>Hospoda\u0159en\u00ed spolku bylo v&nbsp;roce 2024 ziskov\u00e9.<\/p>\n<p>Podrobn\u00e9 vy\u00fa\u010dtov\u00e1n\u00ed k&nbsp;nahl\u00e9dnut\u00ed v&nbsp;opr\u00e1vn\u011bn\u00e9m z\u00e1jmu u p\u0159edsedy spolku.<\/p>\n<p>&nbsp;<\/p>\n<ul>\n<li><strong>Klubovna v&nbsp;roce 2024<\/strong><\/li>\n<\/ul>\n<p>&nbsp;<\/p>\n<p>Nepostradateln\u00fdm z\u00e1zem\u00edm pro na\u0161i \u010dinnost je na\u0161e klubovna, ve kter\u00e9 jsme po lo\u0148sk\u00fdch nemal\u00fdch investic\u00edch mohli v&nbsp;p\u0159\u00edjemn\u00e9m renovovan\u00e9m prost\u0159ed\u00ed tr\u00e1vit spole\u010dn\u00fd \u010das a uskute\u010dnit nejr\u016fzn\u011bj\u0161\u00ed n\u00e1pady a iniciativy. Jej\u00ed provozov\u00e1n\u00ed vy\u017eaduje rovn\u011b\u017e nemal\u00e9 \u00fasil\u00ed a jist\u00e9 finan\u010dn\u00ed prost\u0159edky, b\u00fdv\u00e1 zdrojem dodate\u010dn\u00fdch starost\u00ed, tak jako ka\u017ed\u00e1 nemovitost v&nbsp;osobn\u00edm vlastnictv\u00ed.<\/p>\n<p>V\u017edy jsme otev\u0159eni v\u0161em n\u00e1pad\u016fm, a\u0165 u\u017e jednotlivc\u016f \u010di jin\u00fdch organizac\u00ed p\u016fsob\u00edc\u00edch v&nbsp;na\u0161\u00ed m\u011bstsk\u00e9 \u010d\u00e1sti a r\u00e1di z\u00e1zem\u00ed na\u0161i klubovny sd\u00edl\u00edme pro nejr\u016fzn\u011bj\u0161\u00ed projekty, co\u017e je rovn\u011b\u017e c\u00edlem \u010dinnosti na\u0161eho spolku.<\/p>\n<p>&nbsp;<\/p>\n<p>&nbsp;<\/p>\n<p>\u010cinnost na\u0161eho spolku je pravideln\u011b podporov\u00e1n\u00ed dotac\u00ed Magistr\u00e1tu M\u011bsta T\u0159ince, leto\u0161n\u00ed rozpo\u010det pak pos\u00edlila i dotace Nadace \u010cEZ. D\u011bkujeme t\u00edmto v\u0161em sponzor\u016fm za podporu na\u0161ich projekt\u016f a na\u0161\u00ed \u010dinnosti. Pod\u011bkovat se slu\u0161\u00ed rovn\u011b\u017e v\u0161em, kte\u0159\u00ed svou pomoc\u00ed, ob\u011btavost\u00ed, schopnostmi a tich\u00fdmi sponzorsk\u00fdmi dary podpo\u0159ili na\u0161i \u010dinnost. D\u011bkujeme v\u0161em a t\u011b\u0161\u00edme se na setk\u00e1n\u00ed a spolupr\u00e1ci i v&nbsp;roce 2025!<\/p>\n<p>&nbsp;<\/p>\n<p>Rok 2024 nejen na z\u00e1klad\u011b v\u00fd\u0161e uveden\u00e9ho pova\u017euji za \u00fasp\u011b\u0161n\u00fd a c\u00edl \u010dinnosti Spolku za napln\u011bn\u00fd.<\/p>\n<p>&nbsp;<\/p>\n<p>Za spolek \u201eZa rozvoj Konsk\u00e9\u201c vypracoval Ing. Taduesz Czapla<\/p>\n<p>&nbsp;<\/p>\n<p>Origin\u00e1l: <a href=\"https:\/\/spolek.konska-osuvky.cz\/wp-content\/uploads\/2025\/01\/Souhrn-Cinnosti-Spolku-2024-Tado-upload-web.pdf\">Souhrn \u010cinnosti Spolku 2024 Tado upload web<\/a><\/p>","protected":false},"excerpt":{"rendered":"<p>Rok 2024 je za n\u00e1mi a u p\u0159\u00edle\u017eitosti v\u00fdro\u010dn\u00ed \u010clensk\u00e9 sch\u016fze na\u0161eho spolku Za rozvoj Konsk\u00e9 mi dovolte v&nbsp;n\u011bkolik bloc\u00edch \u010dinnost spolku shrnout. Na\u0161e celoro\u010dn\u00ed \u010dinnost vypl\u00fdv\u00e1 ze stanov Spolku a jej\u00edm c\u00edlem je sbli\u017eovat lidi nejen v&nbsp;r\u00e1mci na\u0161\u00ed m\u011bstsk\u00e9 \u010d\u00e1sti. Dlouholetou snahou spolku je ka\u017ed\u00fd m\u011bs\u00edc vytv\u00e1\u0159et p\u0159\u00edle\u017eitost pro vz\u00e1jemn\u00e9 setk\u00e1v\u00e1n\u00ed na nejr\u016fzn\u011bj\u0161\u00edch akc\u00edch [&hellip;]<\/p>","protected":false},"author":3,"featured_media":3613,"comment_status":"open","ping_status":"open","sticky":false,"template":"","format":"standard","meta":{"ngg_post_thumbnail":0,"footnotes":""},"categories":[3,6],"tags":[],"class_list":["post-4971","post","type-post","status-publish","format-standard","has-post-thumbnail","hentry","category-novinky","category-zapisy-ze-schuzi"],"blog_post_layout_featured_media_urls":{"thumbnail":["https:\/\/spolek.konska-osuvky.cz\/wp-content\/uploads\/2023\/01\/kniha-150x150.jpg",150,150,true],"full":["https:\/\/spolek.konska-osuvky.cz\/wp-content\/uploads\/2023\/01\/kniha.jpg",820,568,false]},"categories_names":{"3":{"name":"News","link":"https:\/\/spolek.konska-osuvky.cz\/en\/category\/novinky\/"},"6":{"name":"Z\u00e1pisy ze sch\u016fz\u00ed","link":"https:\/\/spolek.konska-osuvky.cz\/en\/category\/zapisy-ze-schuzi\/"}},"tags_names":[],"comments_number":"0","wpmagazine_modules_lite_featured_media_urls":{"thumbnail":["https:\/\/spolek.konska-osuvky.cz\/wp-content\/uploads\/2023\/01\/kniha-150x150.jpg",150,150,true],"cvmm-medium":["https:\/\/spolek.konska-osuvky.cz\/wp-content\/uploads\/2023\/01\/kniha.jpg",300,208,false],"cvmm-medium-plus":["https:\/\/spolek.konska-osuvky.cz\/wp-content\/uploads\/2023\/01\/kniha.jpg",299,207,false],"cvmm-portrait":["https:\/\/spolek.konska-osuvky.cz\/wp-content\/uploads\/2023\/01\/kniha.jpg",400,277,false],"cvmm-medium-square":["https:\/\/spolek.konska-osuvky.cz\/wp-content\/uploads\/2023\/01\/kniha.jpg",600,416,false],"cvmm-large":["https:\/\/spolek.konska-osuvky.cz\/wp-content\/uploads\/2023\/01\/kniha.jpg",820,568,false],"cvmm-small":["https:\/\/spolek.konska-osuvky.cz\/wp-content\/uploads\/2023\/01\/kniha.jpg",130,90,false],"full":["https:\/\/spolek.konska-osuvky.cz\/wp-content\/uploads\/2023\/01\/kniha.jpg",820,568,false]},"_links":{"self":[{"href":"https:\/\/spolek.konska-osuvky.cz\/en\/wp-json\/wp\/v2\/posts\/4971","targetHints":{"allow":["GET"]}}],"collection":[{"href":"https:\/\/spolek.konska-osuvky.cz\/en\/wp-json\/wp\/v2\/posts"}],"about":[{"href":"https:\/\/spolek.konska-osuvky.cz\/en\/wp-json\/wp\/v2\/types\/post"}],"author":[{"embeddable":true,"href":"https:\/\/spolek.konska-osuvky.cz\/en\/wp-json\/wp\/v2\/users\/3"}],"replies":[{"embeddable":true,"href":"https:\/\/spolek.konska-osuvky.cz\/en\/wp-json\/wp\/v2\/comments?post=4971"}],"version-history":[{"count":2,"href":"https:\/\/spolek.konska-osuvky.cz\/en\/wp-json\/wp\/v2\/posts\/4971\/revisions"}],"predecessor-version":[{"id":4974,"href":"https:\/\/spolek.konska-osuvky.cz\/en\/wp-json\/wp\/v2\/posts\/4971\/revisions\/4974"}],"wp:featuredmedia":[{"embeddable":true,"href":"https:\/\/spolek.konska-osuvky.cz\/en\/wp-json\/wp\/v2\/media\/3613"}],"wp:attachment":[{"href":"https:\/\/spolek.konska-osuvky.cz\/en\/wp-json\/wp\/v2\/media?parent=4971"}],"wp:term":[{"taxonomy":"category","embeddable":true,"href":"https:\/\/spolek.konska-osuvky.cz\/en\/wp-json\/wp\/v2\/categories?post=4971"},{"taxonomy":"post_tag","embeddable":true,"href":"https:\/\/spolek.konska-osuvky.cz\/en\/wp-json\/wp\/v2\/tags?post=4971"}],"curies":[{"name":"wp","href":"https:\/\/api.w.org\/{rel}","templated":true}]}}