{"id":4962,"date":"2025-01-03T20:54:47","date_gmt":"2025-01-03T18:54:47","guid":{"rendered":"https:\/\/spolek.konska-osuvky.cz\/?p=4962"},"modified":"2025-01-03T20:54:47","modified_gmt":"2025-01-03T18:54:47","slug":"zapis-ze-schuze-spolku-za-rozvoj-konske-6-11-2024","status":"publish","type":"post","link":"https:\/\/spolek.konska-osuvky.cz\/en\/zapisy-ze-schuzi\/zapis-ze-schuze-spolku-za-rozvoj-konske-6-11-2024\/","title":{"rendered":"Z\u00e1pis ze sch\u016fze spolku Za rozvoj Konsk\u00e9 6.11.2024"},"content":{"rendered":"<p><strong><u>Z\u00e1pis z&nbsp;5. sch\u016fze v\u00fdboru spolku \u201eZa rozvoj Konsk\u00e9\u201c v&nbsp;roce 2024 <\/u><\/strong><\/p>\n<ul>\n<li>Datum: 06.11.2024<\/li>\n<li>M\u00edsto: T\u0159inec \u2013 Konsk\u00e1 48, 739 61 T\u0159inec<\/li>\n<li>Autor: Ond\u0159ej Kulla, ov\u011b\u0159ovatel Tadeusz Czapla<\/li>\n<li>\u00da\u010dast: p\u0159\u00edtomni: Tadeusz Czapla, Ond\u0159ej Kulla, Pavl\u00edna Skupie\u0148ov\u00e1, Jana \u0160matlavov\u00e1, David Konderla (online)<br \/>\nnep\u0159\u00edtomni: Helena Kullov\u00e1, Luk\u00e1\u0161 Kulla<\/li>\n<\/ul>\n<p><strong><em><u>Program jedn\u00e1n\u00ed, t\u00e9mata a usnesen\u00ed<\/u><\/em><\/strong><\/p>\n<ul>\n<li><em><u>\u00davodn\u00ed slovo<\/u><\/em><\/li>\n<\/ul>\n<p><u>&nbsp;<\/u><\/p>\n<p>Uv\u00edt\u00e1n\u00ed v\u0161ech p\u0159\u00edtomn\u00fdch \u010dlen\u016f v\u00fdboru spolku p\u0159edsedou spolku panem Tadeuszem Czaplou, sezn\u00e1men\u00ed s&nbsp;programem sch\u016fze. &nbsp;<\/p>\n<p>&nbsp;<\/p>\n<ul>\n<li><em><u>Ovocn\u00fd sad<\/u><\/em><\/li>\n<\/ul>\n<p><em><u>&nbsp;<\/u><\/em><\/p>\n<p>Ve\u0161ker\u00e9 z\u00e1le\u017eitost\u00ed bude obstar\u00e1vat firma Hajn\u00fd nature s.r.o. Fotografie budou nahr\u00e1ny na web.<\/p>\n<p>&nbsp;<\/p>\n<ul>\n<li><em><u>Fotbalov\u00fd turnaj<\/u><\/em><\/li>\n<\/ul>\n<p>Pod\u011bkov\u00e1n\u00ed za \u00fa\u010dast a nasazen\u00ed. Vy\u00fa\u010dtov\u00e1n\u00ed akce. P\u0159\u00ed\u0161t\u00ed rok 2025 up\u0159esnit p\u0159ed podobn\u00fdmi akcemi benefity pro organiz\u00e1tory a zv\u00fd\u0161it propagaci.<\/p>\n<ul>\n<li><em><u>P\u0159edn\u00e1\u0161ka kyber\u0161mejdi<\/u><\/em><\/li>\n<\/ul>\n<p>Term\u00edn akce ned\u011ble 24.11.2024 v&nbsp;16:00, sraz 15:30, s&nbsp;mal\u00fdm ob\u010derstven\u00edm.<\/p>\n<p>Plak\u00e1t bude vypracov\u00e1n. Projektor poskytne Ond\u0159ej Kulla.<\/p>\n<ul>\n<li><em><u>V\u00fdlet spolku 2024<\/u><\/em><\/li>\n<\/ul>\n<p>Nebude.<\/p>\n<ul>\n<li><em><u>Bazar d\u011btsk\u00e9ho oble\u010den\u00ed<\/u><\/em><\/li>\n<\/ul>\n<p>V&nbsp;prostorech klubovny spolku prob\u011bhl bazar d\u011btsk\u00e9ho oble\u010den\u00ed.<\/p>\n<p><em><u>&nbsp;<\/u><\/em><\/p>\n<ul>\n<li><em><u>Tvorba v\u00e1no\u010dn\u00edch v\u011bnc\u016f<\/u><\/em><\/li>\n<\/ul>\n<p>Poskytnut\u00ed prostor klubovny pro charitativn\u00ed akci 28.-30.11.2024. Klubovna bude p\u0159ipravena p\u0159edem.<\/p>\n<p><em><u>&nbsp;<\/u><\/em><\/p>\n<ul>\n<li><em><u>Rozsv\u00edcen\u00ed v\u00e1no\u010dn\u00edho strome\u010dku 2024<\/u><\/em><\/li>\n<\/ul>\n<p><em><u>&nbsp;<\/u><\/em><\/p>\n<p>Term\u00edn 13.12.2024. Akce bude realizov\u00e1na v&nbsp;kooperaci organizace SRP\u0160. M\u00edsto kon\u00e1n\u00ed akce p\u0159edb\u011b\u017en\u011b p\u0159ed klubovnou spolku.<\/p>\n<p>&nbsp;<\/p>\n<ul>\n<li><em><u>Sportovn\u00ed aktivity spolku<\/u><\/em><\/li>\n<\/ul>\n<p><em><u>&nbsp;<\/u><\/em><\/p>\n<p>Akce prob\u00edhaj\u00ed v&nbsp;pond\u011blky, ping pong st\u0159edy a kondi\u010dn\u00ed tr\u00e9ninky skupiny Spartan, v&nbsp;n\u011bd\u011ble prob\u00edh\u00e1 florbal.<\/p>\n<p>Pen\u00edze za tr\u00e9ninky za\u0161lou na B\u00da hromadn\u011b.<\/p>\n<p>V&nbsp;p\u0159\u00edpad\u011b z\u00e1jmu se hl\u00e1sit na str\u00e1nk\u00e1ch FB z&nbsp;d\u016fvod\u016f organizace tr\u00e9nink\u016f. Mohou se \u00fa\u010dastnit i rodi\u010de s&nbsp;d\u011btmi. V&nbsp;p\u0159\u00edpad\u011b dotaz\u016f se infomovat p. T.Czaply nebo L. Kully.<\/p>\n<p>Tr\u00e9ninky ping pongu \u2013 bude v&nbsp;klubovn\u011b pokladna na vstupn\u00e9.<\/p>\n<p>&nbsp;<\/p>\n<p>T\u0159\u00edkr\u00e1lov\u00e1 sch\u016fze 04.01.2025 v&nbsp;17:00 h.<\/p>\n<p>&nbsp;<\/p>\n<ul>\n<li><em><u>Voln\u00e1 diskuse<\/u><\/em><\/li>\n<\/ul>\n<p><em><u>&nbsp;<\/u><\/em><\/p>\n<p>Nov\u00e9 reg\u00e1ly do sklepu?<\/p>\n<p>Uv\u00e1d\u011bt logo statut\u00e1rn\u00edho m\u011bsta T\u0159inec a spole\u010dnosti \u010cEZ v&nbsp;propagaci jako partnera.<\/p>\n<p>Na n\u00e1st\u011bnku uv\u00e9st informa\u010dn\u00ed let\u00e1k &#8211; kontakty spolku a partnery spolku.<\/p>\n<p>&nbsp;<\/p>\n<p>sch\u016fze \u00faterky\/\u010dtvrtky<\/p>\n<p>&nbsp;<\/p>\n<p>Term\u00edn dal\u0161\u00ed sch\u016fze st\u0159eda.<\/p>\n<p>Po\u010det p\u0159\u00edloh z\u00e1pisu:&nbsp;&nbsp;&nbsp;&nbsp;&nbsp;&nbsp;&nbsp; 0<\/p>\n<p>Seznam p\u0159\u00edloh:&nbsp;&nbsp;&nbsp;&nbsp;&nbsp;&nbsp;&nbsp;&nbsp;&nbsp;&nbsp;&nbsp;&nbsp;&nbsp;&nbsp;&nbsp;&nbsp;&nbsp; 0<\/p>\n<p>&nbsp;<\/p>\n<p><em>V&nbsp;Konsk\u00e9 dne 06.11.2024<\/em><\/p>\n<p><em>Autor: Ing. Ond\u0159ej Kulla, Ph.D.<\/em><\/p>\n<p><em>Ov\u011b\u0159ovatel: Ing. Tadeusz Czapla<\/em><\/p>\n<p>Origin\u00e1l: <a href=\"https:\/\/spolek.konska-osuvky.cz\/wp-content\/uploads\/2025\/01\/Zapis-schuze-spolku-5-24-6.11.2024.docx\">Z\u00e1pis-sch\u016fze-spolku-5-24-6.11.2024<\/a><\/p>","protected":false},"excerpt":{"rendered":"<p>Z\u00e1pis z&nbsp;5. sch\u016fze v\u00fdboru spolku \u201eZa rozvoj Konsk\u00e9\u201c v&nbsp;roce 2024 Datum: 06.11.2024 M\u00edsto: T\u0159inec \u2013 Konsk\u00e1 48, 739 61 T\u0159inec Autor: Ond\u0159ej Kulla, ov\u011b\u0159ovatel Tadeusz Czapla \u00da\u010dast: p\u0159\u00edtomni: Tadeusz Czapla, Ond\u0159ej Kulla, Pavl\u00edna Skupie\u0148ov\u00e1, Jana \u0160matlavov\u00e1, David Konderla (online) nep\u0159\u00edtomni: Helena Kullov\u00e1, Luk\u00e1\u0161 Kulla Program jedn\u00e1n\u00ed, t\u00e9mata a usnesen\u00ed \u00davodn\u00ed slovo &nbsp; Uv\u00edt\u00e1n\u00ed v\u0161ech p\u0159\u00edtomn\u00fdch [&hellip;]<\/p>","protected":false},"author":1,"featured_media":0,"comment_status":"open","ping_status":"open","sticky":false,"template":"","format":"standard","meta":{"ngg_post_thumbnail":0,"footnotes":""},"categories":[6],"tags":[],"class_list":["post-4962","post","type-post","status-publish","format-standard","hentry","category-zapisy-ze-schuzi"],"blog_post_layout_featured_media_urls":{"thumbnail":"","full":""},"categories_names":{"6":{"name":"Z\u00e1pisy ze sch\u016fz\u00ed","link":"https:\/\/spolek.konska-osuvky.cz\/en\/category\/zapisy-ze-schuzi\/"}},"tags_names":[],"comments_number":"0","wpmagazine_modules_lite_featured_media_urls":{"thumbnail":"","cvmm-medium":"","cvmm-medium-plus":"","cvmm-portrait":"","cvmm-medium-square":"","cvmm-large":"","cvmm-small":"","full":""},"_links":{"self":[{"href":"https:\/\/spolek.konska-osuvky.cz\/en\/wp-json\/wp\/v2\/posts\/4962","targetHints":{"allow":["GET"]}}],"collection":[{"href":"https:\/\/spolek.konska-osuvky.cz\/en\/wp-json\/wp\/v2\/posts"}],"about":[{"href":"https:\/\/spolek.konska-osuvky.cz\/en\/wp-json\/wp\/v2\/types\/post"}],"author":[{"embeddable":true,"href":"https:\/\/spolek.konska-osuvky.cz\/en\/wp-json\/wp\/v2\/users\/1"}],"replies":[{"embeddable":true,"href":"https:\/\/spolek.konska-osuvky.cz\/en\/wp-json\/wp\/v2\/comments?post=4962"}],"version-history":[{"count":1,"href":"https:\/\/spolek.konska-osuvky.cz\/en\/wp-json\/wp\/v2\/posts\/4962\/revisions"}],"predecessor-version":[{"id":4963,"href":"https:\/\/spolek.konska-osuvky.cz\/en\/wp-json\/wp\/v2\/posts\/4962\/revisions\/4963"}],"wp:attachment":[{"href":"https:\/\/spolek.konska-osuvky.cz\/en\/wp-json\/wp\/v2\/media?parent=4962"}],"wp:term":[{"taxonomy":"category","embeddable":true,"href":"https:\/\/spolek.konska-osuvky.cz\/en\/wp-json\/wp\/v2\/categories?post=4962"},{"taxonomy":"post_tag","embeddable":true,"href":"https:\/\/spolek.konska-osuvky.cz\/en\/wp-json\/wp\/v2\/tags?post=4962"}],"curies":[{"name":"wp","href":"https:\/\/api.w.org\/{rel}","templated":true}]}}