{"id":4960,"date":"2025-01-03T20:53:41","date_gmt":"2025-01-03T18:53:41","guid":{"rendered":"https:\/\/spolek.konska-osuvky.cz\/?p=4960"},"modified":"2025-01-03T20:53:41","modified_gmt":"2025-01-03T18:53:41","slug":"zapis-ze-schuze-spolku-za-rozvoj-konske-12-8-2024","status":"publish","type":"post","link":"https:\/\/spolek.konska-osuvky.cz\/en\/zapisy-ze-schuzi\/zapis-ze-schuze-spolku-za-rozvoj-konske-12-8-2024\/","title":{"rendered":"Z\u00e1pis ze sch\u016fze spolku Za rozvoj Konsk\u00e9 12.8.2024"},"content":{"rendered":"<p><strong><u>Z\u00e1pis z&nbsp;4. sch\u016fze v\u00fdboru spolku \u201eZa rozvoj Konsk\u00e9\u201c v&nbsp;roce 2024 <\/u><\/strong><\/p>\n<ul>\n<li>Datum: 12.08.2024<\/li>\n<li>M\u00edsto: T\u0159inec \u2013 Konsk\u00e1 48, 739 61 T\u0159inec<\/li>\n<li>Autor: Ond\u0159ej Kulla, ov\u011b\u0159ovatel Tadeusz Czapla<\/li>\n<li>\u00da\u010dast: p\u0159\u00edtomni: Tadeusz Czapla, Ond\u0159ej Kulla, Pavl\u00edna Skupie\u0148ov\u00e1, Jana \u0160matlavov\u00e1, Luk\u00e1\u0161 Kulla, David Konderla (online)<br \/>\nnep\u0159\u00edtomni: Helena Kullov\u00e1<\/li>\n<\/ul>\n<p><strong><em><u>Program jedn\u00e1n\u00ed, t\u00e9mata a usnesen\u00ed:&nbsp;&nbsp;&nbsp;&nbsp;&nbsp;&nbsp;&nbsp;&nbsp;&nbsp;&nbsp;&nbsp;&nbsp;&nbsp;&nbsp;&nbsp;&nbsp;&nbsp;&nbsp;&nbsp;&nbsp;&nbsp;&nbsp;&nbsp;&nbsp;&nbsp;&nbsp;&nbsp;&nbsp;&nbsp;&nbsp;&nbsp;&nbsp;&nbsp;&nbsp;&nbsp;&nbsp;&nbsp;&nbsp;&nbsp;&nbsp;&nbsp;&nbsp;&nbsp;&nbsp;&nbsp;&nbsp;&nbsp;&nbsp;&nbsp;&nbsp;&nbsp;&nbsp;&nbsp;&nbsp;&nbsp;&nbsp;&nbsp;&nbsp;&nbsp;&nbsp;&nbsp;&nbsp; <\/u><\/em><\/strong><\/p>\n<ul>\n<li><em><u>\u00davodn\u00ed slovo<\/u><\/em><\/li>\n<\/ul>\n<p><u>&nbsp;<\/u><\/p>\n<p>Uv\u00edt\u00e1n\u00ed v\u0161ech p\u0159\u00edtomn\u00fdch \u010dlen\u016f v\u00fdboru spolku p\u0159edsedou spolku panem Tadeuszem Czaplou, sezn\u00e1men\u00ed s&nbsp;programem sch\u016fze. &nbsp;<\/p>\n<ul>\n<li><em><u>Vy\u00fa\u010dtov\u00e1n\u00ed tr\u00e9nink\u016f ping pongu<\/u><\/em><\/li>\n<\/ul>\n<p><em><u>&nbsp;<\/u><\/em><\/p>\n<p>Do\u0161lo k&nbsp;vy\u00fa\u010dtov\u00e1n\u00ed pokladny za ping pongov\u00e9 tr\u00e9ninky.<\/p>\n<p>&nbsp;<\/p>\n<ul>\n<li><em><u>Upozorn\u011bn\u00ed na mno\u017estv\u00ed akc\u00ed po pr\u00e1zdnin\u00e1ch- obsazenost klubovny<\/u><\/em><\/li>\n<\/ul>\n<p><em><u>&nbsp;<\/u><\/em><\/p>\n<p>Vyt\u00ed\u017eenost b\u011bhem pr\u00e1zdnin klubovny byla dobr\u00e1. B\u00fdt opatrn\u00fd po pr\u00e1zdnin\u00e1ch na po\u010det akc\u00ed<\/p>\n<p>&nbsp;<\/p>\n<ul>\n<li><em><u>Fotbalov\u00fd turnaj<\/u><\/em><\/li>\n<\/ul>\n<p>21.9. term\u00edn fotbalov\u00e9ho turnaje, zm\u011bna n\u00e1zvu turnaje v&nbsp;mal\u00e9 kopan\u00e9 na n\u00e1zev in memoriam Radka Ciencaly (bude je\u0161t\u011b detaily up\u0159esn\u011bny p\u0159\u00ed\u0161t\u011b)<\/p>\n<p>Luk\u00e1\u0161 Pyszko se zaanga\u017euje do p\u0159\u00edprav turnaje.<\/p>\n<p>N\u00e1vrh j\u00edt nejd\u0159\u00edve s&nbsp;kytkou na hrob.<\/p>\n<p>Na oslavy 720 let vypsat grant na participovan\u00fd rozpo\u010det od m\u011bsta T\u0159inec (mo\u017en\u00e9 &nbsp;z\u00edskat a\u017e&nbsp; 30.000 K\u010d)<\/p>\n<p>Vypracovat plak\u00e1t, oslovit \u010dleny ke grilu.<\/p>\n<p>Pokladn\u00ed p\u0159iprav\u00ed pokladny<\/p>\n<p>Existen\u010dn\u00ed probl\u00e9m PZKO, ot\u00e1zkou co s&nbsp;les\u00edkem??? (Spolek, zvl\u00e1\u0161\u0165 spolek os\u016fvky nebo nic)<\/p>\n<ul>\n<li><em><u>Term\u00edn v\u00fdlet<\/u><\/em><\/li>\n<\/ul>\n<p>N\u00e1vrh Teplice nad Be\u010dvou + Helf\u0161t\u00fdn<\/p>\n<p>Term\u00edn 5.10. nebo 12.10.? (nebo je\u0161t\u011b jin\u00fd??)<\/p>\n<ul>\n<li><em><u>P\u0159edn\u00e1\u0161ka o kyber\u0161mejdech<\/u><\/em><\/li>\n<\/ul>\n<p>Term\u00edn p\u0159edn\u00e1\u0161ky 16.11. v&nbsp;17:00 hodin<\/p>\n<p><em><u>&nbsp;<\/u><\/em><\/p>\n<ul>\n<li><em><u>Kondi\u010dn\u00ed tr\u00e9ninky a vyu\u017eit\u00ed t\u011blocvi\u010dny v&nbsp;r\u00e1mci spolku<\/u><\/em><\/li>\n<\/ul>\n<p>Spartan T\u0159inec maj\u00ed z\u00e1jem o vyu\u017eit\u00ed t\u011blocvi\u010dny v&nbsp;r\u00e1mci cvi\u010den\u00ed<\/p>\n<p>Kondi\u010dn\u00ed tr\u00e9ninky pod J. Nieslanikem ji\u017e nebudou.<\/p>\n<p>Ping pong tr\u00e9ninky budou.<\/p>\n<p>Florbal tr\u00e9ninku budou prob\u00edhat.<\/p>\n<ul>\n<li><em><u>Rozsv\u00edcen\u00ed v\u00e1no\u010dn\u00edho strome\u010dku<\/u><\/em><\/li>\n<\/ul>\n<p>Term\u00edn akce 13.12.2024 v&nbsp;kooperaci se SRP\u0160.<\/p>\n<ul>\n<li><em><u>Ovocn\u00fd sad (Roman Bezecn\u00fd)<\/u><\/em><\/li>\n<\/ul>\n<p>M\u00edsto nalevo od Byrtus\u016f, \u010cEZ oprava alej\u00ed, cca 30 strom\u016f.<\/p>\n<p>\u00dadr\u017eba p. Bezecn\u00fd, ve\u0159ejn\u00fd sad, pod z\u00e1\u0161titou spolku, dotace na 10 let.<\/p>\n<p>Oplocen\u00ed nebude (mo\u017en\u00e1 i lavi\u010dka).<\/p>\n<ul>\n<li>Term\u00edn dal\u0161\u00ed sch\u016fze st\u0159eda 11.9. kolem 18:00.<\/li>\n<\/ul>\n<p>Po\u010det p\u0159\u00edloh z\u00e1pisu:&nbsp;&nbsp;&nbsp;&nbsp;&nbsp;&nbsp;&nbsp; 0<\/p>\n<p>Seznam p\u0159\u00edloh:&nbsp;&nbsp;&nbsp;&nbsp;&nbsp;&nbsp;&nbsp;&nbsp;&nbsp;&nbsp;&nbsp;&nbsp;&nbsp;&nbsp;&nbsp;&nbsp;&nbsp; 0<\/p>\n<p>&nbsp;<\/p>\n<p><em>V&nbsp;Konsk\u00e9 dne 12.08.2024<\/em><\/p>\n<p><em>Autor: Ing. Ond\u0159ej Kulla, Ph.D.<\/em><\/p>\n<p><em>Ov\u011b\u0159ovatel: Ing. Tadeusz Czapla<\/em><\/p>\n<p>&nbsp;<\/p>\n<p>Origin\u00e1l: <a href=\"https:\/\/spolek.konska-osuvky.cz\/wp-content\/uploads\/2025\/01\/Zapis-schuze-spolku-4-24-12.08.2024.docx\">Z\u00e1pis-sch\u016fze-spolku-4-24-12.08.2024<\/a><\/p>","protected":false},"excerpt":{"rendered":"<p>Z\u00e1pis z&nbsp;4. sch\u016fze v\u00fdboru spolku \u201eZa rozvoj Konsk\u00e9\u201c v&nbsp;roce 2024 Datum: 12.08.2024 M\u00edsto: T\u0159inec \u2013 Konsk\u00e1 48, 739 61 T\u0159inec Autor: Ond\u0159ej Kulla, ov\u011b\u0159ovatel Tadeusz Czapla \u00da\u010dast: p\u0159\u00edtomni: Tadeusz Czapla, Ond\u0159ej Kulla, Pavl\u00edna Skupie\u0148ov\u00e1, Jana \u0160matlavov\u00e1, Luk\u00e1\u0161 Kulla, David Konderla (online) nep\u0159\u00edtomni: Helena Kullov\u00e1 Program jedn\u00e1n\u00ed, t\u00e9mata a usnesen\u00ed:&nbsp;&nbsp;&nbsp;&nbsp;&nbsp;&nbsp;&nbsp;&nbsp;&nbsp;&nbsp;&nbsp;&nbsp;&nbsp;&nbsp;&nbsp;&nbsp;&nbsp;&nbsp;&nbsp;&nbsp;&nbsp;&nbsp;&nbsp;&nbsp;&nbsp;&nbsp;&nbsp;&nbsp;&nbsp;&nbsp;&nbsp;&nbsp;&nbsp;&nbsp;&nbsp;&nbsp;&nbsp;&nbsp;&nbsp;&nbsp;&nbsp;&nbsp;&nbsp;&nbsp;&nbsp;&nbsp;&nbsp;&nbsp;&nbsp;&nbsp;&nbsp;&nbsp;&nbsp;&nbsp;&nbsp;&nbsp;&nbsp;&nbsp;&nbsp;&nbsp;&nbsp;&nbsp; \u00davodn\u00ed slovo &nbsp; Uv\u00edt\u00e1n\u00ed v\u0161ech p\u0159\u00edtomn\u00fdch [&hellip;]<\/p>","protected":false},"author":1,"featured_media":0,"comment_status":"open","ping_status":"open","sticky":false,"template":"","format":"standard","meta":{"ngg_post_thumbnail":0,"footnotes":""},"categories":[6],"tags":[],"class_list":["post-4960","post","type-post","status-publish","format-standard","hentry","category-zapisy-ze-schuzi"],"blog_post_layout_featured_media_urls":{"thumbnail":"","full":""},"categories_names":{"6":{"name":"Z\u00e1pisy ze sch\u016fz\u00ed","link":"https:\/\/spolek.konska-osuvky.cz\/en\/category\/zapisy-ze-schuzi\/"}},"tags_names":[],"comments_number":"0","wpmagazine_modules_lite_featured_media_urls":{"thumbnail":"","cvmm-medium":"","cvmm-medium-plus":"","cvmm-portrait":"","cvmm-medium-square":"","cvmm-large":"","cvmm-small":"","full":""},"_links":{"self":[{"href":"https:\/\/spolek.konska-osuvky.cz\/en\/wp-json\/wp\/v2\/posts\/4960","targetHints":{"allow":["GET"]}}],"collection":[{"href":"https:\/\/spolek.konska-osuvky.cz\/en\/wp-json\/wp\/v2\/posts"}],"about":[{"href":"https:\/\/spolek.konska-osuvky.cz\/en\/wp-json\/wp\/v2\/types\/post"}],"author":[{"embeddable":true,"href":"https:\/\/spolek.konska-osuvky.cz\/en\/wp-json\/wp\/v2\/users\/1"}],"replies":[{"embeddable":true,"href":"https:\/\/spolek.konska-osuvky.cz\/en\/wp-json\/wp\/v2\/comments?post=4960"}],"version-history":[{"count":1,"href":"https:\/\/spolek.konska-osuvky.cz\/en\/wp-json\/wp\/v2\/posts\/4960\/revisions"}],"predecessor-version":[{"id":4961,"href":"https:\/\/spolek.konska-osuvky.cz\/en\/wp-json\/wp\/v2\/posts\/4960\/revisions\/4961"}],"wp:attachment":[{"href":"https:\/\/spolek.konska-osuvky.cz\/en\/wp-json\/wp\/v2\/media?parent=4960"}],"wp:term":[{"taxonomy":"category","embeddable":true,"href":"https:\/\/spolek.konska-osuvky.cz\/en\/wp-json\/wp\/v2\/categories?post=4960"},{"taxonomy":"post_tag","embeddable":true,"href":"https:\/\/spolek.konska-osuvky.cz\/en\/wp-json\/wp\/v2\/tags?post=4960"}],"curies":[{"name":"wp","href":"https:\/\/api.w.org\/{rel}","templated":true}]}}