{"id":4954,"date":"2025-01-03T20:52:39","date_gmt":"2025-01-03T18:52:39","guid":{"rendered":"https:\/\/spolek.konska-osuvky.cz\/?p=4954"},"modified":"2025-01-03T20:52:39","modified_gmt":"2025-01-03T18:52:39","slug":"zapis-ze-schuze-spolku-za-rozvoj-konske-6-3-2024","status":"publish","type":"post","link":"https:\/\/spolek.konska-osuvky.cz\/en\/zapisy-ze-schuzi\/zapis-ze-schuze-spolku-za-rozvoj-konske-6-3-2024\/","title":{"rendered":"Z\u00e1pis ze sch\u016fze spolku Za rozvoj Konsk\u00e9 6.3.2024"},"content":{"rendered":"<p><strong><u>Z\u00e1pis z&nbsp;2. sch\u016fze v\u00fdboru spolku \u201eZa rozvoj Konsk\u00e9\u201c v&nbsp;roce 2024 <\/u><\/strong><\/p>\n<ul>\n<li>Datum: 06.03.2024<\/li>\n<li>M\u00edsto: T\u0159inec \u2013 Konsk\u00e1 48, 739 61 T\u0159inec<\/li>\n<li>Autor: Ond\u0159ej Kulla, ov\u011b\u0159ovatel Tadeusz Czapla<\/li>\n<li>\u00da\u010dast: p\u0159\u00edtomni: Tadeusz Czapla, Ond\u0159ej Kulla, , David Konderla (online)<br \/>\nnep\u0159\u00edtomni: Helena Kullov\u00e1, Pavl\u00edna Skupie\u0148ov\u00e1, Jana \u0160matlavov\u00e1, Luk\u00e1\u0161 Kulla<\/li>\n<\/ul>\n<p><strong><em><u>Program jedn\u00e1n\u00ed, t\u00e9mata a usnesen\u00ed:<\/u><\/em><\/strong><\/p>\n<ul>\n<li><em><u>\u00davodn\u00ed slovo<\/u><\/em><\/li>\n<\/ul>\n<p><u>&nbsp;<\/u><\/p>\n<p>Uv\u00edt\u00e1n\u00ed v\u0161ech p\u0159\u00edtomn\u00fdch \u010dlen\u016f v\u00fdboru spolku p\u0159edsedou spolku panem Tadeuszem Czaplou, sezn\u00e1men\u00ed s&nbsp;programem sch\u016fze. &nbsp;<\/p>\n<p>&nbsp;<\/p>\n<ul>\n<li><em><u>Proplacen\u00ed financ\u00ed<\/u><\/em><\/li>\n<\/ul>\n<p><em><u>&nbsp;<\/u><\/em><\/p>\n<p>Prob\u011bhlo vy\u00fa\u010dtov\u00e1n\u00ed doklad\u016f p\u0159ede\u0161l\u00fdch akc\u00ed<\/p>\n<p>&nbsp;<\/p>\n<ul>\n<li><em><u>Parkov\u00e1n\u00ed p\u0159ed klubovnou spolku<\/u><\/em><\/li>\n<\/ul>\n<p>Neparkovat na tr\u00e1vn\u00edku p\u0159ed klubovnou<\/p>\n<ul>\n<li><em><u>Smlouva<\/u><\/em><\/li>\n<\/ul>\n<p>Vyhotovit novou smlouvu<\/p>\n<p>&nbsp;<\/p>\n<ul>\n<li><em><u>V\u00fdlet Kulig<\/u><\/em><\/li>\n<\/ul>\n<p>Byl projedn\u00e1n v\u00fdlet Kulig, kter\u00fd je pl\u00e1nov\u00e1n na sobotu 17.02.2024 i s&nbsp;ob\u010derstven\u00edm. Z&nbsp;Konsk\u00e9 je odjezd pl\u00e1nov\u00e1n kolem 10 hod. Je t\u0159eba vytvo\u0159it pozv\u00e1nky, plak\u00e1t a za\u0159\u00eddit dopravu. Jsou rezervov\u00e1ny 3x s\u00e1n\u011b. Bude vyv\u011b\u0161en plak\u00e1t s&nbsp;ve\u0161ker\u00fdmi informacemi a tak\u00e9 bude vytvo\u0159ena ud\u00e1lost na str\u00e1nk\u00e1ch Facebooku.<\/p>\n<ul>\n<li><em><u>Hudebn\u00ed kv\u00edz<\/u><\/em><\/li>\n<\/ul>\n<p>D\u00e1t na webovky let\u00e1k hudebn\u00edho kv\u00edzu a pravidla.<\/p>\n<ul>\n<li><em><u>Term\u00edn vaje\u010diny a z\u00e1jezdu<\/u><\/em><\/li>\n<\/ul>\n<p>Budou domluveny pozd\u011bji. Kv\u011bten z\u00e1jezd, \u010derven vaje\u010dina.<\/p>\n<ul>\n<li><em><u>Ostatn\u00ed<\/u><\/em><\/li>\n<\/ul>\n<p>Klubovna pro p\u0159edn\u00e1\u0161ku-domluvit s&nbsp;Pavlou term\u00edn v&nbsp;druh\u00e9 polovin\u011b dubna. Projektor zap\u016fj\u010d\u00ed Ond\u0159ej Kulla.<\/p>\n<p>Raz\u00edtko nen\u00ed nutn\u00e9 pou\u017e\u00edvat.<\/p>\n<p>&nbsp;<\/p>\n<p>15.6. jsou radov\u00e1nky<\/p>\n<p>Vaje\u010dina pravd\u011bpodobn\u011b 8.6.<\/p>\n<p><em><u>&nbsp;<\/u><\/em><\/p>\n<p><em><u>&nbsp;<\/u><\/em><\/p>\n<ul>\n<li><em><u>P\u0159\u00ed\u0161t\u00ed sch\u016fze<\/u><\/em><\/li>\n<\/ul>\n<p>Term\u00edn dal\u0161\u00ed sch\u016fze pond\u011bl\u00ed 12.8.2024.<\/p>\n<p>&nbsp;<\/p>\n<p>&nbsp;<\/p>\n<p>&nbsp;<\/p>\n<p>Po\u010det p\u0159\u00edloh z\u00e1pisu:&nbsp;&nbsp;&nbsp;&nbsp;&nbsp;&nbsp;&nbsp; 0<\/p>\n<p>Seznam p\u0159\u00edloh:&nbsp;&nbsp;&nbsp;&nbsp;&nbsp;&nbsp;&nbsp;&nbsp;&nbsp;&nbsp;&nbsp;&nbsp;&nbsp;&nbsp;&nbsp;&nbsp;&nbsp; 0<\/p>\n<p>&nbsp;<\/p>\n<p>&nbsp;<\/p>\n<p><em>V&nbsp;Konsk\u00e9 dne 06.03.2024<\/em><\/p>\n<p><em>Autor: Ing. Ond\u0159ej Kulla, Ph.D.<\/em><\/p>\n<p><em>Ov\u011b\u0159ovatel: Ing. Tadeusz Czapla<\/em><\/p>\n<p>&nbsp;<\/p>\n<p>Origin\u00e1l: <a href=\"https:\/\/spolek.konska-osuvky.cz\/wp-content\/uploads\/2025\/01\/Zapis-schuze-spolku-2-24-01.02.2024.docx\">Z\u00e1pis-sch\u016fze-spolku-2-24-01.02.2024<\/a><\/p>","protected":false},"excerpt":{"rendered":"<p>Z\u00e1pis z&nbsp;2. sch\u016fze v\u00fdboru spolku \u201eZa rozvoj Konsk\u00e9\u201c v&nbsp;roce 2024 Datum: 06.03.2024 M\u00edsto: T\u0159inec \u2013 Konsk\u00e1 48, 739 61 T\u0159inec Autor: Ond\u0159ej Kulla, ov\u011b\u0159ovatel Tadeusz Czapla \u00da\u010dast: p\u0159\u00edtomni: Tadeusz Czapla, Ond\u0159ej Kulla, , David Konderla (online) nep\u0159\u00edtomni: Helena Kullov\u00e1, Pavl\u00edna Skupie\u0148ov\u00e1, Jana \u0160matlavov\u00e1, Luk\u00e1\u0161 Kulla Program jedn\u00e1n\u00ed, t\u00e9mata a usnesen\u00ed: \u00davodn\u00ed slovo &nbsp; Uv\u00edt\u00e1n\u00ed v\u0161ech [&hellip;]<\/p>","protected":false},"author":1,"featured_media":0,"comment_status":"open","ping_status":"open","sticky":false,"template":"","format":"standard","meta":{"ngg_post_thumbnail":0,"footnotes":""},"categories":[6],"tags":[],"class_list":["post-4954","post","type-post","status-publish","format-standard","hentry","category-zapisy-ze-schuzi"],"blog_post_layout_featured_media_urls":{"thumbnail":"","full":""},"categories_names":{"6":{"name":"Z\u00e1pisy ze sch\u016fz\u00ed","link":"https:\/\/spolek.konska-osuvky.cz\/en\/category\/zapisy-ze-schuzi\/"}},"tags_names":[],"comments_number":"0","wpmagazine_modules_lite_featured_media_urls":{"thumbnail":"","cvmm-medium":"","cvmm-medium-plus":"","cvmm-portrait":"","cvmm-medium-square":"","cvmm-large":"","cvmm-small":"","full":""},"_links":{"self":[{"href":"https:\/\/spolek.konska-osuvky.cz\/en\/wp-json\/wp\/v2\/posts\/4954","targetHints":{"allow":["GET"]}}],"collection":[{"href":"https:\/\/spolek.konska-osuvky.cz\/en\/wp-json\/wp\/v2\/posts"}],"about":[{"href":"https:\/\/spolek.konska-osuvky.cz\/en\/wp-json\/wp\/v2\/types\/post"}],"author":[{"embeddable":true,"href":"https:\/\/spolek.konska-osuvky.cz\/en\/wp-json\/wp\/v2\/users\/1"}],"replies":[{"embeddable":true,"href":"https:\/\/spolek.konska-osuvky.cz\/en\/wp-json\/wp\/v2\/comments?post=4954"}],"version-history":[{"count":1,"href":"https:\/\/spolek.konska-osuvky.cz\/en\/wp-json\/wp\/v2\/posts\/4954\/revisions"}],"predecessor-version":[{"id":4959,"href":"https:\/\/spolek.konska-osuvky.cz\/en\/wp-json\/wp\/v2\/posts\/4954\/revisions\/4959"}],"wp:attachment":[{"href":"https:\/\/spolek.konska-osuvky.cz\/en\/wp-json\/wp\/v2\/media?parent=4954"}],"wp:term":[{"taxonomy":"category","embeddable":true,"href":"https:\/\/spolek.konska-osuvky.cz\/en\/wp-json\/wp\/v2\/categories?post=4954"},{"taxonomy":"post_tag","embeddable":true,"href":"https:\/\/spolek.konska-osuvky.cz\/en\/wp-json\/wp\/v2\/tags?post=4954"}],"curies":[{"name":"wp","href":"https:\/\/api.w.org\/{rel}","templated":true}]}}