{"id":4829,"date":"2024-10-04T16:10:21","date_gmt":"2024-10-04T14:10:21","guid":{"rendered":"https:\/\/spolek.konska-osuvky.cz\/?p=4829"},"modified":"2024-10-30T16:34:09","modified_gmt":"2024-10-30T14:34:09","slug":"na-puncowie-vznikne-sad","status":"publish","type":"post","link":"https:\/\/spolek.konska-osuvky.cz\/en\/novinky\/na-puncowie-vznikne-sad\/","title":{"rendered":"&#8222;Na Pu\u0144cowie&#8220; vznikne sad"},"content":{"rendered":"<p>Na ja\u0159e leto\u0161n\u00edho roku se na n\u00e1\u0161 Spolek obr\u00e1til pan Roman Bezecn\u00fd, se zaj\u00edmavou iniciativou, zalo\u017eit na \u201ePu\u0144cowskich zadkach\u201c komunitn\u00ed sad. Doslechl se toti\u017e, \u017ee na tyto \u00fa\u010dely je mo\u017en\u00e9 z\u00edskat dofinancov\u00e1n\u00ed na v\u00fdsadbu p\u016fvodn\u00edch d\u0159evin v historick\u00fdch lokalit\u00e1ch. &nbsp;Po n\u011bkolika sch\u016fzk\u00e1ch a p\u00e1r telefon\u00e1tech se v\u00fdbor spolku rozhodl iniciativu podpo\u0159it.<\/p>\n<p>Jak v\u016fbec n\u00e1pad vznikl? <em>\u201eBydl\u00edm v t\u011bsn\u00e9 bl\u00edzkosti hranic s Polskem. Tedy nedaleko &#8222;Placowki&#8220;, b\u00fdval\u00e9ho hrani\u010dn\u00edho p\u0159echodu, kudy v meziv\u00e1le\u010dn\u00e9m obdob\u00ed vedla cesta z Konsk\u00e9 do Pu\u0144cowa. Tato cesta ji\u017e d\u00e1vno neexistuje stejn\u011b jako \u00e1lej, kter\u00e1 j\u00ed lemovala. Projek Nadace \u010cEZ n\u00e1m pom\u016f\u017ee \u00e1lej \u010d\u00e1ste\u010dn\u011b obnovit\u201c,<\/em> \u0159\u00edk\u00e1 pan Bezecn\u00fd.<\/p>\n<p>Slovo dalo slovo, sepsali jsme \u017e\u00e1dost, a \u010dekali na v\u00fdsledek v\u00fdb\u011brov\u00e9ho \u0159\u00edzen\u00ed Nadace \u010cEZ. N\u00e1\u0161 projek byl nakonec vybr\u00e1n k&nbsp;realizaci. Na pozemku pana Bezecn\u00e9ho, tak dle projektu vznikne ve\u0159ejn\u011b p\u0159\u00edstupn\u00fd sad, os\u00e1zen\u00fd odr\u016fdami star\u00fdch strom\u016f \u2013 jablo\u0148 jadernice, reneta ko\u017een\u00e1, durancie, \u0161vestka \u0161pendl\u00edk, hru\u0161n\u011b a podobn\u011b. Vznikne tak m\u00edsto, kde se budou moci ob\u010dan\u00e9 nejen na\u0161\u00ed m\u011bstsk\u00e9 \u010d\u00e1sti zastavit na proch\u00e1zce, posed\u011bt na lavi\u010dce v&nbsp;sadu, a v&nbsp;obdob\u00ed plod\u016f rovn\u011b\u017e dop\u0159\u00e1t ovoce nasb\u00edran\u00e9 p\u0159\u00edmo ze stromu. Udr\u017eitelnost projektu je 10 let. Jsme v\u0161ak p\u0159esv\u011bd\u010deni, \u017ee se n\u00e1m povede vytvo\u0159it dal\u0161\u00ed zaj\u00edmav\u00e9 m\u00edsto, slou\u017e\u00edc\u00ed dlouh\u00e1 l\u00e9ta.<\/p>\n<p>&nbsp;<\/p>\n<p>Co se t\u00fd\u0161e realizace projektu, odborn\u00fdm dohledem a \u00fadr\u017ebou v prvn\u00edch letech bude pov\u011b\u0159ena firma HAJN\u00dd NATURE s.r.o., kter\u00e1 m\u00e1 v t\u00e9to oblasti dlouholet\u00e9 zku\u0161enosti.<\/p>\n<p>Webov\u00e9 str\u00e1nky firmy zde: <a href=\"https:\/\/hajnynature.cz\/\">https:\/\/hajnynature.cz\/<\/a><\/p>\n<p>Str\u00e1nky Nadace \u010cEZ najdete zde: <a href=\"https:\/\/www.nadacecez.cz\/\">https:\/\/www.nadacecez.cz\/<\/a><\/p>\n<p>&nbsp;<\/p>\n<p style=\"text-align: center;\"><strong>Spole\u010dn\u00e9 s\u00e1zen\u00ed stromu ve spolupr\u00e1ci se Spolkem &#8222;Za rozvoj Konsk\u00e9&#8220; prob\u011bhne 2.11. 2024 na parcele 712 v katastru \u010cesk\u00fd Puncov. Z\u00e1m\u011brem je vys\u00e1zet&nbsp; 50 ovocn\u00fdch strom\u016f ve dvou lini\u00edch po stran\u00e1ch pozemku. <\/strong><\/p>\n<p style=\"text-align: center;\"><strong>M\u00e1te-li \u010das, p\u0159ij\u010fte p\u0159ilo\u017eit ruku k&nbsp;d\u00edlu.<\/strong><\/p>\n<p>&nbsp;<\/p>\n<p><img loading=\"lazy\" decoding=\"async\" class=\"aligncenter wp-image-4830 size-large\" src=\"https:\/\/spolek.konska-osuvky.cz\/wp-content\/uploads\/2024\/10\/WhatsApp-Image-2024-09-27-at-12.50.34-724x1024.jpeg\" alt=\"\" width=\"640\" height=\"905\" srcset=\"https:\/\/spolek.konska-osuvky.cz\/wp-content\/uploads\/2024\/10\/WhatsApp-Image-2024-09-27-at-12.50.34-724x1024.jpeg 724w, https:\/\/spolek.konska-osuvky.cz\/wp-content\/uploads\/2024\/10\/WhatsApp-Image-2024-09-27-at-12.50.34-212x300.jpeg 212w, https:\/\/spolek.konska-osuvky.cz\/wp-content\/uploads\/2024\/10\/WhatsApp-Image-2024-09-27-at-12.50.34-768x1086.jpeg 768w, https:\/\/spolek.konska-osuvky.cz\/wp-content\/uploads\/2024\/10\/WhatsApp-Image-2024-09-27-at-12.50.34-1086x1536.jpeg 1086w, https:\/\/spolek.konska-osuvky.cz\/wp-content\/uploads\/2024\/10\/WhatsApp-Image-2024-09-27-at-12.50.34-8x12.jpeg 8w, https:\/\/spolek.konska-osuvky.cz\/wp-content\/uploads\/2024\/10\/WhatsApp-Image-2024-09-27-at-12.50.34.jpeg 1131w\" sizes=\"auto, (max-width: 640px) 100vw, 640px\" \/><\/p>\n<p>O dal\u0161\u00edm pr\u016fb\u011bhu projektu V\u00e1s budeme samoz\u0159ejm\u011b informovat \ud83d\ude0a<\/p>","protected":false},"excerpt":{"rendered":"<p>Na ja\u0159e leto\u0161n\u00edho roku se na n\u00e1\u0161 Spolek obr\u00e1til pan Roman Bezecn\u00fd, se zaj\u00edmavou iniciativou, zalo\u017eit na \u201ePu\u0144cowskich zadkach\u201c komunitn\u00ed sad. Doslechl se toti\u017e, \u017ee na tyto \u00fa\u010dely je mo\u017en\u00e9 z\u00edskat dofinancov\u00e1n\u00ed na v\u00fdsadbu p\u016fvodn\u00edch d\u0159evin v historick\u00fdch lokalit\u00e1ch. &nbsp;Po n\u011bkolika sch\u016fzk\u00e1ch a p\u00e1r telefon\u00e1tech se v\u00fdbor spolku rozhodl iniciativu podpo\u0159it. Jak v\u016fbec n\u00e1pad vznikl? [&hellip;]<\/p>","protected":false},"author":3,"featured_media":4831,"comment_status":"open","ping_status":"open","sticky":false,"template":"","format":"standard","meta":{"ngg_post_thumbnail":0,"footnotes":""},"categories":[3,15],"tags":[],"class_list":["post-4829","post","type-post","status-publish","format-standard","has-post-thumbnail","hentry","category-novinky","category-udalost"],"blog_post_layout_featured_media_urls":{"thumbnail":["https:\/\/spolek.konska-osuvky.cz\/wp-content\/uploads\/2024\/10\/sad-150x150.jpg",150,150,true],"full":["https:\/\/spolek.konska-osuvky.cz\/wp-content\/uploads\/2024\/10\/sad.jpg",600,336,false]},"categories_names":{"3":{"name":"News","link":"https:\/\/spolek.konska-osuvky.cz\/en\/category\/novinky\/"},"15":{"name":"Ud\u00e1lost","link":"https:\/\/spolek.konska-osuvky.cz\/en\/category\/udalost\/"}},"tags_names":[],"comments_number":"0","wpmagazine_modules_lite_featured_media_urls":{"thumbnail":["https:\/\/spolek.konska-osuvky.cz\/wp-content\/uploads\/2024\/10\/sad-150x150.jpg",150,150,true],"cvmm-medium":["https:\/\/spolek.konska-osuvky.cz\/wp-content\/uploads\/2024\/10\/sad-300x300.jpg",300,300,true],"cvmm-medium-plus":["https:\/\/spolek.konska-osuvky.cz\/wp-content\/uploads\/2024\/10\/sad-305x207.jpg",305,207,true],"cvmm-portrait":["https:\/\/spolek.konska-osuvky.cz\/wp-content\/uploads\/2024\/10\/sad-400x336.jpg",400,336,true],"cvmm-medium-square":["https:\/\/spolek.konska-osuvky.cz\/wp-content\/uploads\/2024\/10\/sad.jpg",600,336,false],"cvmm-large":["https:\/\/spolek.konska-osuvky.cz\/wp-content\/uploads\/2024\/10\/sad.jpg",600,336,false],"cvmm-small":["https:\/\/spolek.konska-osuvky.cz\/wp-content\/uploads\/2024\/10\/sad-130x95.jpg",130,95,true],"full":["https:\/\/spolek.konska-osuvky.cz\/wp-content\/uploads\/2024\/10\/sad.jpg",600,336,false]},"_links":{"self":[{"href":"https:\/\/spolek.konska-osuvky.cz\/en\/wp-json\/wp\/v2\/posts\/4829","targetHints":{"allow":["GET"]}}],"collection":[{"href":"https:\/\/spolek.konska-osuvky.cz\/en\/wp-json\/wp\/v2\/posts"}],"about":[{"href":"https:\/\/spolek.konska-osuvky.cz\/en\/wp-json\/wp\/v2\/types\/post"}],"author":[{"embeddable":true,"href":"https:\/\/spolek.konska-osuvky.cz\/en\/wp-json\/wp\/v2\/users\/3"}],"replies":[{"embeddable":true,"href":"https:\/\/spolek.konska-osuvky.cz\/en\/wp-json\/wp\/v2\/comments?post=4829"}],"version-history":[{"count":8,"href":"https:\/\/spolek.konska-osuvky.cz\/en\/wp-json\/wp\/v2\/posts\/4829\/revisions"}],"predecessor-version":[{"id":4839,"href":"https:\/\/spolek.konska-osuvky.cz\/en\/wp-json\/wp\/v2\/posts\/4829\/revisions\/4839"}],"wp:featuredmedia":[{"embeddable":true,"href":"https:\/\/spolek.konska-osuvky.cz\/en\/wp-json\/wp\/v2\/media\/4831"}],"wp:attachment":[{"href":"https:\/\/spolek.konska-osuvky.cz\/en\/wp-json\/wp\/v2\/media?parent=4829"}],"wp:term":[{"taxonomy":"category","embeddable":true,"href":"https:\/\/spolek.konska-osuvky.cz\/en\/wp-json\/wp\/v2\/categories?post=4829"},{"taxonomy":"post_tag","embeddable":true,"href":"https:\/\/spolek.konska-osuvky.cz\/en\/wp-json\/wp\/v2\/tags?post=4829"}],"curies":[{"name":"wp","href":"https:\/\/api.w.org\/{rel}","templated":true}]}}