{"id":4605,"date":"2024-02-03T06:26:09","date_gmt":"2024-02-03T06:26:09","guid":{"rendered":"https:\/\/spolek.konska-osuvky.cz\/?p=4605"},"modified":"2025-01-03T20:50:22","modified_gmt":"2025-01-03T18:50:22","slug":"zapis-ze-schuze-spolku-za-rozvoj-konske-3-2-2024","status":"publish","type":"post","link":"https:\/\/spolek.konska-osuvky.cz\/en\/novinky\/zapis-ze-schuze-spolku-za-rozvoj-konske-3-2-2024\/","title":{"rendered":"Z\u00e1pis ze sch\u016fze spolku Za rozvoj Konsk\u00e9 1.2.2024"},"content":{"rendered":"<p><strong><u>Z\u00e1pis z&nbsp;2. sch\u016fze v\u00fdboru spolku \u201eZa rozvoj Konsk\u00e9\u201c v&nbsp;roce 2024 <\/u><\/strong><\/p>\n<ul>\n<li>Datum: 01.02.2024<\/li>\n<li>M\u00edsto: T\u0159inec \u2013 Konsk\u00e1 48, 739 61 T\u0159inec<\/li>\n<li>Autor: Ond\u0159ej Kulla, ov\u011b\u0159ovatel Tadeusz Czapla<\/li>\n<li>\u00da\u010dast: p\u0159\u00edtomni: Tadeusz Czapla, Luk\u00e1\u0161 Kulla, Ond\u0159ej Kulla, Jana \u0160matlavov\u00e1, David Konderla (online)<br \/>\nnep\u0159\u00edtomni: Helena Kullov\u00e1, Pavl\u00edna Skupie\u0148ov\u00e1<\/li>\n<\/ul>\n<p><strong><em><u>Program jedn\u00e1n\u00ed, t\u00e9mata a usnesen\u00ed:<\/u><\/em><\/strong><\/p>\n<ul>\n<li><em><u>\u00davodn\u00ed slovo<\/u><\/em><\/li>\n<\/ul>\n<p>Uv\u00edt\u00e1n\u00ed v\u0161ech p\u0159\u00edtomn\u00fdch \u010dlen\u016f v\u00fdboru spolku p\u0159edsedou spolku panem Tadeuszem Czaplou, sezn\u00e1men\u00ed s&nbsp;programem sch\u016fze. &nbsp;<\/p>\n<ul>\n<li><em><u>Proplacen\u00ed financ\u00ed<\/u><\/em><\/li>\n<\/ul>\n<p>Prob\u011bhlo vy\u00fa\u010dtov\u00e1n\u00ed doklad\u016f.<\/p>\n<ul>\n<li><em><u>Poskytovatel internetu<\/u><\/em><\/li>\n<\/ul>\n<p>Po diskuzi t\u00fdkaj\u00edc\u00ed se internetu v&nbsp;klubovn\u011b bylo d\u00e1no za \u00fakol zjistit cenu internetu pro klubovnu, (Siles net, kter\u00fd je vyu\u017e\u00edv\u00e1n ve \u0161kole). Luk\u00e1\u0161 Kulla zjist\u00ed do p\u0159\u00ed\u0161t\u00ed sch\u016fze mo\u017enosti p\u0159ipojen\u00ed k internetu.<\/p>\n<ul>\n<li><em><u>Cvi\u010den\u00ed<\/u><\/em><\/li>\n<\/ul>\n<p>Cena cvi\u010den\u00ed a ping pongu byla stanovena na 100 K\u010d\/hod. Pan\u00ed Konderlov\u00e1 vede evidenci hodin cvi\u010den\u00ed a do pr\u00e1zdnin poskytne vy\u00fa\u010dtov\u00e1n\u00ed.<\/p>\n<p>Hr\u00e1\u010di ping pongu se budou zapisovat do z\u00e1pisn\u00edku pro p\u0159ehlednost \u00fa\u010dasti a financ\u00ed.<\/p>\n<ul>\n<li><em><u>V\u00fdlet Kulig<\/u><\/em><\/li>\n<\/ul>\n<p>Byl projedn\u00e1n v\u00fdlet Kulig, kter\u00fd je pl\u00e1nov\u00e1n na sobotu 17.02.2024 i s&nbsp;ob\u010derstven\u00edm. Z&nbsp;Konsk\u00e9 je odjezd pl\u00e1nov\u00e1n kolem 10 hod. Je t\u0159eba vytvo\u0159it pozv\u00e1nky, plak\u00e1t a za\u0159\u00eddit dopravu. Jsou rezervov\u00e1ny 3x s\u00e1n\u011b. Bude vyv\u011b\u0161en plak\u00e1t s&nbsp;ve\u0161ker\u00fdmi informacemi a tak\u00e9 bude vytvo\u0159ena ud\u00e1lost na str\u00e1nk\u00e1ch Facebooku.<\/p>\n<ul>\n<li><em><u>Hudebn\u00ed kv\u00edz<\/u><\/em><\/li>\n<\/ul>\n<p>Hudebn\u00ed kv\u00edz bude prob\u00edhat 23.3.2024 v&nbsp;klubovn\u011b. Vstupn\u00e9 je stanoveno na 50 K\u010d\/osobu. Kv\u00edz bude m\u00edt 4 kola, ka\u017ed\u00e9 kolo bude m\u00edt p\u0159ibli\u017en\u011b 20 minut. Organiz\u00e1torem je Ond\u0159ej Kulla, kter\u00fd obstar\u00e1 chod cel\u00e9 akce.<br \/>\nZa\u010d\u00e1tek\/ registrace v&nbsp;17:00, zah\u00e1jen\u00ed kv\u00edzu v&nbsp;18:00. Mirka Szmekov\u00e1 vytvo\u0159\u00ed plak\u00e1t. Up\u0159esn\u011bn\u00ed akce prob\u011bhne na p\u0159\u00ed\u0161t\u00ed sch\u016fzi spolku.<\/p>\n<ul>\n<li><em><u>Turnaj ve stoln\u00edm tenise<\/u><\/em><\/li>\n<\/ul>\n<p>Term\u00edn je stanoven na 2.3.2024. David Konderla za\u0159\u00edd\u00ed 8 sad medail\u00ed. Ve st\u00e1nku s&nbsp;n\u00e1poji bude Tadeusz Czapla a David Konderla. Ve st\u00e1nku s&nbsp;j\u00eddlem Jana \u0160matlavov\u00e1, Pavla Skupie\u0148ov\u00e1. U registrace a z\u00e1pisu (PC) bude Luk\u00e1\u0161 Kulla a Ond\u0159ej Kulla. Cena v\u00edt\u011bzn\u00fdch cen do sout\u011b\u017ee byla stanovena na 4500K\u010d. Plak\u00e1t bude do 14.2.2024 um\u00edst\u011bn na n\u00e1st\u011bnce. Na str\u00e1nk\u00e1ch Facebooku bude ud\u00e1lost zve\u0159ejn\u011bna rychleji.<\/p>\n<ul>\n<li><em><u>Ostatn\u00ed<\/u><\/em><\/li>\n<\/ul>\n<p>Je pot\u0159eba vytvo\u0159it nov\u00e9 raz\u00edtko Spolku z&nbsp;d\u016fvodu zm\u011bny legislativy terminologie ob\u010dansk\u00e9ho sdru\u017een\u00ed a nahradit jej slovem \u201espolek\u201c.<\/p>\n<p>Mirka Szmekov\u00e1 vyj\u00e1d\u0159ila ochotu pomoci s tvorbou plak\u00e1t\u016f k&nbsp;nadch\u00e1zej\u00edc\u00edm akc\u00edm.<\/p>\n<p>Ve dnech 3-4.2.2024 bude odstrojen v\u00e1no\u010dn\u00ed strome\u010dek p\u0159ed klubovnou Spolku.<\/p>\n<p>Term\u00edn p\u0159edn\u00e1\u0161ky ,,Kyber\u0161m\u011bjdi\u201c byl p\u0159edb\u011b\u017en\u011b stanoven na duben 2024<\/p>\n<p>Up\u0159esn\u011bn\u00ed v\u00fdletu \u201evy\u0159ez\u00e1v\u00e1n\u00ed soch Ji\u0159\u00edho Haluzky\u201c bude na b\u0159eznov\u00e9 sch\u016fzi Spolku.<\/p>\n<p><em><u>&nbsp;<\/u><\/em><\/p>\n<p><em><u>P\u0159\u00ed\u0161t\u00ed sch\u016fze<\/u><\/em><\/p>\n<p>Term\u00edn dal\u0161\u00ed sch\u016fze st\u0159eda 6.3.2024 v&nbsp;19:00.<\/p>\n<p>&nbsp;<\/p>\n<p>Po\u010det p\u0159\u00edloh z\u00e1pisu:&nbsp;&nbsp;&nbsp;&nbsp;&nbsp;&nbsp;&nbsp; 0<\/p>\n<p>Seznam p\u0159\u00edloh:&nbsp;&nbsp;&nbsp;&nbsp;&nbsp;&nbsp;&nbsp;&nbsp;&nbsp;&nbsp;&nbsp;&nbsp;&nbsp;&nbsp;&nbsp;&nbsp;&nbsp; 0<\/p>\n<p>&nbsp;<\/p>\n<p><em>V&nbsp;Konsk\u00e9 dne 01.02.2024<\/em><\/p>\n<p><em>Autor: Ing. Ond\u0159ej Kulla, Ph.D.<\/em><\/p>\n<p><em>Ov\u011b\u0159ovatel: Ing. Tadeusz Czapla<\/em><\/p>\n<p>origin\u00e1l: <a href=\"https:\/\/spolek.konska-osuvky.cz\/wp-content\/uploads\/2024\/03\/Zapis-schuze-spolku-2-24-01.02.2024.pdf\">Z\u00e1pis-sch\u016fze-spolku-2-24-01.02.2024<\/a><\/p>","protected":false},"excerpt":{"rendered":"<p>Z\u00e1pis z&nbsp;2. sch\u016fze v\u00fdboru spolku \u201eZa rozvoj Konsk\u00e9\u201c v&nbsp;roce 2024 Datum: 01.02.2024 M\u00edsto: T\u0159inec \u2013 Konsk\u00e1 48, 739 61 T\u0159inec Autor: Ond\u0159ej Kulla, ov\u011b\u0159ovatel Tadeusz Czapla \u00da\u010dast: p\u0159\u00edtomni: Tadeusz Czapla, Luk\u00e1\u0161 Kulla, Ond\u0159ej Kulla, Jana \u0160matlavov\u00e1, David Konderla (online) nep\u0159\u00edtomni: Helena Kullov\u00e1, Pavl\u00edna Skupie\u0148ov\u00e1 Program jedn\u00e1n\u00ed, t\u00e9mata a usnesen\u00ed: \u00davodn\u00ed slovo Uv\u00edt\u00e1n\u00ed v\u0161ech p\u0159\u00edtomn\u00fdch \u010dlen\u016f [&hellip;]<\/p>","protected":false},"author":1,"featured_media":3613,"comment_status":"open","ping_status":"open","sticky":false,"template":"","format":"standard","meta":{"ngg_post_thumbnail":0,"footnotes":""},"categories":[3,6],"tags":[],"class_list":["post-4605","post","type-post","status-publish","format-standard","has-post-thumbnail","hentry","category-novinky","category-zapisy-ze-schuzi"],"blog_post_layout_featured_media_urls":{"thumbnail":["https:\/\/spolek.konska-osuvky.cz\/wp-content\/uploads\/2023\/01\/kniha-150x150.jpg",150,150,true],"full":["https:\/\/spolek.konska-osuvky.cz\/wp-content\/uploads\/2023\/01\/kniha.jpg",820,568,false]},"categories_names":{"3":{"name":"News","link":"https:\/\/spolek.konska-osuvky.cz\/en\/category\/novinky\/"},"6":{"name":"Z\u00e1pisy ze sch\u016fz\u00ed","link":"https:\/\/spolek.konska-osuvky.cz\/en\/category\/zapisy-ze-schuzi\/"}},"tags_names":[],"comments_number":"0","wpmagazine_modules_lite_featured_media_urls":{"thumbnail":["https:\/\/spolek.konska-osuvky.cz\/wp-content\/uploads\/2023\/01\/kniha-150x150.jpg",150,150,true],"cvmm-medium":["https:\/\/spolek.konska-osuvky.cz\/wp-content\/uploads\/2023\/01\/kniha.jpg",300,208,false],"cvmm-medium-plus":["https:\/\/spolek.konska-osuvky.cz\/wp-content\/uploads\/2023\/01\/kniha.jpg",299,207,false],"cvmm-portrait":["https:\/\/spolek.konska-osuvky.cz\/wp-content\/uploads\/2023\/01\/kniha.jpg",400,277,false],"cvmm-medium-square":["https:\/\/spolek.konska-osuvky.cz\/wp-content\/uploads\/2023\/01\/kniha.jpg",600,416,false],"cvmm-large":["https:\/\/spolek.konska-osuvky.cz\/wp-content\/uploads\/2023\/01\/kniha.jpg",820,568,false],"cvmm-small":["https:\/\/spolek.konska-osuvky.cz\/wp-content\/uploads\/2023\/01\/kniha.jpg",130,90,false],"full":["https:\/\/spolek.konska-osuvky.cz\/wp-content\/uploads\/2023\/01\/kniha.jpg",820,568,false]},"_links":{"self":[{"href":"https:\/\/spolek.konska-osuvky.cz\/en\/wp-json\/wp\/v2\/posts\/4605","targetHints":{"allow":["GET"]}}],"collection":[{"href":"https:\/\/spolek.konska-osuvky.cz\/en\/wp-json\/wp\/v2\/posts"}],"about":[{"href":"https:\/\/spolek.konska-osuvky.cz\/en\/wp-json\/wp\/v2\/types\/post"}],"author":[{"embeddable":true,"href":"https:\/\/spolek.konska-osuvky.cz\/en\/wp-json\/wp\/v2\/users\/1"}],"replies":[{"embeddable":true,"href":"https:\/\/spolek.konska-osuvky.cz\/en\/wp-json\/wp\/v2\/comments?post=4605"}],"version-history":[{"count":2,"href":"https:\/\/spolek.konska-osuvky.cz\/en\/wp-json\/wp\/v2\/posts\/4605\/revisions"}],"predecessor-version":[{"id":4953,"href":"https:\/\/spolek.konska-osuvky.cz\/en\/wp-json\/wp\/v2\/posts\/4605\/revisions\/4953"}],"wp:featuredmedia":[{"embeddable":true,"href":"https:\/\/spolek.konska-osuvky.cz\/en\/wp-json\/wp\/v2\/media\/3613"}],"wp:attachment":[{"href":"https:\/\/spolek.konska-osuvky.cz\/en\/wp-json\/wp\/v2\/media?parent=4605"}],"wp:term":[{"taxonomy":"category","embeddable":true,"href":"https:\/\/spolek.konska-osuvky.cz\/en\/wp-json\/wp\/v2\/categories?post=4605"},{"taxonomy":"post_tag","embeddable":true,"href":"https:\/\/spolek.konska-osuvky.cz\/en\/wp-json\/wp\/v2\/tags?post=4605"}],"curies":[{"name":"wp","href":"https:\/\/api.w.org\/{rel}","templated":true}]}}