{"id":4344,"date":"2024-01-29T09:31:52","date_gmt":"2024-01-29T09:31:52","guid":{"rendered":"https:\/\/spolek.konska-osuvky.cz\/?p=4344"},"modified":"2024-01-29T09:31:52","modified_gmt":"2024-01-29T09:31:52","slug":"zapis-ze-schuze-spolku-za-rozvoj-konske-11-1-2024","status":"publish","type":"post","link":"https:\/\/spolek.konska-osuvky.cz\/en\/novinky\/zapis-ze-schuze-spolku-za-rozvoj-konske-11-1-2024\/","title":{"rendered":"Z\u00e1pis ze sch\u016fze spolku Za rozvoj Konsk\u00e9 11.1.2024"},"content":{"rendered":"<p><strong><u>Z\u00e1pis z&nbsp;1. sch\u016fze V\u00fdboru spolku \u201eZa rozvoj Konsk\u00e9\u201c v&nbsp;roce 2024 <\/u><\/strong><\/p>\n<ul>\n<li>Datum: 11.01.2024<\/li>\n<li>M\u00edsto: T\u0159inec \u2013 Konsk\u00e1 48, 739 61 T\u0159inec<\/li>\n<li>Autor: Ond\u0159ej Kulla, ov\u011b\u0159ovatel Tadeusz Czapla<\/li>\n<li>\u00da\u010dast: p\u0159\u00edtomni: Tadeusz Czapla, Pavl\u00edna Skupie\u0148ov\u00e1, Luk\u00e1\u0161 Kulla, Ond\u0159ej Kulla, David Konderla (online)<br \/>\nnep\u0159\u00edtomni: Helena Kullov\u00e1, Jana \u0160matlavov\u00e1<br \/>\nhost: Ta\u0165\u00e1na Sobelov\u00e1 Kokotkov\u00e1<\/li>\n<\/ul>\n<p>&nbsp;<\/p>\n<p>&nbsp;<\/p>\n<p><strong><em><u>Program jedn\u00e1n\u00ed, t\u00e9mata a usnesen\u00ed:<\/u><\/em><\/strong><\/p>\n<ul>\n<li><em><u>\u00davodn\u00ed slovo<\/u><\/em><\/li>\n<\/ul>\n<p><u>&nbsp;<\/u><\/p>\n<p>Uv\u00edt\u00e1n\u00ed v\u0161ech p\u0159\u00edtomn\u00fdch \u010dlen\u016f star\u00e9ho i nov\u00e9ho v\u00fdboru spolku posledn\u00edm p\u0159edsedou spolku panem Tadeuszem Czaplou, sezn\u00e1men\u00ed s&nbsp;programem sch\u016fze.<\/p>\n<p>&nbsp;<\/p>\n<p>&nbsp;<\/p>\n<ul>\n<li><em><u>Rozd\u011blen\u00ed funkc\u00ed do v\u00fdboru spolku<\/u><\/em><\/li>\n<\/ul>\n<p>Na v\u00fdro\u010dn\u00ed \u010dlensk\u00e9 sch\u016fzi dne 6.1.2024 bylo zvoleno nov\u00e9 slo\u017een\u00ed v\u00fdboru spolku. Prvn\u00edm \u00fakolem bylo rozd\u011blen\u00ed funkc\u00ed. Ke zm\u011bn\u011b oproti minul\u00fdm letem do\u0161lo ve funkci zapisovatele a pokladn\u00edho, kdy pan\u00ed Ta\u0165\u00e1nu Sobelovou Kokotkovou nahradil nov\u00fd \u010dlen v\u00fdboru pan Ond\u0159ej Kulla.<\/p>\n<p>&nbsp;<\/p>\n<p>Aktu\u00e1ln\u00ed slo\u017een\u00ed spolku a rozd\u011blen\u00ed funkc\u00ed pro p\u0159\u00ed\u0161t\u00ed dvoulet\u00e9 obdob\u00ed je n\u00e1sleduj\u00edc\u00ed:<\/p>\n<p>&nbsp;<\/p>\n<p>Ing.Tadeusz Czapla P\u0159edseda \u2013 jednatel,&nbsp;&nbsp;&nbsp;&nbsp;<\/p>\n<p>Bc.Luk\u00e1\u0161 Kulla&nbsp;&nbsp;&nbsp;&nbsp;&nbsp;&nbsp;&nbsp;&nbsp;&nbsp;&nbsp;&nbsp;&nbsp;&nbsp;&nbsp;&nbsp;&nbsp;&nbsp;&nbsp;&nbsp;&nbsp;&nbsp;&nbsp;&nbsp;&nbsp;&nbsp; M\u00edstop\u0159edseda &#8211; webov\u00e9 str\u00e1nek a FB, propagace v elektronick\u00e9 podob\u011b,<\/p>\n<p>Mgr.David Konderla&nbsp;&nbsp;&nbsp;&nbsp;&nbsp;&nbsp;&nbsp;&nbsp;&nbsp;&nbsp;&nbsp;&nbsp;&nbsp; M\u00edstop\u0159edseda &#8211; vy\u0159izov\u00e1n\u00ed grant\u016f, pr\u00e1vn\u00ed dozor,<\/p>\n<p>Ing. Ond\u0159ej Kulla &nbsp;&nbsp;&nbsp;&nbsp;&nbsp;&nbsp;&nbsp;&nbsp;&nbsp;&nbsp;&nbsp;&nbsp;&nbsp;&nbsp;&nbsp;&nbsp;&nbsp;&nbsp;&nbsp; \u010clen v\u00fdboru &#8211; pokladn\u00ed a zapisovatel,<\/p>\n<p>Pavl\u00edna Skupie\u0148ov\u00e1&nbsp;&nbsp;&nbsp;&nbsp;&nbsp;&nbsp;&nbsp;&nbsp;&nbsp;&nbsp;&nbsp;&nbsp;&nbsp;&nbsp; &nbsp;&nbsp;&nbsp;&nbsp;&nbsp;&nbsp;&nbsp;&nbsp;&nbsp;&nbsp;&nbsp;&nbsp;&nbsp;&nbsp;&nbsp; \u010clen v\u00fdboru &#8211; spr\u00e1va Klubovny, spr\u00e1va n\u00e1st\u011bnky,<\/p>\n<p>Jana \u0160matlavov\u00e1&nbsp;&nbsp;&nbsp;&nbsp;&nbsp;&nbsp;&nbsp;&nbsp;&nbsp;&nbsp;&nbsp;&nbsp;&nbsp;&nbsp;&nbsp;&nbsp;&nbsp;&nbsp;&nbsp; \u010clen v\u00fdboru &#8211; spr\u00e1va Klubovny,<\/p>\n<p>Helena Kullov\u00e1&nbsp;&nbsp;&nbsp;&nbsp;&nbsp;&nbsp;&nbsp;&nbsp;&nbsp;&nbsp;&nbsp;&nbsp;&nbsp;&nbsp;&nbsp;&nbsp;&nbsp;&nbsp;&nbsp;&nbsp;&nbsp;&nbsp;&nbsp; \u010clen v\u00fdboru.&nbsp;&nbsp;&nbsp;&nbsp;&nbsp;<\/p>\n<p><em><u>&nbsp;<\/u><\/em><\/p>\n<ul>\n<li><em><u>P\u0159ed\u00e1n\u00ed financ\u00ed<\/u><\/em><\/li>\n<\/ul>\n<p><em><u>&nbsp;<\/u><\/em><\/p>\n<p>B\u00fdval\u00e1 pokladn\u00ed pan\u00ed Ta\u0165\u00e1na Sobelov\u00e1 Kokotkov\u00e1 p\u0159edala \u00fa\u010detnictv\u00ed a pokladnu panu Ond\u0159ejovi Kullovi. P\u0159edseda spolku pod\u011bkoval jm\u00e9nem cel\u00e9ho spolku b\u00fdval\u00e9 pokladn\u00ed za skv\u011blou, ob\u011btavou a dlouholetou spolupr\u00e1ci a p\u0159edal kytici a drobnou pozornost.<\/p>\n<p>&nbsp;<\/p>\n<ul>\n<li><em><u>Pl\u00e1n \u010dinnosti Spolku za rozvoj Konsk\u00e9 pro rok 2024<\/u><\/em><\/li>\n<\/ul>\n<p><em><u>&nbsp;<\/u><\/em><\/p>\n<p>Jednor\u00e1zov\u00e9 akce:<\/p>\n<ul>\n<li>Prvn\u00ed akc\u00ed tohoto roku byl ve\u010der t\u0159\u00edkr\u00e1lov\u00fd, kter\u00fd se uskute\u010dnil dne 6.1.2024 a b\u011bhem kter\u00e9ho byla shrnuta \u010dinnost spolku za rok 2023.<\/li>\n<li>Potenci\u00e1ln\u00ed akce Kul\u00edg bude zve\u0159ejn\u011bna na soci\u00e1ln\u00ed s\u00edti, realizace bude uskute\u010dn\u011bna dle z\u00e1jmu \u00fa\u010dastn\u00edk\u016f, p\u0159edb\u011b\u017en\u00fd term\u00edn 17.2.2024.<\/li>\n<li>Pro turnaj ve stoln\u00edm tenise byl stanoven term\u00edn 2.3.2024.<\/li>\n<li>Term\u00edn akce ,,Den zem\u011b\u201c byl stanoven na 27.4.2024. V&nbsp;r\u00e1mci akce prob\u011bhne \u00faklid okolo budovy klubovny spolku, \u00faklid skladu a posl\u00e9ze posezen\u00ed v&nbsp;klubovn\u011b.<\/li>\n<li>Term\u00edn akce ,,\u0160kolen\u00ed obrany proti kyber\u0161mejd\u016fm a jin\u00fdm internetov\u00fdm hrozb\u00e1m\u201c byl stanoven na 4.2024.<\/li>\n<li>Kv\u011btnov\u00fd term\u00edn v\u00fdletu Spolku za rozvoj Konsk\u00e9 bude up\u0159esn\u011bn.<\/li>\n<li>\u010cervnov\u00fd term\u00edn akce,,vaje\u010dina\u201c bude up\u0159esn\u011bn.<\/li>\n<li>Akce ,,Panenky, kam se pod\u00edv\u00e1\u0161\u201c, pan\u00ed Dariny Buryov\u00e9, prob\u011bhne v&nbsp;\u010dervenci 2024, konkr\u00e9tn\u00ed term\u00edn bude up\u0159esn\u011bn dle mo\u017enost\u00ed autorky a Spolku.<\/li>\n<li>Term\u00edn akce ,,Gul\u00e1\u0161\u201c, p\u0159edb\u011b\u017en\u011b napl\u00e1nov\u00e1n na srpen 2024.<\/li>\n<li>Akce ,,Turnaj v&nbsp;mal\u00e9 kopan\u00e9\u201c, je napl\u00e1nov\u00e1na na z\u00e1\u0159\u00ed 2024. P\u0159edseda spolku oslov\u00ed s&nbsp;prosbou o spolupr\u00e1ci v&nbsp;organizaci akce pana Luk\u00e1\u0161e Pyszka, kter\u00fd u\u017e d\u0159\u00edve avizoval ochotu pomoci.<\/li>\n<li>Akce \u201eSetk\u00e1n\u00ed starousedl\u00edk\u016f\u201c, je pl\u00e1nov\u00e1n na \u0159\u00edjen 2024.<\/li>\n<li>Akce ,,Rozsv\u00edcen\u00ed v\u00e1no\u010dn\u00edho strome\u010dku\u201c, je pl\u00e1nov\u00e1n na 13.12.2024.<\/li>\n<\/ul>\n<p>Opakovan\u00e9 akce a iniciativy:<\/p>\n<ul>\n<li>nejbli\u017e\u0161\u00ed akc\u00ed, kter\u00e1 m\u00e1 potenci\u00e1l se opakovat je akce \u201e\u010caj o p\u00e1t\u00e9\u201c, prvn\u00ed term\u00edn 19.1.2024. Jedn\u00e1 se o setk\u00e1n\u00ed dam s&nbsp;bl\u00ed\u017ee nespecifikovan\u00fdm programem. Jedn\u00e1 se o nov\u00fd n\u00e1pad, kter\u00fd vzniknul na leto\u0161n\u00ed \u010clensk\u00e9 sch\u016fzi 6.1.2024.<\/li>\n<li>pokra\u010dujeme v&nbsp;po\u0159\u00e1d\u00e1n\u00ed sportovn\u00edch aktivit, kter\u00e9 se konaj\u00ed pravideln\u011b v&nbsp;t\u011blocvi\u010dn\u011b m\u00edstn\u00ed \u0161koly v ned\u011bli: florbal o (15:00-17:00), volejbal (17:00-19:00), a v&nbsp;\u00fater\u00fd kondi\u010dn\u00ed tr\u00e9nink (18:00-19:30). V klubovn\u011b cvi\u010den\u00ed pro \u017eeny v&nbsp;pond\u011bl\u00ed v&nbsp;podve\u010dern\u00edch hodin\u00e1ch. Stoln\u00ed tenis dle mo\u017enost\u00ed ve st\u0159edy v&nbsp;podve\u010dern\u00edch hodin\u00e1ch.<\/li>\n<li>Dal\u0161\u00ed p\u0159\u00edpadn\u00e1 podporovan\u00e1 iniciativa pro rok 2024 &#8211; Ve\u010dery deskov\u00fdch her v&nbsp;klubovn\u011b, spole\u010dn\u00e9 sledov\u00e1n\u00ed sportovn\u00edch ud\u00e1lost\u00ed, kter\u00fdch bude v&nbsp;roce 2024 nem\u00e1lo.<\/li>\n<\/ul>\n<p>&nbsp;<\/p>\n<ul>\n<li><em><u>Investice<\/u><\/em><\/li>\n<\/ul>\n<p>Pl\u00e1novan\u00fdmi investicemi Spolku pro rozvoj Konsk\u00e9 pro rok 2024 je renovace podlahy v&nbsp;klubovn\u011b a po\u0159\u00edzen\u00ed nov\u00e9 televize. Jejich realizace je v\u0161ak z\u00e1visl\u00e1 na stavu financ\u00ed spolku a p\u0159\u00edpadn\u00fdch dotac\u00edch a darech.<\/p>\n<p>&nbsp;<\/p>\n<ul>\n<li><em><u>\u010clenstv\u00ed v&nbsp;pr\u016fb\u011bhu roku<\/u><\/em><\/li>\n<\/ul>\n<p>V\u00fdbor spolku jednohlasn\u011b odsouhlasil mo\u017enost z\u00edsk\u00e1n\u00ed \u010dlenstv\u00ed ve Spolku za rozvoj Konsk\u00e9 i v&nbsp;pr\u016fb\u011bhu roku. \u010clensk\u00fd poplatek byl pro tento p\u0159\u00edpad stanoven ve v\u00fd\u0161i 300 K\u010d. Mo\u017enost z\u00edsk\u00e1n\u00ed \u010dlenstv\u00ed ve spolku zaplacen\u00edm \u010dlensk\u00e9ho p\u0159\u00edsp\u011bvku v&nbsp;libovoln\u00e9 v\u00fd\u0161i byla ponech\u00e1na v\u00fdhradn\u011b na v\u00fdro\u010dn\u00ed \u010clenskou sch\u016fzi.<\/p>\n<p>V\u00fdbor spolku jednohlasn\u011b odsouhlasil, \u017ee mo\u017enost p\u0159\u00edstupu do klubovny v&nbsp;r\u00e1mci kr\u00e1tkodob\u00e9 v\u00fdp\u016fj\u010dky maj\u00ed pouze \u010dlenov\u00e9 spolku.<\/p>\n<p><u>&nbsp;<\/u><\/p>\n<ul>\n<li><em><u>Ostatn\u00ed<\/u><\/em><\/li>\n<\/ul>\n<p>Spolku se bude op\u011bt uch\u00e1zet o Grant m\u011bsta T\u0159ince na svoji celoro\u010dn\u00ed \u010dinnost. Pod\u00e1n\u00ed \u017e\u00e1dosti je v&nbsp;kompetenci p\u0159edsedy Tadeusz Czaply a m\u00edstop\u0159edsedy Davida Konderly.<\/p>\n<p>Vytvo\u0159en\u00edm ankety pro zji\u0161t\u011bn\u00ed z\u00e1jmu o \u00fanorov\u00fd v\u00fd\u0161lap spojen\u00fd s&nbsp;kuligem byl pov\u011b\u0159en Luk\u00e1\u0161 Kulla.<\/p>\n<p>Term\u00edn dal\u0161\u00ed sch\u016fze v\u00fdboru Spolku za rozvoj Konsk\u00e9 byl stanoven na 1.2.2024.<\/p>\n<p>&nbsp;<\/p>\n<p>&nbsp;<\/p>\n<ul>\n<li>Voln\u00e1 diskuze a n\u00e1pady.<\/li>\n<\/ul>\n<p>&nbsp;<\/p>\n<p>Po\u010det p\u0159\u00edloh z\u00e1pisu:&nbsp;&nbsp;&nbsp;&nbsp;&nbsp;&nbsp;&nbsp; 0<\/p>\n<p>Seznam p\u0159\u00edloh:&nbsp;&nbsp;&nbsp;&nbsp;&nbsp;&nbsp;&nbsp;&nbsp;&nbsp;&nbsp;&nbsp;&nbsp;&nbsp;&nbsp;&nbsp;&nbsp;&nbsp; 0<\/p>\n<p>&nbsp;<\/p>\n<p>&nbsp;<\/p>\n<p>&nbsp;<\/p>\n<p><em>V&nbsp;Konsk\u00e9 dne 11.01.2024<\/em><\/p>\n<p><em>Autor: Ing. Ond\u0159ej Kulla, Ph.D.<\/em><\/p>\n<p><em>Ov\u011b\u0159ovatel: Ing. Tadeusz Czapla<\/em><\/p>\n<p>Origin\u00e1l: <a href=\"https:\/\/spolek.konska-osuvky.cz\/wp-content\/uploads\/2024\/01\/Zapis-schuze-vyboru-spolku-1-24-11.01.2024.docx\">Z\u00e1pis &#8211; sch\u016fze v\u00fdboru spolku 1-24 &#8211; 11.01.2024<\/a><\/p>","protected":false},"excerpt":{"rendered":"<p>Z\u00e1pis z&nbsp;1. sch\u016fze V\u00fdboru spolku \u201eZa rozvoj Konsk\u00e9\u201c v&nbsp;roce 2024 Datum: 11.01.2024 M\u00edsto: T\u0159inec \u2013 Konsk\u00e1 48, 739 61 T\u0159inec Autor: Ond\u0159ej Kulla, ov\u011b\u0159ovatel Tadeusz Czapla \u00da\u010dast: p\u0159\u00edtomni: Tadeusz Czapla, Pavl\u00edna Skupie\u0148ov\u00e1, Luk\u00e1\u0161 Kulla, Ond\u0159ej Kulla, David Konderla (online) nep\u0159\u00edtomni: Helena Kullov\u00e1, Jana \u0160matlavov\u00e1 host: Ta\u0165\u00e1na Sobelov\u00e1 Kokotkov\u00e1 &nbsp; &nbsp; Program jedn\u00e1n\u00ed, t\u00e9mata a usnesen\u00ed: [&hellip;]<\/p>","protected":false},"author":1,"featured_media":3613,"comment_status":"open","ping_status":"open","sticky":false,"template":"","format":"standard","meta":{"ngg_post_thumbnail":0,"footnotes":""},"categories":[3,6],"tags":[],"class_list":["post-4344","post","type-post","status-publish","format-standard","has-post-thumbnail","hentry","category-novinky","category-zapisy-ze-schuzi"],"blog_post_layout_featured_media_urls":{"thumbnail":["https:\/\/spolek.konska-osuvky.cz\/wp-content\/uploads\/2023\/01\/kniha-150x150.jpg",150,150,true],"full":["https:\/\/spolek.konska-osuvky.cz\/wp-content\/uploads\/2023\/01\/kniha.jpg",820,568,false]},"categories_names":{"3":{"name":"News","link":"https:\/\/spolek.konska-osuvky.cz\/en\/category\/novinky\/"},"6":{"name":"Z\u00e1pisy ze sch\u016fz\u00ed","link":"https:\/\/spolek.konska-osuvky.cz\/en\/category\/zapisy-ze-schuzi\/"}},"tags_names":[],"comments_number":"0","wpmagazine_modules_lite_featured_media_urls":{"thumbnail":["https:\/\/spolek.konska-osuvky.cz\/wp-content\/uploads\/2023\/01\/kniha-150x150.jpg",150,150,true],"cvmm-medium":["https:\/\/spolek.konska-osuvky.cz\/wp-content\/uploads\/2023\/01\/kniha.jpg",300,208,false],"cvmm-medium-plus":["https:\/\/spolek.konska-osuvky.cz\/wp-content\/uploads\/2023\/01\/kniha.jpg",299,207,false],"cvmm-portrait":["https:\/\/spolek.konska-osuvky.cz\/wp-content\/uploads\/2023\/01\/kniha.jpg",400,277,false],"cvmm-medium-square":["https:\/\/spolek.konska-osuvky.cz\/wp-content\/uploads\/2023\/01\/kniha.jpg",600,416,false],"cvmm-large":["https:\/\/spolek.konska-osuvky.cz\/wp-content\/uploads\/2023\/01\/kniha.jpg",820,568,false],"cvmm-small":["https:\/\/spolek.konska-osuvky.cz\/wp-content\/uploads\/2023\/01\/kniha.jpg",130,90,false],"full":["https:\/\/spolek.konska-osuvky.cz\/wp-content\/uploads\/2023\/01\/kniha.jpg",820,568,false]},"_links":{"self":[{"href":"https:\/\/spolek.konska-osuvky.cz\/en\/wp-json\/wp\/v2\/posts\/4344","targetHints":{"allow":["GET"]}}],"collection":[{"href":"https:\/\/spolek.konska-osuvky.cz\/en\/wp-json\/wp\/v2\/posts"}],"about":[{"href":"https:\/\/spolek.konska-osuvky.cz\/en\/wp-json\/wp\/v2\/types\/post"}],"author":[{"embeddable":true,"href":"https:\/\/spolek.konska-osuvky.cz\/en\/wp-json\/wp\/v2\/users\/1"}],"replies":[{"embeddable":true,"href":"https:\/\/spolek.konska-osuvky.cz\/en\/wp-json\/wp\/v2\/comments?post=4344"}],"version-history":[{"count":1,"href":"https:\/\/spolek.konska-osuvky.cz\/en\/wp-json\/wp\/v2\/posts\/4344\/revisions"}],"predecessor-version":[{"id":4347,"href":"https:\/\/spolek.konska-osuvky.cz\/en\/wp-json\/wp\/v2\/posts\/4344\/revisions\/4347"}],"wp:featuredmedia":[{"embeddable":true,"href":"https:\/\/spolek.konska-osuvky.cz\/en\/wp-json\/wp\/v2\/media\/3613"}],"wp:attachment":[{"href":"https:\/\/spolek.konska-osuvky.cz\/en\/wp-json\/wp\/v2\/media?parent=4344"}],"wp:term":[{"taxonomy":"category","embeddable":true,"href":"https:\/\/spolek.konska-osuvky.cz\/en\/wp-json\/wp\/v2\/categories?post=4344"},{"taxonomy":"post_tag","embeddable":true,"href":"https:\/\/spolek.konska-osuvky.cz\/en\/wp-json\/wp\/v2\/tags?post=4344"}],"curies":[{"name":"wp","href":"https:\/\/api.w.org\/{rel}","templated":true}]}}