{"id":43,"date":"2019-08-13T10:08:21","date_gmt":"2019-08-13T08:08:21","guid":{"rendered":"http:\/\/wordpress.konska-osuvky.cz\/?p=43"},"modified":"2019-09-24T11:05:47","modified_gmt":"2019-09-24T11:05:47","slug":"zapis-13-8-2019","status":"publish","type":"post","link":"https:\/\/spolek.konska-osuvky.cz\/en\/zapisy-ze-schuzi\/zapis-13-8-2019\/","title":{"rendered":"Z\u00e1pis sch\u016fze spolku ,,Za rozvoj Konsk\u00e9&#8220;: 21.4.2019"},"content":{"rendered":"<p><strong><u>Z\u00e1pis ze sch\u016fze spolku Za rozvoj Konsk\u00e9<\/u><\/strong><br>\u00b7 <em>Z\u00e1pis ze 3. sch\u016fze v\u00fdboru spolku \u201eZa rozvoj Konsk\u00e9\u201c v roce 2019<\/em><br>&nbsp;&nbsp;&nbsp;&nbsp;&nbsp;&nbsp;&nbsp;&nbsp; \u00b7 &nbsp;&nbsp;&nbsp; Datum: 21.4.2019<br>&nbsp;&nbsp;&nbsp;&nbsp;&nbsp;&nbsp;&nbsp;&nbsp; \u00b7 &nbsp;&nbsp;&nbsp; M\u00edsto: T\u0159inec \u2013 Konsk\u00e1 48, 739 61 T\u0159inec<br>&nbsp;&nbsp;&nbsp;&nbsp;&nbsp;&nbsp;&nbsp;&nbsp; \u00b7 &nbsp;&nbsp;&nbsp; Autor: Ta\u0165\u00e1na Sobelov\u00e1 Kokotkov\u00e1<br>\u00b7 \u00da\u010dast (v\u0161ichni p\u0159\u00edtomni): Luk\u00e1\u0161 Kulla, David Konderla, Jana \u0160matlavov\u00e1, Pavl\u00edna Skupie\u0148ov\u00e1, Tadeusz Czapla, Ta\u0165\u00e1na Sobelov\u00e1 Kokotkov\u00e1, Helena Kullov\u00e1<br><strong><em><u>Program jedn\u00e1n\u00ed, t\u00e9mata a usnesen\u00ed:<\/u><\/em><\/strong><\/p>\r\n<h2>1)Jarn\u00ed z\u00e1jezd spolku Za rozvoj Konsk\u00e9 dne 11.5. 2019<\/h2>\r\n<ul>\r\n<li><em>C\u00edlovou destinac\u00ed<\/em> bude tentokr\u00e1t Slovensko. Hlavn\u00edm bodem programu bude plavba na plt\u00edch na V\u00e1hu a hrad Stre\u010dno. V p\u0159\u00edpad\u011b \u0161patn\u00e9ho po\u010das\u00ed plt\u011b nahrad\u00ed j\u00edzda vl\u00e1\u010dkem Oravskou lesn\u00ed \u017eeleznic\u00ed a v\u00fdlet na p\u0159ilehl\u00fd skanzen, jejich\u017e ceny se rovnaj\u00ed plt\u00edm (cca 10 EUR).<\/li>\r\n<li><em>Propagace:<\/em> dostate\u010dn\u00fd po\u010det plak\u00e1tu na n\u00e1st\u011bnk\u00e1ch byl za\u0159\u00edzen Janou \u0160matlavovou a Pavl\u00ednou Skupie\u0148ovou, facebookov\u00e1 ud\u00e1lost s charakterizac\u00ed m\u00edsta ur\u010den\u00ed byla vytvo\u0159ena Davidem<\/li>\r\n<\/ul>\r\n<p>Konderlou, kde jsou k nalezen\u00ed ve\u0161ker\u00e9 informace k v\u00fdletu: \u010das a datum (sobota 11.5.2019, 7:30 \u2013 17:00); c\u00edl z\u00e1jezdu (okol\u00ed Stre\u010dna); \u010das odjezdu (parkovi\u0161t\u011b u \u017eelezni\u010dn\u00edho n\u00e1dra\u017e\u00ed v Konsk\u00e9); cena z\u00e1jezdu (400 K\u010d dosp\u011bl\u00fd, 250 K\u010d d\u00edt\u011b); co v\u0161echno cena zahrnuje (cestu tam a zp\u00e1tky autobusem, plavbu po V\u00e1hu s v\u00fdkladem pltn\u00edka \/ j\u00edzda Oravskou lesn\u00ed \u017eeleznic\u00ed) nebo nezahrnuje (p\u0159\u00edpadn\u00e9 dal\u0161\u00ed vstupy na skanzen nebo hrad Stre\u010dno). Jako kontaktn\u00ed osoby byly uvedeny Jana \u0160matlavov\u00e1 a David Konderla, ti tak\u00e9 obstaraj\u00ed seznam \u00fa\u010dastn\u00edk\u016f a vyberou od nich pen\u00edze.<\/p>\r\n<ul>\r\n<li><em>\u00da\u010dastn\u00edci z\u00e1jezdu: <\/em>dosud se p\u0159ihl\u00e1silo cca 30-35 lid\u00ed (potvrzeno \u00fastn\u011b), co\u017e bylo \u010dleny V\u00fdboru vyhodnoceno jako dostate\u010dn\u00fd po\u010det. 400 K\u010d dosp\u011bl\u00fd, 250 K\u010d d\u00edt\u011b. Cena j\u00edzdn\u00e9ho byla vypo\u010d\u00edt\u00e1na na cel\u00fd autobus pro 48 osob na 150 K\u010d za osobu. \u010cleny V\u00fdboru bylo odsouhlaseno, \u017ee z\u00e1jemci o z\u00e1jezd zaplat\u00ed celou \u010d\u00e1stku v\u00fdletu dop\u0159edu a v p\u0159\u00edpad\u011b, \u017ee se \u00fa\u010dastn\u00edk z\u00e1jezdu nakonec nebude v\u00fdletu \u00fa\u010dastnit, bude mu vr\u00e1cena pokr\u00e1cena \u010d\u00e1stka o j\u00edzdn\u00e9.<\/li>\r\n<li><em>Doprava: <\/em>doprava bude zaji\u0161t\u011bna autobusov\u00fdm dopravcem fa Hlaviczka, kter\u00fd se osv\u011bd\u010dil n\u011bkolika minul\u00fdmi v\u00fdlety. Faktura bude zaplacena bankovn\u00edm p\u0159evodem. Firma Hlaviczka vlastn\u00ed autobusy do max. pro 48 lid\u00ed. P\u0159edb\u011b\u017en\u00e1 rezervace autobusu na dan\u00fd term\u00edn ji\u017e byla zaji\u0161t\u011bna a potvrzena.<\/li>\r\n<li><em>Kv\u00edz a ceny:<\/em> David Konderla vymysl\u00ed a p\u0159iprav\u00ed kv\u00edz. Ceny pro v\u00fdherce se budou nakupovat v pr\u016fb\u011bhu v\u00fdletu na m\u00edst\u011b z d\u016fvodu t\u00e9matiky a pam\u00e1te\u010dnosti.<\/li>\r\n<li><em>Pokladna a pen\u00edze: <\/em>Pokladn\u00ed T\u00e1\u0148a S. Kokotkov\u00e1 vym\u011bn\u00ed 400 EUR a p\u0159ed\u00e1 j\u00ed Richardovi Sobelovi, kter\u00fd se z\u00fa\u010dastn\u00ed v\u00fdletu v jej\u00edm z\u00e1stupu.<\/li>\r\n<li><em>\u00dakol pro Davida K. a Jana \u0160.: <\/em>Dopsat k pozv\u00e1nce na facebooku p\u0159ipom\u00ednku, \u017ee se z\u00e1jezd kon\u00e1 do zahrani\u010d\u00ed a je t\u0159eba myslet i na mo\u017enost cestovn\u00edho poji\u0161t\u011bn\u00ed.<\/li>\r\n<\/ul>\r\n<h2>2)Bankovn\u00ed \u00fa\u010det<\/h2>\r\n<ul>\r\n<li>Bankovn\u00ed \u00fa\u010det u ERA Po\u0161tovn\u00ed spo\u0159itelny je pot\u0159eba zru\u0161it. Zru\u0161en\u00ed je v sou\u010dasn\u00e9 dob\u011b v \u0159e\u0161en\u00ed u pana Davida Konderly, kter\u00fd \u010dek\u00e1 na nov\u00fd ob\u010dansk\u00fd pr\u016fkaz. Hned jak jej dostane, star\u00fd bankovn\u00ed \u00fa\u010det zru\u0161\u00ed.<\/li>\r\n<li>Bankovn\u00ed \u00fa\u010det u UniCredit bank: Tadeusz Czapla se b\u011bhem n\u00e1sleduj\u00edc\u00edho t\u00fddne sejde s pokladn\u00ed Ta\u0165\u00e1nou S. Kokotkovou a spole\u010dn\u011b pro ni z\u0159\u00edd\u00ed p\u0159\u00edstup do internetov\u00e9 bankovnictv\u00ed, aby mohla p\u0159evz\u00edt agendu v\u010d. bankovn\u00edho \u00fa\u010dtu. Nov\u00fd bankovn\u00ed \u00fa\u010det spolku u Unicredit Bank s v\u00fdhodn\u00fdmi podm\u00ednkami, platebn\u00ed kartou a internetov\u00fdm bankovnictv\u00edm zdarma.<\/li>\r\n<\/ul>\r\n<h2>3)Dodatek k n\u00e1jemn\u00ed smlouv\u011b klubovny \u2013 roz\u0161\u00ed\u0159en\u00ed o prostory p\u0159ed klubovnou<\/h2>\r\n<ul>\r\n<li>V sou\u010dasn\u00e9 dob\u011b se toto t\u00e9ma nach\u00e1z\u00ed v kompetenci pana p\u0159edsedy Tadeusze Czaply, kter\u00fd se pokus\u00ed b\u011bhem n\u00e1sleduj\u00edc\u00edho m\u011bs\u00edce situaci o roz\u0161\u00ed\u0159en\u00ed n\u00e1jemn\u00ed smlouvy o prostory p\u0159ed klubovnou, s c\u00edlem jejich zkr\u00e1\u0161len\u00ed a vyu\u017e\u00edv\u00e1n\u00ed pro akce spolku, vy\u0159e\u0161it.<\/li>\r\n<li>Dosud bylo zji\u0161t\u011bno, \u017ee z\u00e1kladn\u00ed \u0161kola jako provozovatel za\u0159\u00edzen\u00ed v majetku statut\u00e1rn\u00edho m\u011bsta T\u0159ince souhlas\u00ed s roz\u0161\u00ed\u0159en\u00edm smlouvy, ale nem\u00e1 kompetenci k podpisu dodatku. Dodatek je nutn\u00e9 \u0159e\u0161it s Odborem \u017eivotn\u00edho prost\u0159ed\u00ed, kter\u00fd je k tomuto kompetentn\u00ed.<\/li>\r\n<\/ul>\r\n<h2>4)\u010cervnov\u00e1 vaje\u010dina<\/h2>\r\n<p>&#8211; Na sch\u016fzi byla projedn\u00e1na tak\u00e9 ud\u00e1lost \u010dervnov\u00e9 vaje\u010diny, kter\u00e1 se bude konat v sobotu dne 8.6.2019. Bylo dohodnuto, \u017ee o zaji\u0161t\u011bn\u00ed n\u00e1dob\u00ed se postar\u00e1 Jana \u0160matlavov\u00e1 a Helena Kullov\u00e1, n\u00e1kup piva a obstar\u00e1n\u00ed p\u00edpy pan Tadeusz Czapla, vejce si p\u0159inese ka\u017ed\u00fd s\u00e1m.<\/p>\r\n<h2>5)E-Mail pana B\u0159eziny<\/h2>\r\n<p>&#8211; Pan Roman B\u0159ezina zaslal na e-mail spolku Za rozvoj Konsk\u00e9 n\u00e1pad ohledn\u011b po\u0159\u00e1d\u00e1n\u00ed sousedsk\u00e9 sn\u00eddan\u011b. \u010clenov\u00e9 V\u00fdboru se shodli, \u017ee se jedn\u00e1 o hezk\u00fd n\u00e1pad na sbl\u00ed\u017een\u00ed spoluob\u010dan\u016f v Konsk\u00e9 a jednohlasn\u011b se rozhodli \u017ee iniciativu pana B\u0159eziny podpo\u0159\u00ed. P\u0159isl\u00edbili podporu z\u00e1zem\u00edm a prostorem klubovny. Dohodli se tak\u00e9, \u017ee samotnou realizaci a formu po\u0159\u00e1dan\u00e9 sn\u00eddan\u011b nechaj\u00ed v kompetenci pana Romana B\u0159eziny.<\/p>\r\n<h2>6)N\u00e1st\u011bnka a internetov\u00e9 str\u00e1nky<\/h2>\r\n<p>&#8211; P\u0159edseda Tadeusz Czapla vyzval \u010dleny V\u00fdboru, aby informace, kter\u00e9 budou viset v pap\u00edrov\u00e9 podob\u011b na n\u00e1st\u011bnce, byly tak\u00e9 vyv\u011b\u0161eny elektronicky na internetov\u00fdch str\u00e1nk\u00e1ch spolku. Stejn\u011b tak, aby ke ka\u017ed\u00e9 fotce bylo p\u0159id\u00e1no p\u00e1r kr\u00e1tk\u00fdch charakteristick\u00fdch v\u011bt.<\/p>\r\n<h2>7)Rezervace klubovny<\/h2>\r\n<p>&#8211; D\u00e1le pan p\u0159edseda Tadeusz Czapla vyzval \u010dleny V\u00fdboru k diskuzi, zda by bylo mo\u017en\u00e9, aby k rezervaci klubovny, kter\u00e9 se nach\u00e1zej\u00ed v elektronick\u00e9 podob\u011b na www.str\u00e1nk\u00e1ch spolku Za rozvoj Konsk\u00e9, byla p\u0159idan\u00e1 jm\u00e9na \u017eadatel\u016f. T\u00edm by se p\u0159ede\u0161lo nejasnostem a zmatk\u016fm. Bylo odsouhlaseno, \u017ee se k rezervac\u00edm p\u0159id\u00e1 pouze p\u0159\u00edjmen\u00ed \u017eadatele, \u017e\u00e1dn\u00e9 dal\u0161\u00ed soukrom\u00e9 \u00fadaje. &#8211; <em>Hlasov\u00e1n\u00ed<\/em> \u2013 5 hlasovalo pro, 2 se zdr\u017eeli hlasov\u00e1n\u00ed<\/p>\r\n<h2>8)Term\u00edn a t\u00e9mata p\u0159\u00ed\u0161t\u00ed sch\u016fze<\/h2>\r\n<p>&#8211; Term\u00edn dal\u0161\u00ed sch\u016fze se bude konat dne 8.6.2019 na vaje\u010din\u011b, pop\u0159\u00edpad\u011b se dal\u0161\u00ed t\u00e9mata projednaj\u00ed n\u00e1sleduj\u00edc\u00edho dne na \u00faklidu.<br><strong><em><u>\u00dakoly a t\u00e9mata k dal\u0161\u00edmu projedn\u00e1n\u00ed v\u00fdboru spolku Za rozvoj Konsk\u00e9:<\/u><\/em><\/strong><\/p>\r\n<ol>\r\n<li>\u0158e\u0161en\u00ed smlouvy pron\u00e1jmu prostoru klubovny \u2013 roz\u0161\u00ed\u0159en\u00ed i na prostor p\u0159ed klubovnou \u2013 v kompetenci pan Tadeusz Czapla.<\/li>\r\n<li>Brig\u00e1da na v\u00fdm\u011bnu dve\u0159\u00ed a vymalov\u00e1n\u00ed klubu.<\/li>\r\n<li>David Konderla si vy\u0159\u00edd\u00ed novou ob\u010danku \u2013 zru\u0161\u00ed \u00fa\u010det u ERY \/ Po\u0161tovn\u00ed spo\u0159itelny.<\/li>\r\n<li>T\u00e1\u0148a S. Kokotkov\u00e1 a Tadeusz Czapla se sejdou a nechaj\u00ed T\u00e1ni z\u0159\u00eddit p\u0159\u00edstup do internetov\u00e9 bankovnictv\u00ed UniCredit bank \u2013 cca \u00fater\u00fd 23.4.2019 (po 15hod) \u2013 T\u00e1\u0148a se p\u0159ipomene.<\/li>\r\n<li>Vyhodnocen\u00ed jarn\u00edho v\u00fdletu na Slovensko a jej\u00ed fakturace.<\/li>\r\n<li>T\u00e9mata p\u0159\u00ed\u0161t\u00ed sch\u016fze budou mj. letn\u00ed do\u017e\u00ednky a v\u00fdlet do Mion\u0161i.<\/li>\r\n<\/ol>","protected":false},"excerpt":{"rendered":"<p>Z\u00e1pis ze sch\u016fze spolku Za rozvoj Konsk\u00e9\u00b7 Z\u00e1pis ze 3. sch\u016fze v\u00fdboru spolku \u201eZa rozvoj Konsk\u00e9\u201c v roce 2019&nbsp;&nbsp;&nbsp;&nbsp;&nbsp;&nbsp;&nbsp;&nbsp; \u00b7 &nbsp;&nbsp;&nbsp; Datum: 21.4.2019&nbsp;&nbsp;&nbsp;&nbsp;&nbsp;&nbsp;&nbsp;&nbsp; \u00b7 &nbsp;&nbsp;&nbsp; M\u00edsto: T\u0159inec \u2013 Konsk\u00e1 48, 739 61 T\u0159inec&nbsp;&nbsp;&nbsp;&nbsp;&nbsp;&nbsp;&nbsp;&nbsp; \u00b7 &nbsp;&nbsp;&nbsp; Autor: Ta\u0165\u00e1na Sobelov\u00e1 Kokotkov\u00e1\u00b7 \u00da\u010dast (v\u0161ichni p\u0159\u00edtomni): Luk\u00e1\u0161 Kulla, David Konderla, Jana \u0160matlavov\u00e1, Pavl\u00edna Skupie\u0148ov\u00e1, Tadeusz Czapla, Ta\u0165\u00e1na Sobelov\u00e1 Kokotkov\u00e1, [&hellip;]<\/p>","protected":false},"author":1,"featured_media":2209,"comment_status":"open","ping_status":"open","sticky":false,"template":"","format":"standard","meta":{"ngg_post_thumbnail":0,"footnotes":""},"categories":[6],"tags":[],"class_list":["post-43","post","type-post","status-publish","format-standard","has-post-thumbnail","hentry","category-zapisy-ze-schuzi"],"blog_post_layout_featured_media_urls":{"thumbnail":["https:\/\/spolek.konska-osuvky.cz\/wp-content\/uploads\/2019\/08\/Greenmeeting_header-1-150x150.jpg",150,150,true],"full":["https:\/\/spolek.konska-osuvky.cz\/wp-content\/uploads\/2019\/08\/Greenmeeting_header-1.jpg",1100,460,false]},"categories_names":{"6":{"name":"Z\u00e1pisy ze sch\u016fz\u00ed","link":"https:\/\/spolek.konska-osuvky.cz\/en\/category\/zapisy-ze-schuzi\/"}},"tags_names":[],"comments_number":"0","wpmagazine_modules_lite_featured_media_urls":{"thumbnail":["https:\/\/spolek.konska-osuvky.cz\/wp-content\/uploads\/2019\/08\/Greenmeeting_header-1-150x150.jpg",150,150,true],"cvmm-medium":["https:\/\/spolek.konska-osuvky.cz\/wp-content\/uploads\/2019\/08\/Greenmeeting_header-1.jpg",300,125,false],"cvmm-medium-plus":["https:\/\/spolek.konska-osuvky.cz\/wp-content\/uploads\/2019\/08\/Greenmeeting_header-1.jpg",305,128,false],"cvmm-portrait":["https:\/\/spolek.konska-osuvky.cz\/wp-content\/uploads\/2019\/08\/Greenmeeting_header-1.jpg",400,167,false],"cvmm-medium-square":["https:\/\/spolek.konska-osuvky.cz\/wp-content\/uploads\/2019\/08\/Greenmeeting_header-1.jpg",600,251,false],"cvmm-large":["https:\/\/spolek.konska-osuvky.cz\/wp-content\/uploads\/2019\/08\/Greenmeeting_header-1.jpg",1024,428,false],"cvmm-small":["https:\/\/spolek.konska-osuvky.cz\/wp-content\/uploads\/2019\/08\/Greenmeeting_header-1.jpg",130,54,false],"full":["https:\/\/spolek.konska-osuvky.cz\/wp-content\/uploads\/2019\/08\/Greenmeeting_header-1.jpg",1100,460,false]},"_links":{"self":[{"href":"https:\/\/spolek.konska-osuvky.cz\/en\/wp-json\/wp\/v2\/posts\/43","targetHints":{"allow":["GET"]}}],"collection":[{"href":"https:\/\/spolek.konska-osuvky.cz\/en\/wp-json\/wp\/v2\/posts"}],"about":[{"href":"https:\/\/spolek.konska-osuvky.cz\/en\/wp-json\/wp\/v2\/types\/post"}],"author":[{"embeddable":true,"href":"https:\/\/spolek.konska-osuvky.cz\/en\/wp-json\/wp\/v2\/users\/1"}],"replies":[{"embeddable":true,"href":"https:\/\/spolek.konska-osuvky.cz\/en\/wp-json\/wp\/v2\/comments?post=43"}],"version-history":[{"count":4,"href":"https:\/\/spolek.konska-osuvky.cz\/en\/wp-json\/wp\/v2\/posts\/43\/revisions"}],"predecessor-version":[{"id":357,"href":"https:\/\/spolek.konska-osuvky.cz\/en\/wp-json\/wp\/v2\/posts\/43\/revisions\/357"}],"wp:featuredmedia":[{"embeddable":true,"href":"https:\/\/spolek.konska-osuvky.cz\/en\/wp-json\/wp\/v2\/media\/2209"}],"wp:attachment":[{"href":"https:\/\/spolek.konska-osuvky.cz\/en\/wp-json\/wp\/v2\/media?parent=43"}],"wp:term":[{"taxonomy":"category","embeddable":true,"href":"https:\/\/spolek.konska-osuvky.cz\/en\/wp-json\/wp\/v2\/categories?post=43"},{"taxonomy":"post_tag","embeddable":true,"href":"https:\/\/spolek.konska-osuvky.cz\/en\/wp-json\/wp\/v2\/tags?post=43"}],"curies":[{"name":"wp","href":"https:\/\/api.w.org\/{rel}","templated":true}]}}