{"id":4210,"date":"2023-11-22T06:23:49","date_gmt":"2023-11-22T06:23:49","guid":{"rendered":"https:\/\/spolek.konska-osuvky.cz\/?p=4210"},"modified":"2023-11-22T06:23:49","modified_gmt":"2023-11-22T06:23:49","slug":"zapis-ze-schuze-spolku-za-rozvoj-konske-7-11-2023","status":"publish","type":"post","link":"https:\/\/spolek.konska-osuvky.cz\/en\/zapisy-ze-schuzi\/zapis-ze-schuze-spolku-za-rozvoj-konske-7-11-2023\/","title":{"rendered":"Z\u00e1pis ze sch\u016fze spolku Za rozvoj Konsk\u00e9 7.11.2023"},"content":{"rendered":"<p><strong><u>Z\u00e1pis ze sch\u016fze spolku \u201eZa rozvoj Konsk\u00e9\u201c<\/u><\/strong><\/p>\n<ul>\n<li>Datum: 07.11.2023<\/li>\n<li>M\u00edsto: T\u0159inec \u2013 Konsk\u00e1 48, 739 61 T\u0159inec<\/li>\n<li>Autor: Ta\u0165\u00e1na Sobelov\u00e1 Kokotkov\u00e1<\/li>\n<li>\u00da\u010dast: p\u0159\u00edtomni: Tadeusz Czapla, Pavl\u00edna Skupie\u0148ov\u00e1, Luk\u00e1\u0161 Kulla, Helena Kullov\u00e1, Ta\u0165\u00e1na Sobelov\u00e1 Kokotkov\u00e1, David Konderla (on-line), Jana \u0160matlavov\u00e1.<\/li>\n<\/ul>\n<p><strong><em><u>Program jedn\u00e1n\u00ed, t\u00e9mata a usnesen\u00ed:<\/u><\/em><\/strong><\/p>\n<ul>\n<li><em><u>\u00davodn\u00ed slovo<\/u><\/em><\/li>\n<\/ul>\n<p>P\u0159iv\u00edt\u00e1n\u00ed p\u0159edsedou Tadeuszem Czaplou. Zah\u00e1jen\u00ed sch\u016fze minutou ticha na po\u010dest zesnul\u00e9ho p\u0159edsedy m\u00edstn\u00edho SRP\u0160 a \u010dlena \u010c\u010cK Os\u016fvky pana Radka Ciencialy. P\u0159edseda p\u0159ipomn\u011bl fungov\u00e1n\u00ed nov\u00e9ho k\u00f3dov\u00e1n\u00ed a odk\u00f3dov\u00e1n\u00ed klubovny.<\/p>\n<ul>\n<li><em><u>Vy\u00fa\u010dtov\u00e1n\u00ed fotbalu 2023<\/u><\/em><\/li>\n<\/ul>\n<p>\u00da\u010dast na fotbalov\u00e9m turnaji byla uch\u00e1zej\u00edc\u00ed. P\u0159es de\u0161tiv\u00e9 po\u010das\u00ed se turnaje z\u00fa\u010dastnilo 5 fotbalov\u00fdch t\u00fdm\u016f. Investice do turnaje byly nemal\u00e9: 2.890,00 K\u010d st\u00e1ly ceny, nakoupilo se za 14.790,00 K\u010d ob\u010derstven\u00ed, pron\u00e1jem mobiln\u00ed toalety 3.025,00 K\u010d, za startovn\u00e9 se vybralo 5.000,00. Celkov\u00fd zisk \u010dinil cca 700 korun \u010desk\u00fdch.<\/p>\n<p><em>Detail viz P\u0159\u00edloha 1.<\/em><\/p>\n<ul>\n<li><u>Podepsan\u00e1 smlouva na t\u011blocvi\u010dnu<\/u><\/li>\n<\/ul>\n<p>Dnes byla podepsan\u00e1 smlouva na pron\u00e1jem t\u011blocvi\u010dny m\u00edstn\u00ed z\u00e1kladn\u00ed \u0161koly, aby se mohly uskute\u010dnit kondi\u010dn\u00ed a volejbalov\u00e9 tr\u00e9ninky. \u010cip od t\u011blocvi\u010dny byl dnes p\u0159evzat\u00fd osobn\u011b panem p\u0159edsedou Tadeuszem Czaplou. Cena pron\u00e1jmu t\u011blocvi\u010dny \u010din\u00ed 170&nbsp;K\u010d\/h. O pr\u016fb\u011bhu volejbalov\u00fdch tr\u00e9nink\u016f se bude starat pan Luk\u00e1\u0161 Kulla, kondi\u010dn\u00ed tr\u00e9ninky zast\u0159e\u0161\u00ed pan Jakub Nieslanik, kter\u00fd bude fungovat organiza\u010dn\u011b i jako tren\u00e9r.<\/p>\n<p><em>\u00dakol: <\/em>Luk\u00e1\u0161 Kulla \u2013 propagace volejbalov\u00fdch tr\u00e9ninku na facebooku. Tadeusz Czapla \u2013 \u010dl\u00e1nek o sportovn\u00edch aktualit\u00e1ch na webu Spolku.<\/p>\n<ul>\n<li><em><u>Finance<\/u><\/em><\/li>\n<\/ul>\n<p>P\u0159edseda spolku Tadeusz Czapla obdr\u017eel novou bankovn\u00ed kartu, kde se objevil probl\u00e9m s PINem. Tato situace je v&nbsp;sou\u010dasnosti \u0159e\u0161ena. Na bankovn\u00ed \u00fa\u010dtu se aktu\u00e1ln\u011b nach\u00e1z\u00ed cca&nbsp;11.000&nbsp;K\u010d, v&nbsp;hotovostn\u00ed&nbsp;pokladn\u011b cca 5.000 K\u010d.<\/p>\n<ul>\n<li><em><u>Poskytov\u00e1n\u00ed klubovny<\/u><\/em><\/li>\n<\/ul>\n<p>Aktu\u00e1ln\u011b m\u00e1 Spolek Za rozvoj Konsk\u00e9 klubovnu v&nbsp;pron\u00e1jmu od m\u011bsta T\u0159ince za 1K\u010d ro\u010dn\u011b. Spolek v&nbsp;sou\u010dasnosti \u0159e\u0161\u00ed mo\u017enost zp\u0159\u00edstupn\u011bn\u00ed klubovny pro soukrom\u00e9 akce \u010dlen\u016f na\u0161eho spolku v&nbsp;r\u00e1mci kr\u00e1tkodob\u00e9 z\u00e1p\u016fj\u010dky \u2013 pr\u00e1vn\u00ed \u0159e\u0161en\u00ed a podklady p\u0159ipravuje David Konderla.<\/p>\n<p>&nbsp;<\/p>\n<p>Zp\u0159\u00edstupn\u011bn\u00ed klubovny pro aktivity jin\u00fdch spolk\u016f p\u016fsob\u00edc\u00edch v&nbsp;na\u0161\u00ed m\u011bstsk\u00e9 \u010d\u00e1sti, jako nap\u0159.: focen\u00ed d\u011bt\u00ed m\u00edstn\u00ed \u0161koly a \u0161kolky, z\u00e1zem\u00ed pro \u0161koln\u00ed akci rozsv\u011bcov\u00e1n\u00ed v\u00e1no\u010dn\u00edho strome\u010dku, mikul\u00e1\u0161sk\u00e1 bes\u00eddka apod. jsou v&nbsp;souladu s&nbsp;\u010dinnost\u00ed na\u0161eho spolku, a poskytnut\u00ed klubovny je v&nbsp;tomto p\u0159\u00edpad\u011b mo\u017en\u00e9 bez omezen\u00ed. Poskytnut\u00ed klubovny pro pot\u0159eby spolk\u016f a organizac\u00ed na\u0161\u00ed m\u011bstsk\u00e9 \u010d\u00e1sti \u0159e\u0161\u00ed z\u00e1jemci p\u0159\u00edmo se spr\u00e1vkyn\u011bmi klubovny.<\/p>\n<p>Vyu\u017eit\u00ed na\u0161\u00ed klubovny nad tento r\u00e1mec je pot\u0159eba \u0159e\u0161it individu\u00e1ln\u011b s&nbsp;p\u0159edsedou spolku panem Tadeuszem Czaplou.<\/p>\n<p>O mo\u017enosti poskytov\u00e1n\u00ed klubovny v r\u00e1mci z\u00e1p\u016fj\u010dky \u010dlenov\u00e9 v\u00fdboru Spolku hlasovali n\u00e1sledovn\u011b:<\/p>\n<p><em><u>Hlasov\u00e1n\u00ed o mo\u017enosti zp\u0159\u00edstupn\u011bn\u00ed klubovny v r\u00e1mci z\u00e1p\u016fj\u010dky<\/u><\/em><u>:<\/u><\/p>\n<ul>\n<li>hlas\u016f pro: 6,<\/li>\n<li>zdr\u017eel se hlasov\u00e1n\u00ed: 1.<\/li>\n<\/ul>\n<p>&nbsp;<\/p>\n<p><em>\u00dakol: <\/em>David Konderla \u2013 Smlouva o kr\u00e1tkodob\u00e9 z\u00e1p\u016fj\u010dce nebytov\u00fdch prostor v\u010d. pau\u0161\u00e1ln\u00edho provozn\u00edho n\u00e1kladu (voda, plyn, elekt\u0159ina, \u00faklid\u2026)<\/p>\n<ul>\n<li><em><u>Rozsv\u00edcen\u00ed v\u00e1no\u010dn\u00edho strome\u010dku 2023 <\/u><\/em><\/li>\n<\/ul>\n<p>Spolek se bude sna\u017eit o zachov\u00e1n\u00ed t\u00e9to obl\u00edben\u00e9 rodinn\u00e9 akce. Je t\u0159eba v\u0161ak po\u010dkat na stanovisko m\u00edstn\u00edho SRP\u0160, do jak\u00e9 m\u00edry m\u00e1 z\u00e1jem tuto akci spolupo\u0159\u00e1dat. P\u0159edb\u011b\u017en\u011b se jedn\u00e1 o datu v\u00e1no\u010dn\u00ed akce \u2013 a to 15.12.2023.<\/p>\n<ul>\n<li><em><u>T\u0159\u00edkr\u00e1lov\u00fd ve\u010der<\/u><\/em><\/li>\n<\/ul>\n<p>Spolek rozhodl o vyhl\u00e1\u0161en\u00ed data tradi\u010dn\u00edho T\u0159\u00edkr\u00e1lov\u00e9ho ve\u010dera, a to 06.01.2024 v&nbsp;17:00 v&nbsp;m\u00edstn\u00ed Klubovn\u011b. T\u0159\u00edkr\u00e1lov\u00fd ve\u010der bude volebn\u00ed, bude se op\u011bt sout\u011b\u017eit v&nbsp;jednohubk\u00e1ch.<\/p>\n<ul>\n<li><em><u>Shrnut\u00ed, rozlou\u010den\u00ed a proplacen\u00ed \u00fa\u010dt\u016f<\/u><\/em><\/li>\n<\/ul>\n<p><em>V&nbsp;Konsk\u00e9 dne 07.11.2023<\/em><\/p>\n<p><em>Z\u00e1pis vypracovala: Mgr. et Mgr. Ta\u0165\u00e1na Sobelov\u00e1 Kokotkov\u00e1<\/em><\/p>\n<p><em>Z\u00e1pis schv\u00e1lil: Ing. Tadeusz Czapla<\/em><\/p>\n<ul>\n<li><em><u>P\u0159\u00edlohy<\/u><\/em><\/li>\n<\/ul>\n<p><em>P\u0159\u00edloha 1 \u2013 vy\u00fa\u010dtov\u00e1n\u00ed fotbalov\u00e9ho turnaje konan\u00e9ho dne 23.09.2023<\/em><\/p>\n<p><img loading=\"lazy\" decoding=\"async\" class=\"alignnone size-full wp-image-4212\" src=\"https:\/\/spolek.konska-osuvky.cz\/wp-content\/uploads\/2023\/11\/Clipboard01.jpg\" alt=\"\" width=\"632\" height=\"308\" srcset=\"https:\/\/spolek.konska-osuvky.cz\/wp-content\/uploads\/2023\/11\/Clipboard01.jpg 632w, https:\/\/spolek.konska-osuvky.cz\/wp-content\/uploads\/2023\/11\/Clipboard01-300x146.jpg 300w, https:\/\/spolek.konska-osuvky.cz\/wp-content\/uploads\/2023\/11\/Clipboard01-18x9.jpg 18w\" sizes=\"auto, (max-width: 632px) 100vw, 632px\" \/><\/p>\n<p>&nbsp;<\/p>\n<p>Origin\u00e1l: <a href=\"https:\/\/spolek.konska-osuvky.cz\/wp-content\/uploads\/2023\/11\/Zapis-ze-schuze-spolku-Za-rozvoj-Konske-07.11.2023.pdf\">Z\u00e1pis ze sch\u016fze spolku Za rozvoj Konsk\u00e9 07.11.2023<\/a><\/p>","protected":false},"excerpt":{"rendered":"<p>Z\u00e1pis ze sch\u016fze spolku \u201eZa rozvoj Konsk\u00e9\u201c Datum: 07.11.2023 M\u00edsto: T\u0159inec \u2013 Konsk\u00e1 48, 739 61 T\u0159inec Autor: Ta\u0165\u00e1na Sobelov\u00e1 Kokotkov\u00e1 \u00da\u010dast: p\u0159\u00edtomni: Tadeusz Czapla, Pavl\u00edna Skupie\u0148ov\u00e1, Luk\u00e1\u0161 Kulla, Helena Kullov\u00e1, Ta\u0165\u00e1na Sobelov\u00e1 Kokotkov\u00e1, David Konderla (on-line), Jana \u0160matlavov\u00e1. Program jedn\u00e1n\u00ed, t\u00e9mata a usnesen\u00ed: \u00davodn\u00ed slovo P\u0159iv\u00edt\u00e1n\u00ed p\u0159edsedou Tadeuszem Czaplou. Zah\u00e1jen\u00ed sch\u016fze minutou ticha na [&hellip;]<\/p>","protected":false},"author":1,"featured_media":0,"comment_status":"open","ping_status":"open","sticky":false,"template":"","format":"standard","meta":{"ngg_post_thumbnail":0,"footnotes":""},"categories":[6],"tags":[],"class_list":["post-4210","post","type-post","status-publish","format-standard","hentry","category-zapisy-ze-schuzi"],"blog_post_layout_featured_media_urls":{"thumbnail":"","full":""},"categories_names":{"6":{"name":"Z\u00e1pisy ze sch\u016fz\u00ed","link":"https:\/\/spolek.konska-osuvky.cz\/en\/category\/zapisy-ze-schuzi\/"}},"tags_names":[],"comments_number":"0","wpmagazine_modules_lite_featured_media_urls":{"thumbnail":"","cvmm-medium":"","cvmm-medium-plus":"","cvmm-portrait":"","cvmm-medium-square":"","cvmm-large":"","cvmm-small":"","full":""},"_links":{"self":[{"href":"https:\/\/spolek.konska-osuvky.cz\/en\/wp-json\/wp\/v2\/posts\/4210","targetHints":{"allow":["GET"]}}],"collection":[{"href":"https:\/\/spolek.konska-osuvky.cz\/en\/wp-json\/wp\/v2\/posts"}],"about":[{"href":"https:\/\/spolek.konska-osuvky.cz\/en\/wp-json\/wp\/v2\/types\/post"}],"author":[{"embeddable":true,"href":"https:\/\/spolek.konska-osuvky.cz\/en\/wp-json\/wp\/v2\/users\/1"}],"replies":[{"embeddable":true,"href":"https:\/\/spolek.konska-osuvky.cz\/en\/wp-json\/wp\/v2\/comments?post=4210"}],"version-history":[{"count":2,"href":"https:\/\/spolek.konska-osuvky.cz\/en\/wp-json\/wp\/v2\/posts\/4210\/revisions"}],"predecessor-version":[{"id":4214,"href":"https:\/\/spolek.konska-osuvky.cz\/en\/wp-json\/wp\/v2\/posts\/4210\/revisions\/4214"}],"wp:attachment":[{"href":"https:\/\/spolek.konska-osuvky.cz\/en\/wp-json\/wp\/v2\/media?parent=4210"}],"wp:term":[{"taxonomy":"category","embeddable":true,"href":"https:\/\/spolek.konska-osuvky.cz\/en\/wp-json\/wp\/v2\/categories?post=4210"},{"taxonomy":"post_tag","embeddable":true,"href":"https:\/\/spolek.konska-osuvky.cz\/en\/wp-json\/wp\/v2\/tags?post=4210"}],"curies":[{"name":"wp","href":"https:\/\/api.w.org\/{rel}","templated":true}]}}