{"id":4042,"date":"2023-07-05T11:06:57","date_gmt":"2023-07-05T11:06:57","guid":{"rendered":"https:\/\/spolek.konska-osuvky.cz\/?p=4042"},"modified":"2023-07-05T11:12:15","modified_gmt":"2023-07-05T11:12:15","slug":"babi-hora-zdolana","status":"publish","type":"post","link":"https:\/\/spolek.konska-osuvky.cz\/en\/novinky\/babi-hora-zdolana\/","title":{"rendered":"Bab\u00ed hora zdol\u00e1na"},"content":{"rendered":"<p>Uskute\u010dnil se n\u00e1\u0161 letn\u00ed turistick\u00fd v\u00fdlet, kter\u00fd jsme napl\u00e1novali u\u017e v zim\u011b, kdy jsme m\u00edsto Bab\u00ed hory vystoupali na Velkou Ra\u010du.&nbsp;<\/p>\n<p>P\u016fvodn\u011b pl\u00e1novan\u00fd sobotn\u00ed term\u00edn jsme ov\u0161em op\u011bt museli z d\u016fvodu bou\u0159ek p\u0159esunout o jeden den, a tak jsme vyrazili v ned\u011bli 2. \u010dervence.&nbsp;<\/p>\n<p>Bab\u00ed hora se n\u00e1m uk\u00e1zala v rann\u00edm slunci a n\u00e1dhern\u00fdch odst\u00ednech \u010derstv\u00e9 jarn\u00ed zelen\u011b. Pozd\u011bji se sice za\u010dalo zatahovat, ale d\u00e9\u0161\u0165 n\u00e1s na\u0161t\u011bst\u00ed minul. Ve skromn\u011bj\u0161\u00edm po\u010dtu jsme pl\u00e1novanou trasu zvl\u00e1dli velice rychle a v\u00fdlet dostal i v\u00fdznamnou sportovn\u00ed hodnotu. Snad se n\u00e1s p\u0159\u00ed\u0161t\u011b sejde v\u00edce.&nbsp;<\/p>\n<p>Na foto m\u016f\u017eete kouknout v galerii <a href=\"https:\/\/spolek.konska-osuvky.cz\/en\/fotogalerie\/nggallery\/2023\/babia-hora-2-7-2023\/\">zde<\/a>.<\/p>\n<p>&nbsp;<\/p>","protected":false},"excerpt":{"rendered":"<p>Uskute\u010dnil se n\u00e1\u0161 letn\u00ed turistick\u00fd v\u00fdlet, kter\u00fd jsme napl\u00e1novali u\u017e v zim\u011b, kdy jsme m\u00edsto Bab\u00ed hory vystoupali na Velkou Ra\u010du.&nbsp; P\u016fvodn\u011b pl\u00e1novan\u00fd sobotn\u00ed term\u00edn jsme ov\u0161em op\u011bt museli z d\u016fvodu bou\u0159ek p\u0159esunout o jeden den, a tak jsme vyrazili v ned\u011bli 2. \u010dervence.&nbsp; Bab\u00ed hora se n\u00e1m uk\u00e1zala v rann\u00edm slunci a n\u00e1dhern\u00fdch odst\u00ednech [&hellip;]<\/p>","protected":false},"author":3,"featured_media":4044,"comment_status":"open","ping_status":"open","sticky":false,"template":"","format":"standard","meta":{"ngg_post_thumbnail":0,"footnotes":""},"categories":[3],"tags":[],"class_list":["post-4042","post","type-post","status-publish","format-standard","has-post-thumbnail","hentry","category-novinky"],"blog_post_layout_featured_media_urls":{"thumbnail":["https:\/\/spolek.konska-osuvky.cz\/wp-content\/uploads\/2023\/07\/20230702_113810-150x150.jpg",150,150,true],"full":["https:\/\/spolek.konska-osuvky.cz\/wp-content\/uploads\/2023\/07\/20230702_113810-scaled.jpg",2560,1440,false]},"categories_names":{"3":{"name":"News","link":"https:\/\/spolek.konska-osuvky.cz\/en\/category\/novinky\/"}},"tags_names":[],"comments_number":"0","wpmagazine_modules_lite_featured_media_urls":{"thumbnail":["https:\/\/spolek.konska-osuvky.cz\/wp-content\/uploads\/2023\/07\/20230702_113810-150x150.jpg",150,150,true],"cvmm-medium":["https:\/\/spolek.konska-osuvky.cz\/wp-content\/uploads\/2023\/07\/20230702_113810-300x300.jpg",300,300,true],"cvmm-medium-plus":["https:\/\/spolek.konska-osuvky.cz\/wp-content\/uploads\/2023\/07\/20230702_113810-305x207.jpg",305,207,true],"cvmm-portrait":["https:\/\/spolek.konska-osuvky.cz\/wp-content\/uploads\/2023\/07\/20230702_113810-400x600.jpg",400,600,true],"cvmm-medium-square":["https:\/\/spolek.konska-osuvky.cz\/wp-content\/uploads\/2023\/07\/20230702_113810-600x600.jpg",600,600,true],"cvmm-large":["https:\/\/spolek.konska-osuvky.cz\/wp-content\/uploads\/2023\/07\/20230702_113810-1024x1024.jpg",1024,1024,true],"cvmm-small":["https:\/\/spolek.konska-osuvky.cz\/wp-content\/uploads\/2023\/07\/20230702_113810-130x95.jpg",130,95,true],"full":["https:\/\/spolek.konska-osuvky.cz\/wp-content\/uploads\/2023\/07\/20230702_113810-scaled.jpg",2560,1440,false]},"_links":{"self":[{"href":"https:\/\/spolek.konska-osuvky.cz\/en\/wp-json\/wp\/v2\/posts\/4042","targetHints":{"allow":["GET"]}}],"collection":[{"href":"https:\/\/spolek.konska-osuvky.cz\/en\/wp-json\/wp\/v2\/posts"}],"about":[{"href":"https:\/\/spolek.konska-osuvky.cz\/en\/wp-json\/wp\/v2\/types\/post"}],"author":[{"embeddable":true,"href":"https:\/\/spolek.konska-osuvky.cz\/en\/wp-json\/wp\/v2\/users\/3"}],"replies":[{"embeddable":true,"href":"https:\/\/spolek.konska-osuvky.cz\/en\/wp-json\/wp\/v2\/comments?post=4042"}],"version-history":[{"count":1,"href":"https:\/\/spolek.konska-osuvky.cz\/en\/wp-json\/wp\/v2\/posts\/4042\/revisions"}],"predecessor-version":[{"id":4043,"href":"https:\/\/spolek.konska-osuvky.cz\/en\/wp-json\/wp\/v2\/posts\/4042\/revisions\/4043"}],"wp:featuredmedia":[{"embeddable":true,"href":"https:\/\/spolek.konska-osuvky.cz\/en\/wp-json\/wp\/v2\/media\/4044"}],"wp:attachment":[{"href":"https:\/\/spolek.konska-osuvky.cz\/en\/wp-json\/wp\/v2\/media?parent=4042"}],"wp:term":[{"taxonomy":"category","embeddable":true,"href":"https:\/\/spolek.konska-osuvky.cz\/en\/wp-json\/wp\/v2\/categories?post=4042"},{"taxonomy":"post_tag","embeddable":true,"href":"https:\/\/spolek.konska-osuvky.cz\/en\/wp-json\/wp\/v2\/tags?post=4042"}],"curies":[{"name":"wp","href":"https:\/\/api.w.org\/{rel}","templated":true}]}}