{"id":3776,"date":"2023-04-20T12:04:39","date_gmt":"2023-04-20T12:04:39","guid":{"rendered":"https:\/\/spolek.konska-osuvky.cz\/?p=3776"},"modified":"2023-04-20T12:20:59","modified_gmt":"2023-04-20T12:20:59","slug":"zapis-schuze-spolku-za-rozvoj-konske-8-2-2023","status":"publish","type":"post","link":"https:\/\/spolek.konska-osuvky.cz\/en\/zapisy-ze-schuzi\/zapis-schuze-spolku-za-rozvoj-konske-8-2-2023\/","title":{"rendered":"Z\u00e1pis Sch\u016fze Spolku ,,Za Rozvoj Konsk\u00e9\u201c: 8.2.2023"},"content":{"rendered":"<p><strong><u>Z<\/u><\/strong><strong><u>\u00e1pis <\/u><\/strong><strong><u>ze sch\u016fze V<\/u><\/strong><strong><u>\u00fd<\/u><\/strong><strong><u>boru spolku Za rozvoj Konsk<\/u><\/strong><strong><u>\u00e9<\/u><\/strong> <strong><u>ze dne 08.02.2023<\/u><\/strong><\/p>\n<p>&nbsp;<\/p>\n<p><em>P\u0159\u00edtomni na m\u00edst\u011b: <\/em>Tadeusz Czapla, Helena Kullov\u00e1, Jana \u0160matlavov\u00e1, Pavl\u00edna Skupie\u0148ov\u00e1, Luk\u00e1\u0161 Kulla<\/p>\n<p><em>P\u0159ipojen\u00ed on-line:<\/em>&nbsp; Ta\u0165\u00e1na Sobelov\u00e1 Kokotkov\u00e1, David Konderla<\/p>\n<p>&nbsp;<\/p>\n<p><strong><u>Body jedn\u00e1n\u00ed<\/u><\/strong><\/p>\n<p><strong>1) Zabija\u010dka pro \u010dleny spolku Za rozvoj Konsk\u00e9<\/strong><\/p>\n<ul>\n<li>Iniciativa byla prezentov\u00e1na na \u010dlensk\u00e9 sch\u016fzi 07.01.2023 z \u0159ad \u010dlen\u016f spolku Za rozvoj Konsk\u00e9 o&nbsp;uspo\u0159\u00e1d\u00e1n\u00ed zabija\u010dky pouze pro \u010dleny spolku ve spolupr\u00e1ci s&nbsp;m\u00edstn\u00ed Eko-farmou, kter\u00e1 se m\u011bla konat na p\u0159elomu \u00fanora a b\u0159ezna, se z&nbsp;technick\u00fdch d\u016fvod\u016f odkl\u00e1d\u00e1 na podzim.<\/li>\n<\/ul>\n<p>&nbsp;<\/p>\n<p><strong>2) P\u0159\u00edprava turnaje ve stoln\u00edm tenise, 04.03.2023<\/strong><\/p>\n<ul>\n<li>smlouvu o poskytnut\u00ed t\u011blocvi\u010dny vyjedn\u00e1 p\u0159edseda spolku Tadeusz Czapla;<\/li>\n<li>pozv\u00e1nky na turnaj za\u0159\u00edd\u00ed Luk\u00e1\u0161 Kulla a vyv\u011bs\u00ed je v online prostoru, ti\u0161t\u011bnou verzi na&nbsp;obvykl\u00fdch m\u00edstech vyv\u011bs\u00ed Pavl\u00edna Skupie\u0148ov\u00e1. Term\u00edn realizace je nejpozd\u011bji 12. \u00fanora. \u00e0 <em>\u00dakol<\/em>: z plak\u00e1tu u zm\u00ednky &#8222;ob\u010derstven\u00ed zaji\u0161t\u011bno&#8220; je t\u0159eba odstranit obr\u00e1zek piva;<\/li>\n<li>turnaj pro d\u011bti nebude letos na pozv\u00e1nce uveden. Na m\u00edst\u011b v\u0161ak m\u016f\u017ee b\u00fdt podle z\u00e1jmu zorganizov\u00e1n, ceny budou p\u0159ipraveny. \u00e0 <em>\u00dakol<\/em>: \u00faprava textu na pozv\u00e1nce;<\/li>\n<li>ceny do turnaj\u016f &#8211; poukazy pro v\u00edt\u011bze a 15 sad medail\u00ed zajist\u00ed David Konderla ve spolupr\u00e1ci s&nbsp;T\u00e1\u0148ou S. Kokotkovou;<\/li>\n<li>n\u00e1kup ob\u010derstven\u00ed do bufetu za\u0159\u00edd\u00ed Tadeusz Czapla. &nbsp;Zajist\u00ed rovn\u011b\u017e vyti\u0161t\u011bn\u00ed cen\u00edku. Ceny&nbsp;ob\u010derstven\u00ed je pot\u0159eba oproti minul\u00fdm ro\u010dn\u00edk\u016fm zvednout;<\/li>\n<li>oblo\u017een\u00e9 chleby, zel\u0148a\u010dku a z\u00e1kusky zajist\u00ed Jana \u0160matlavov\u00e1 ve spolupr\u00e1ci s&nbsp;dal\u0161\u00edmi \u010dlenkami spolku;<\/li>\n<li>zap\u016fj\u010den\u00ed stolu na pingpong a jeho transport za\u0159\u00edd\u00ed Tadeusz Czapla;<\/li>\n<li>pr\u016fb\u011bh turnaje, elektrotechniku, v\u00fdb\u011br startovn\u00e9ho apod. zajist\u00ed Luk\u00e1\u0161 Kulla, Pavel Jarnot a Ond\u0159ej Kulla;<\/li>\n<li>registrace do turnaj\u016f jednotlivc\u016f bude v&nbsp;leto\u0161n\u00edm ro\u010dn\u00edku nav\u00fd\u0161ena na 100 K\u010d za osobu, ve&nbsp;\u010dty\u0159h\u0159e 100 K\u010d za t\u00fdm, p\u0159\u00edpadn\u011b dobrovoln\u011b vy\u0161\u0161\u00ed.<\/li>\n<\/ul>\n<p><strong>3) Zhodnocen<\/strong><strong>\u00ed<\/strong><strong> zimn\u00edho turistick\u00e9ho v<\/strong><strong>\u00fd<\/strong><strong>letu<\/strong><\/p>\n<ul>\n<li>p\u016fvodn\u00ed pl\u00e1n Bab\u00ed hora v Polsku byl z klimatick\u00fdch a bezpe\u010dnostn\u00edch d\u016fvod\u016f zm\u011bn\u011bn na Velkou Ra\u010du. V\u00fdletu se z\u00fa\u010dastnilo 6 nad\u0161enc\u016f, kte\u0159\u00ed byli odm\u011bn\u011bni n\u00e1dhern\u00fdmi zimn\u00edmi scen\u00e9riemi, hromadou sn\u011bhu a dobr\u00fdm pocitem z hodnotn\u00e9ho sportovn\u00edho v\u00fdkonu &#8211; trasa \u010d\u00edtala cca 21 km, pov\u011bt\u0161inou na sn\u011bhov\u00e9 pokr\u00fdvce. Chata PTTK na Velk\u00e9 Ra\u010di poskytla poledn\u00ed pol\u00e9vku, kr\u00e1tk\u00e9 zhodnocen\u00ed v\u00fdletu prob\u011bhlo v Restauraci U Taufra v Mostech u Jablunkova po cest\u011b dom\u016f;<\/li>\n<li>fotogalerii na webu vytvo\u0159\u00ed Luk\u00e1\u0161 Kulla a Tadeusz Czapla;<\/li>\n<li>n\u00e1hradn\u00ed term\u00edn pro zdol\u00e1n\u00ed Bab\u00ed Hory byl ur\u010den na 1. \u010dervence 2023 v r\u00e1mci letn\u00edho turistick\u00e9ho v\u00fdletu.<\/li>\n<\/ul>\n<p>&nbsp;<\/p>\n<p><strong>4) Sch\u016fzka s veden\u00edm statut\u00e1rn\u00edho m\u011bsta T\u0159ince<\/strong><\/p>\n<ul>\n<li>dne 16.\u00fanora 2023 se bude konat sch\u016fzka iniciov\u00e1na ze strany Z\u0160 M\u00edru s veden\u00edm m\u011bsta T\u0159ince t\u00fdkaj\u00edc\u00ed se provozn\u00edch z\u00e1le\u017eitost\u00ed klubovny a pl\u00e1novan\u00fdch rekonstrukc\u00ed;<\/li>\n<li>z V\u00fdboru spolku Za rozvoj Konsk\u00e9 byl delegov\u00e1n pouze p\u0159edseda Tadeusz Czapla, nikdo dal\u0161\u00ed z \u010dlen\u016f V\u00fdboru se z pracovn\u00edch d\u016fvod\u016f a nevyhovuj\u00edc\u00edho term\u00ednu sch\u016fzky nem\u016f\u017ee z\u00fa\u010dastnit;<\/li>\n<li>diskuze na t\u00e9ma rekonstrukce klubovny.<\/li>\n<\/ul>\n<p>&nbsp;<\/p>\n<p><strong>5) Vyt\u00e1p\u011bn\u00ed klubovny <\/strong><\/p>\n<ul>\n<li>n\u00e1vrh ze strany spr\u00e1vky\u0148 klubovny na nastaven\u00ed automatick\u00fdch \u010das\u016f vyt\u00e1p\u011bn\u00ed v dob\u011b p\u0159edpokl\u00e1dan\u00e9ho vyu\u017e\u00edv\u00e1n\u00ed klubovny bude prov\u011b\u0159ena osoba. \u00e0 \u00dakol: t\u00e9ma k jedn\u00e1n\u00ed na dal\u0161\u00edch sch\u016fz\u00edch.<\/li>\n<\/ul>\n<p>&nbsp;<\/p>\n<p>V&nbsp;T\u0159inci dne 15. \u00fanora 2023<\/p>\n<p>Autor z\u00e1pisu: Ing. Tadeusz Czapla<\/p>\n<p>Z\u00e1pis ov\u011b\u0159en: Mgr. et Mgr. Ta\u0165\u00e1na Sobelov\u00e1 Kokotkov\u00e1<\/p>\n<p>&nbsp;<\/p>\n<p>Origin\u00e1l:&nbsp;<a href=\"https:\/\/spolek.konska-osuvky.cz\/wp-content\/uploads\/2023\/04\/Zapis-ze-schuze-spolku-Za-rozvoj-Konske-08.02.2023.pdf\">Z\u00e1pis ze sch\u016fze spolku Za rozvoj Konsk\u00e9 08.02.2023<\/a><\/p>","protected":false},"excerpt":{"rendered":"<p>Z\u00e1pis ze sch\u016fze V\u00fdboru spolku Za rozvoj Konsk\u00e9 ze dne 08.02.2023 &nbsp; P\u0159\u00edtomni na m\u00edst\u011b: Tadeusz Czapla, Helena Kullov\u00e1, Jana \u0160matlavov\u00e1, Pavl\u00edna Skupie\u0148ov\u00e1, Luk\u00e1\u0161 Kulla P\u0159ipojen\u00ed on-line:&nbsp; Ta\u0165\u00e1na Sobelov\u00e1 Kokotkov\u00e1, David Konderla &nbsp; Body jedn\u00e1n\u00ed 1) Zabija\u010dka pro \u010dleny spolku Za rozvoj Konsk\u00e9 Iniciativa byla prezentov\u00e1na na \u010dlensk\u00e9 sch\u016fzi 07.01.2023 z \u0159ad \u010dlen\u016f spolku Za [&hellip;]<\/p>","protected":false},"author":1,"featured_media":0,"comment_status":"open","ping_status":"open","sticky":false,"template":"","format":"standard","meta":{"ngg_post_thumbnail":0,"footnotes":""},"categories":[6],"tags":[],"class_list":["post-3776","post","type-post","status-publish","format-standard","hentry","category-zapisy-ze-schuzi"],"blog_post_layout_featured_media_urls":{"thumbnail":"","full":""},"categories_names":{"6":{"name":"Z\u00e1pisy ze sch\u016fz\u00ed","link":"https:\/\/spolek.konska-osuvky.cz\/en\/category\/zapisy-ze-schuzi\/"}},"tags_names":[],"comments_number":"0","wpmagazine_modules_lite_featured_media_urls":{"thumbnail":"","cvmm-medium":"","cvmm-medium-plus":"","cvmm-portrait":"","cvmm-medium-square":"","cvmm-large":"","cvmm-small":"","full":""},"_links":{"self":[{"href":"https:\/\/spolek.konska-osuvky.cz\/en\/wp-json\/wp\/v2\/posts\/3776","targetHints":{"allow":["GET"]}}],"collection":[{"href":"https:\/\/spolek.konska-osuvky.cz\/en\/wp-json\/wp\/v2\/posts"}],"about":[{"href":"https:\/\/spolek.konska-osuvky.cz\/en\/wp-json\/wp\/v2\/types\/post"}],"author":[{"embeddable":true,"href":"https:\/\/spolek.konska-osuvky.cz\/en\/wp-json\/wp\/v2\/users\/1"}],"replies":[{"embeddable":true,"href":"https:\/\/spolek.konska-osuvky.cz\/en\/wp-json\/wp\/v2\/comments?post=3776"}],"version-history":[{"count":2,"href":"https:\/\/spolek.konska-osuvky.cz\/en\/wp-json\/wp\/v2\/posts\/3776\/revisions"}],"predecessor-version":[{"id":3782,"href":"https:\/\/spolek.konska-osuvky.cz\/en\/wp-json\/wp\/v2\/posts\/3776\/revisions\/3782"}],"wp:attachment":[{"href":"https:\/\/spolek.konska-osuvky.cz\/en\/wp-json\/wp\/v2\/media?parent=3776"}],"wp:term":[{"taxonomy":"category","embeddable":true,"href":"https:\/\/spolek.konska-osuvky.cz\/en\/wp-json\/wp\/v2\/categories?post=3776"},{"taxonomy":"post_tag","embeddable":true,"href":"https:\/\/spolek.konska-osuvky.cz\/en\/wp-json\/wp\/v2\/tags?post=3776"}],"curies":[{"name":"wp","href":"https:\/\/api.w.org\/{rel}","templated":true}]}}