{"id":3612,"date":"2023-01-10T10:52:45","date_gmt":"2023-01-10T10:52:45","guid":{"rendered":"https:\/\/spolek.konska-osuvky.cz\/?p=3612"},"modified":"2023-01-16T11:08:48","modified_gmt":"2023-01-16T11:08:48","slug":"souhrn-cinnosti-spolku-za-rozvoj-konske-v-roce-2022","status":"publish","type":"post","link":"https:\/\/spolek.konska-osuvky.cz\/en\/uncategorized\/souhrn-cinnosti-spolku-za-rozvoj-konske-v-roce-2022\/","title":{"rendered":"Souhrn \u010dinnosti Spolku &#8222;Za rozvoj Konsk\u00e9&#8220; v roce 2022"},"content":{"rendered":"<p><span style=\"font-weight: 400;\">Dal\u0161\u00ed rok je za n\u00e1mi a ku p\u0159\u00edle\u017eitosti v\u00fdro\u010dn\u00ed \u010clensk\u00e9 sch\u016fze na\u0161eho spolku Za rozvoj Konsk\u00e9 je t\u0159eba se je\u0161t\u011b jednou ohl\u00e9dnout zp\u011bt a pokusit se uplynul\u00fd rok bilancovat.&nbsp;<\/span><\/p>\n<p>&nbsp;<\/p>\n<p><span style=\"font-weight: 400;\">Za\u010d\u00e1tek lo\u0148sk\u00e9ho roku se nesl v duchu st\u00e1le p\u0159etrv\u00e1vaj\u00edc\u00ed pandemie Covid-19, kter\u00e1 pro mnoh\u00e9 p\u0159edstavovala nejen v\u00e1\u017en\u00e9 zdravotn\u00ed nebezpe\u010d\u00ed, ale tak\u00e9 nep\u0159edstavitelnou r\u00e1nu do osobn\u00edch svobod. Spole\u010dnost jako takovou rozd\u011blila na dva t\u00e1bory a p\u0159inesla dle m\u00e9ho soudu \u00fapadek spole\u010densk\u00e9ho \u017eivota, ze kter\u00e9ho jsme se doposud nevzpamatovali. Lid\u00e9 se nau\u010dili \u017e\u00edt v izolaci, provozovat individu\u00e1ln\u00ed kon\u00ed\u010dky a aktivity tak abychom se z preventivn\u00edch d\u016fvod\u016f v\u016fbec nemuseli st\u00fdkat. Kontakt re\u00e1ln\u00fd, a\u0165 u\u017e na pracovi\u0161ti nebo ve voln\u00e9m \u010dase, nahradil kontakt virtu\u00e1ln\u00ed.&nbsp;<\/span><\/p>\n<p>&nbsp;<\/p>\n<p><span style=\"font-weight: 400;\">Postupn\u011b se v\u0161ak epidemick\u00e1 situace za\u010dala zlep\u0161ovat, a na za\u010d\u00e1tku \u00fanora jsme mohli po del\u0161\u00ed nucen\u00e9 pauze svolat \u010clenskou sch\u016fzi na\u0161eho spolku, kter\u00e1 se uskute\u010dnila 5. \u00fanora 2022, za \u00fa\u010dasti sp\u00ed\u0161e jen st\u00e1l\u00fdch \u010dlen\u016f na\u0161eho Spolku. Velice d\u016fle\u017eit\u00e1 sch\u016fze m\u011bla za \u00fakol obnovit ofici\u00e1ln\u00ed funk\u010dn\u00ed obdob\u00ed z d\u016fvodu pandemie p\u0159esluhuj\u00edc\u00edho v\u00fdboru, odsouhlasit nutn\u00e9 zm\u011bny stanov dle po\u017eadavk\u016f legislativn\u00edch zm\u011bn a p\u0159ipravit pl\u00e1n pr\u00e1ce na rok 2022, do kter\u00e9ho v\u0161ichni vstupovali s nad\u011bj\u00ed, \u017ee pandemick\u00e1 muka dozn\u00edvaj\u00ed, a po del\u0161\u00ed dob\u011b n\u00e1s \u010dek\u00e1 \u201cnorm\u00e1ln\u00ed rok\u201d.<\/span><\/p>\n<p>&nbsp;<\/p>\n<p><span style=\"font-weight: 400;\">Jak jsme se m\u00fdlili. P\u0159i\u0161el 24. \u00fanor 2022 a na Evropsk\u00fd kontinent se vr\u00e1tila v\u00e1lka. Speci\u00e1ln\u00ed operace, kter\u00e1 m\u011bla trvat n\u011bkolik dn\u00ed spustila lavinu p\u0159\u00edm\u00fdch i nep\u0159\u00edm\u00fdch d\u016fsledk\u016f, kter\u00e9 poci\u0165ujeme dodnes a je\u0161t\u011b n\u011bjakou dobu poci\u0165ovat budeme. V\u00e1lka vyhnala ze sv\u00fdch domov\u016f a p\u0159inesla utrpen\u00ed milion\u016fm lid\u00ed. Strhla v\u0161ak i obrovskou vlnu podpory a solidarity v\u016f\u010di napaden\u00e9mu st\u00e1tu a p\u0159edev\u0161\u00edm v\u016f\u010di jeho oby\u010dejn\u00e9mu lidu. Nikdo ze staronov\u00fdch \u010dlen\u016f v\u00fdboru na\u0161eho spolku netu\u0161il, \u017ee jednou z prvn\u00edch z\u00e1le\u017eitost\u00ed, kter\u00e9 budeme \u0159e\u0161it na za\u010d\u00e1tku nov\u00e9ho dvoulet\u00e9ho funk\u010dn\u00edho obdob\u00ed bude podn\u011bt z \u0159ad ob\u010dan\u016f Konsk\u00e9 a Os\u016fvek na ubytov\u00e1n\u00ed v na\u0161i klubovn\u011b vojensk\u00fdch uprchl\u00edk\u016f z Ukrajiny. V\u00fdbor spolku v t\u00e9to v\u011bci na za\u010d\u00e1tku b\u0159ezna p\u0159ijal zam\u00edtav\u00e9 stanovisko. Ne \u017ee bychom snad necht\u011bli pomoci, ale na\u0161e klubovna nem\u00e1 dostate\u010dn\u00e9 hygienick\u00e9 z\u00e1zem\u00ed pro ubytov\u00e1n\u00ed a mo\u017enosti stravov\u00e1n\u00ed v bl\u00edzk\u00e9m okol\u00ed je rovn\u011b\u017e problematick\u00e9. Rozhodli jsme se, \u017ee budeme p\u0159ipraveni podniknout pot\u0159ebn\u00e9 kroky k uzp\u016fsoben\u00ed klubovny pro ubytov\u00e1n\u00ed uprchl\u00edk\u016f pouze v p\u0159\u00edpad\u011b, \u017ee se situace zhor\u0161\u00ed natolik, \u017ee nic lep\u0161\u00edho k dispozici nebude. To se i s ohledem na prchaj\u00edc\u00ed \u017eeny s d\u011btmi, kter\u00e9 tvo\u0159\u00ed drtivou v\u011bt\u0161inu prchaj\u00edc\u00edch lid\u00ed, na\u0161t\u011bst\u00ed nestalo.<\/span><\/p>\n<p>&nbsp;<\/p>\n<p><span style=\"font-weight: 400;\">Pl\u00e1n pr\u00e1ce, kter\u00fd byl vytvo\u0159en na \u010dlensk\u00e9 sch\u016fzi p\u0159edpokl\u00e1dal uspo\u0159\u00e1d\u00e1n\u00ed tradi\u010dn\u00edho turnaje ve stoln\u00edm tenise, pro kter\u00fd bylo vybr\u00e1no datum 26.b\u0159ezna 2022. Kdy\u017e u\u017e dokonce bylo op\u011bt mo\u017en\u00e9 pronajmout t\u011blocvi\u010dnu m\u00edstn\u00ed z\u00e1kladn\u00ed \u0161koly, nic nest\u00e1lo v cest\u011b dal\u0161\u00edmu poveden\u00e9mu ro\u010dn\u00edku Pingpongov\u00e9ho turnaje.(Pozn.: prvn\u00ed dva m\u011bs\u00edce z d\u016fvod\u016f pandemie nebylo mo\u017en\u00e9 pronajmout t\u011blocvi\u010dnu pro ned\u011bln\u00ed volejbal). Mezi hr\u00e1\u010di se turnaj tradi\u010dn\u011b t\u011b\u0161\u00ed st\u00e1l\u00e9mu z\u00e1jmu, jen n\u00e1v\u0161t\u011bvnost ze strany nehraj\u00edc\u00edch soused\u016f a spoluob\u010dan\u016f by mohla b\u00fdt v\u011bt\u0161\u00ed. Nehled\u011b na skute\u010dnost, \u017ee v\u017edy je mo\u017en\u00e9 zahr\u00e1t si i mimo turnajov\u00e9 z\u00e1polen\u00ed, jen tak pro radost. Tak t\u0159eba letos?<\/span><\/p>\n<p>&nbsp;<\/p>\n<p><span style=\"font-weight: 400;\">Konec jara, pop\u0159\u00edpad\u011b za\u010d\u00e1tek l\u00e9ta je obdob\u00edm, ve kter\u00e9m se sna\u017e\u00edme uspo\u0159\u00e1dat v\u00fdlet nebo z\u00e1jezd turisticko vzd\u011bl\u00e1vac\u00edho charakteru. V minulosti jsme nav\u0161t\u00edvili r\u016fzn\u00e1 m\u00edsta v bl\u00edzk\u00e9m i vzd\u00e1len\u011bj\u0161\u00edm okol\u00ed, a v\u011bt\u0161inou jsme byli schopni naplnit \u00fa\u010dastn\u00edk cel\u00fd autobus. Po prvn\u00edch zku\u0161enostech s ni\u017e\u0161\u00ed \u00fa\u010dast\u00ed na ud\u00e1lostech po\u0159\u00e1dan\u00fdch po Covidov\u00e9 pandemii jsme se letos rozhodli pro opatrn\u011bj\u0161\u00ed pl\u00e1n. V z\u00e1pisu o p\u0159\u00edprav\u011b v\u00fdletu stoj\u00ed: Tradi\u010dn\u00ed jarn\u00ed v\u00fdlet se bude konat v sobotu dne 21.05.2022 na \u0160ance (u Most\u016f u Jablunkova) a pop\u0159\u00edpad\u011b na mego\u0148ky na slovensk\u00e9 stran\u011b. V\u00fdlet bude obsahovat kulturn\u00ed i turistickou \u010d\u00e1st. Kdo bude cht\u00edt m\u016f\u017ee odtud vyrazit na okoln\u00ed chaty Tet\u0159ev, Severku, Skalku a zp\u00e1tky do Mostu u Jablunkova na vlak. O organizaci, harmonogram, program a v\u011bdomostn\u00ed kv\u00edz se postar\u00e1 po\u0159adatel z\u00e1jezdu David Konderla. Trasa je vhodn\u00e1 i pro ne-sportovce, av\u0161ak ko\u010d\u00e1rky se nedoporu\u010duj\u00ed. Cca 8:20 jede vlak z Konsk\u00e9 do Mostu u Jablunkova, odkud odj\u00ed\u017ed\u00ed autobus rovnou na \u0160ance. V\u00fdlet se bude konat pouze v p\u0159\u00edpad\u011b dobr\u00e9ho po\u010das\u00ed. Term\u00edn je v\u0161ak vybr\u00e1n na Moniku, tzn. Bude kr\u00e1sn\u011b. A jak se napl\u00e1novalo, tak bylo. Edukativn\u00ed \u010d\u00e1st zajistil v\u00fdklad pr\u016fvodce v turistick\u00e9m informa\u010dn\u00edm centru v bezprost\u0159edn\u00ed bl\u00edzkosti obnoven\u00e9 pevnosti \u0160ance o historii, vyu\u017eit\u00ed a d\u016fle\u017eitosti tohoto m\u00edsta. N\u00e1sledovala proch\u00e1zka po opevn\u011bn\u00ed a turistick\u00e1 \u010d\u00e1st dle p\u0159ipraven\u00e9ho pl\u00e1nu. N\u011bkdy v\u016fbec nen\u00ed pot\u0159eba pro zaj\u00edmavosti jezdit na druh\u00fd konec sv\u011bta.<\/span><\/p>\n<p>&nbsp;<\/p>\n<p><span style=\"font-weight: 400;\">Chronologicky dal\u0161\u00ed akc\u00ed v na\u0161em ka\u017edoro\u010dn\u00edm programu bylo Sousedsk\u00e9 posezen\u00ed &#8211; Vaje\u010dina, kter\u00e1 se uskute\u010dnila 10. \u010dervna a jako ka\u017ed\u00fdm rokem byla mo\u017enost\u00ed setk\u00e1n\u00ed, pokl\u00e1bosen\u00ed a anal\u00fdze d\u011bn\u00ed nejen v na\u0161\u00ed m\u011bstsk\u00e9 \u010d\u00e1sti, ale p\u0159edev\u0161\u00edm sv\u011btov\u00fdch ud\u00e1lost\u00ed, kter\u00fdch rok 2022 v\u016fbec nep\u0159inesl m\u00e1lo. N\u00e1sleduj\u00edc\u00ed obdob\u00ed letn\u00edch dovolen\u00fdch, je v posledn\u00edch letech rovn\u011b\u017e obdob\u00edm p\u0159est\u00e1vky v \u010dinnosti i na\u0161eho spolku. Velkou ud\u00e1lost\u00ed v na\u0161\u00ed m\u011bstsk\u00e9 \u010d\u00e1sti byly v tomto obdob\u00ed Do\u017e\u00ednky. P\u0159esto, \u017ee n\u00e1\u0161 Spolek nebyl ofici\u00e1ln\u011b osloven s nab\u00eddkou na spolupr\u00e1ci p\u0159i po\u0159\u00e1d\u00e1n\u00ed t\u00e9to akce, mnoho z na\u0161ich \u010dlen\u016f je svou prac\u00ed \u010di darem nezi\u0161tn\u011b podpo\u0159ilo, a drtiv\u00e1 v\u011bt\u0161ina je vyu\u017eila k setk\u00e1n\u00ed a z\u00e1bav\u011b.<\/span><\/p>\n<p>&nbsp;<\/p>\n<p><span style=\"font-weight: 400;\">Se za\u010d\u00e1tkem nov\u00e9ho \u0161koln\u00edho roku se zd\u00e1lo, \u017ee Covidov\u00fdm restrikc\u00edm nadobro odzvonilo a tak jsme za\u010dali \u0159e\u0161it sportovn\u011b-spole\u010densk\u00fd z\u00e1v\u011br roku, op\u011bt dle p\u0159edpokl\u00e1dan\u00e9ho harmonogramu. V Den \u010desk\u00e9 st\u00e1tnosti, letos ve st\u0159edu 28.9.jsme uspo\u0159\u00e1dali po dvoulet\u00e9 p\u0159est\u00e1vce op\u011bt dal\u0161\u00ed ro\u010dn\u00edk turnaje v mal\u00e9 kopan\u00e9, kter\u00e9ho se z\u00fa\u010dastnilo 6 t\u00fdm\u016f. Velice pozitivn\u011b je t\u0159eba vn\u00edmat p\u0159edev\u0161\u00edm \u00fa\u010dast t\u00fdmu Kojkovic, kter\u00fd ve sv\u00fdch \u0159ad\u00e1ch slou\u010dil nejmlad\u0161\u00ed generaci m\u00edstn\u00edch fotbalov\u00fdch nad\u0161enc\u016f, kte\u0159\u00ed sice na medailov\u00e1 um\u00edst\u011bn\u00ed nedos\u00e1hli, prezentovali se v\u0161ak odv\u00e1\u017en\u00fdm postojem, a z jejich \u0159ad byl \u00fa\u010dastn\u00edky turnaje a publikem vybr\u00e1n \u0160imon Raszka jako nejlep\u0161\u00ed brank\u00e1\u0159 turnaje. N\u00e1\u0161 spolek podpo\u0159il tento t\u00fdm \u00fahradou startovn\u00e9ho v pln\u00e9 v\u00fd\u0161i, proto\u017ee se jednalo o hr\u00e1\u010de \u017e\u00e1kovsk\u00e9ho v\u011bku a podpora sportov\u00e1n\u00ed ml\u00e1de\u017ee je jedn\u00edm z hlavn\u00edch \u00fa\u010del\u016f fungov\u00e1n\u00ed na\u0161eho spolku. Ve strhuj\u00edc\u00edm fin\u00e1le po dlouh\u00fdch letech zv\u00edt\u011bzil t\u00fdm \u010c\u010cK Os\u016fvky United, kter\u00fd ve fin\u00e1lov\u00e9m z\u00e1pase porazil FK Fotbal Relax, t\u0159et\u00ed m\u00edsto p\u0159ipadlo dom\u00e1c\u00edm FC Konsk\u00e1. dal\u0161\u00edmi \u00fa\u010dastn\u00edky byli Eagles, Green Bar Borek a ji\u017e zmi\u0148ovan\u00e9 Kojkovice. Z dal\u0161\u00edch sportovn\u00edch aktivit, kter\u00e9 n\u00e1\u0161 spolek podporuje zm\u00edn\u00edm je\u0161t\u011b pravideln\u00e9 cvi\u010den\u00ed \u017een v pond\u011bl\u00ed v na\u0161\u00ed klubovn\u011b, kter\u00e9 se po letn\u00ed p\u0159est\u00e1vce rovn\u011b\u017e op\u011bt rozjelo, v listopadu a prosinci pak n\u00e1\u0161 spolek pronaj\u00edmal t\u011blocvi\u010dnu m\u00edstn\u00ed z\u00e1kladn\u00ed \u0161koly v ned\u011bli ve ve\u010dern\u00edch hodin\u00e1ch prohru volejbalu.&nbsp;&nbsp;<\/span><\/p>\n<p>&nbsp;<\/p>\n<p><span style=\"font-weight: 400;\">Z\u00e1v\u011br roku se ve v\u011bt\u0161in\u011b n\u00e1m podobn\u00fdch spolk\u016f i jin\u00fdch kolektiv\u016f poj\u00ed s p\u0159edv\u00e1no\u010dn\u00edmi bes\u00eddkami. N\u00e1\u0161 spolek letos podruh\u00e9 spojil s\u00edly s m\u00edstn\u00edm SRP\u0160 a m\u00edsto typick\u00e9 \u201cWilijowki\u201d jsme spole\u010dn\u011b uspo\u0159\u00e1dali rozsv\u00edcen\u00ed V\u00e1no\u010dn\u00edho strome\u010dku. Ide\u00e1ln\u00ed p\u0159\u00edle\u017eitost pro p\u0159edv\u00e1no\u010dn\u00ed setk\u00e1n\u00ed s kulturn\u00edm programem d\u011bt\u00ed m\u00edstn\u00ed \u0161koly a \u0161kolky, zp\u00edv\u00e1n\u00edm koled, doprovodem kapely MMP a hrne\u010dkem n\u011b\u010deho tepl\u00e9ho na zah\u0159\u00e1t\u00ed.&nbsp;<\/span><\/p>\n<p>&nbsp;<\/p>\n<p><span style=\"font-weight: 400;\">T\u011bmito akcemi a iniciativami jsme naplnili n\u00e1\u0161 program celoro\u010dn\u00ed \u010dinnosti spolku v roce 2022.&nbsp;<\/span><\/p>","protected":false},"excerpt":{"rendered":"<p>Dal\u0161\u00ed rok je za n\u00e1mi a ku p\u0159\u00edle\u017eitosti v\u00fdro\u010dn\u00ed \u010clensk\u00e9 sch\u016fze na\u0161eho spolku Za rozvoj Konsk\u00e9 je t\u0159eba se je\u0161t\u011b jednou ohl\u00e9dnout zp\u011bt a pokusit se uplynul\u00fd rok bilancovat.&nbsp; &nbsp; Za\u010d\u00e1tek lo\u0148sk\u00e9ho roku se nesl v duchu st\u00e1le p\u0159etrv\u00e1vaj\u00edc\u00ed pandemie Covid-19, kter\u00e1 pro mnoh\u00e9 p\u0159edstavovala nejen v\u00e1\u017en\u00e9 zdravotn\u00ed nebezpe\u010d\u00ed, ale tak\u00e9 nep\u0159edstavitelnou r\u00e1nu do osobn\u00edch [&hellip;]<\/p>","protected":false},"author":3,"featured_media":3613,"comment_status":"open","ping_status":"open","sticky":false,"template":"","format":"standard","meta":{"ngg_post_thumbnail":0,"footnotes":""},"categories":[3,1],"tags":[],"class_list":["post-3612","post","type-post","status-publish","format-standard","has-post-thumbnail","hentry","category-novinky","category-uncategorized"],"blog_post_layout_featured_media_urls":{"thumbnail":["https:\/\/spolek.konska-osuvky.cz\/wp-content\/uploads\/2023\/01\/kniha-150x150.jpg",150,150,true],"full":["https:\/\/spolek.konska-osuvky.cz\/wp-content\/uploads\/2023\/01\/kniha.jpg",820,568,false]},"categories_names":{"3":{"name":"News","link":"https:\/\/spolek.konska-osuvky.cz\/en\/category\/novinky\/"},"1":{"name":"Uncategorized","link":"https:\/\/spolek.konska-osuvky.cz\/en\/category\/uncategorized\/"}},"tags_names":[],"comments_number":"0","wpmagazine_modules_lite_featured_media_urls":{"thumbnail":["https:\/\/spolek.konska-osuvky.cz\/wp-content\/uploads\/2023\/01\/kniha-150x150.jpg",150,150,true],"cvmm-medium":["https:\/\/spolek.konska-osuvky.cz\/wp-content\/uploads\/2023\/01\/kniha.jpg",300,208,false],"cvmm-medium-plus":["https:\/\/spolek.konska-osuvky.cz\/wp-content\/uploads\/2023\/01\/kniha.jpg",299,207,false],"cvmm-portrait":["https:\/\/spolek.konska-osuvky.cz\/wp-content\/uploads\/2023\/01\/kniha.jpg",400,277,false],"cvmm-medium-square":["https:\/\/spolek.konska-osuvky.cz\/wp-content\/uploads\/2023\/01\/kniha.jpg",600,416,false],"cvmm-large":["https:\/\/spolek.konska-osuvky.cz\/wp-content\/uploads\/2023\/01\/kniha.jpg",820,568,false],"cvmm-small":["https:\/\/spolek.konska-osuvky.cz\/wp-content\/uploads\/2023\/01\/kniha.jpg",130,90,false],"full":["https:\/\/spolek.konska-osuvky.cz\/wp-content\/uploads\/2023\/01\/kniha.jpg",820,568,false]},"_links":{"self":[{"href":"https:\/\/spolek.konska-osuvky.cz\/en\/wp-json\/wp\/v2\/posts\/3612","targetHints":{"allow":["GET"]}}],"collection":[{"href":"https:\/\/spolek.konska-osuvky.cz\/en\/wp-json\/wp\/v2\/posts"}],"about":[{"href":"https:\/\/spolek.konska-osuvky.cz\/en\/wp-json\/wp\/v2\/types\/post"}],"author":[{"embeddable":true,"href":"https:\/\/spolek.konska-osuvky.cz\/en\/wp-json\/wp\/v2\/users\/3"}],"replies":[{"embeddable":true,"href":"https:\/\/spolek.konska-osuvky.cz\/en\/wp-json\/wp\/v2\/comments?post=3612"}],"version-history":[{"count":4,"href":"https:\/\/spolek.konska-osuvky.cz\/en\/wp-json\/wp\/v2\/posts\/3612\/revisions"}],"predecessor-version":[{"id":3620,"href":"https:\/\/spolek.konska-osuvky.cz\/en\/wp-json\/wp\/v2\/posts\/3612\/revisions\/3620"}],"wp:featuredmedia":[{"embeddable":true,"href":"https:\/\/spolek.konska-osuvky.cz\/en\/wp-json\/wp\/v2\/media\/3613"}],"wp:attachment":[{"href":"https:\/\/spolek.konska-osuvky.cz\/en\/wp-json\/wp\/v2\/media?parent=3612"}],"wp:term":[{"taxonomy":"category","embeddable":true,"href":"https:\/\/spolek.konska-osuvky.cz\/en\/wp-json\/wp\/v2\/categories?post=3612"},{"taxonomy":"post_tag","embeddable":true,"href":"https:\/\/spolek.konska-osuvky.cz\/en\/wp-json\/wp\/v2\/tags?post=3612"}],"curies":[{"name":"wp","href":"https:\/\/api.w.org\/{rel}","templated":true}]}}