{"id":3449,"date":"2022-06-03T11:06:00","date_gmt":"2022-06-03T11:06:00","guid":{"rendered":"https:\/\/spolek.konska-osuvky.cz\/?p=3449"},"modified":"2022-06-03T11:15:08","modified_gmt":"2022-06-03T11:15:08","slug":"zapis-schuze-spolku-za-rozvoj-konske-30-3-2022","status":"publish","type":"post","link":"https:\/\/spolek.konska-osuvky.cz\/en\/novinky\/zapis-schuze-spolku-za-rozvoj-konske-30-3-2022\/","title":{"rendered":"Z\u00e1pis Sch\u016fze Spolku ,,Za Rozvoj Konsk\u00e9\u201c: 30.3.2022"},"content":{"rendered":"<p><strong><u>Z\u00e1pis ze sch\u016fze spolku \u201eZa rozvoj Konsk\u00e9\u201c<\/u><\/strong><\/p>\n<ul>\n<li>Datum: 30.03.2022<\/li>\n<li>M\u00edsto: T\u0159inec \u2013 Konsk\u00e1 48, 739 61 T\u0159inec<\/li>\n<li>Autor: Ta\u0165\u00e1na Sobelov\u00e1 Kokotkov\u00e1<\/li>\n<li>\u00da\u010dast: p\u0159\u00edtomni: Tadeusz Czapla, Pavl\u00edna Skupie\u0148ov\u00e1, Luk\u00e1\u0161 Kulla, Helena Kullov\u00e1, Ta\u0165\u00e1na Sobelov\u00e1 Kokotkov\u00e1, David Konderla (on-line);<\/li>\n<\/ul>\n<p>nep\u0159\u00edtomni: Jana \u0160matlavov\u00e1.<\/p>\n<p>&nbsp;<\/p>\n<p><strong><em><u>Program jedn\u00e1n\u00ed, t\u00e9mata a usnesen\u00ed:<\/u><\/em><\/strong><\/p>\n<ul>\n<li><em><u>\u00davodn\u00ed slovo<\/u><\/em><\/li>\n<\/ul>\n<p>Obsah konaj\u00edc\u00ed se sch\u016fze bude zahrnovat: vy\u00fa\u010dtov\u00e1v\u00e1n\u00ed pingpongov\u00e9ho turnaje, jednodenn\u00ed jarn\u00ed v\u00fdlet vlak a term\u00edn vaje\u010diny.<\/p>\n<p>&nbsp;<\/p>\n<ul>\n<li><em><u>PingPong<\/u><\/em><\/li>\n<\/ul>\n<p>Proplacen\u00ed cen, ob\u010derstven\u00ed \u2013 hrub\u00e9 vy\u00fa\u010dtov\u00e1n\u00ed. \u00da\u010dast byla sice men\u0161\u00ed (25 \u00fa\u010dastn\u00edk\u016f), ale turnaj ve stoln\u00edm tenise byl celkov\u011b hodno cen pozitivn\u011b.<\/p>\n<p>&nbsp;<\/p>\n<p>\u010clenov\u00e9 V\u00fdboru odhlasovali:<\/p>\n<ul>\n<li>pro p\u0159\u00ed\u0161t\u00ed rok se uskute\u010dn\u00ed i turnaj pro d\u011bti;<\/li>\n<li>d\u0159\u00edv\u011bj\u0161\u00ed term\u00edn kon\u00e1n\u00ed turnaje stoln\u00edho fotbalu;<\/li>\n<li>op\u011btovn\u00e9 zaveden\u00ed dvou st\u00e1nk\u016f s&nbsp;ob\u010derstven\u00edm (tentokr\u00e1t byl d\u00edky men\u0161\u00ed \u00fa\u010dasti jeden st\u00e1nek dosta\u010duj\u00edc\u00ed)<\/li>\n<li>\u010dty\u0159i pingpongov\u00e9 stoly;<\/li>\n<li>v\u011bt\u0161\u00ed publicita, roz\u0161\u00ed\u0159en\u00ed v\u011bdom\u00ed o konan\u00e9m turnaji do okol\u00ed<\/li>\n<\/ul>\n<p><em><u>V\u0161em z\u00fa\u010dastn\u011bn\u00fdm d\u011bkujeme za pomoc, spolupr\u00e1ci a \u00fa\u010dast.<\/u><\/em><\/p>\n<p>Vy\u00fa\u010dtov\u00e1n\u00ed turnaje viz <em>P\u0159\u00edloha 1.<\/em><\/p>\n<p>&nbsp;<\/p>\n<p>&nbsp;<\/p>\n<ul>\n<li><em><u>Jarn\u00ed v\u00fdlet 2022 <\/u><\/em><\/li>\n<\/ul>\n<p>Tradi\u010dn\u00ed jarn\u00ed v\u00fdlet se bude konat v&nbsp;sobotu dne 21.05.2022 na m\u00edstn\u00ed \u0160ance a pop\u0159\u00edpad\u011b na mego\u0148ky na slovensk\u00e9 stran\u011b. V\u00fdlet bude obsahovat kulturn\u00ed i turistickou \u010d\u00e1st. Kdo bude cht\u00edt m\u016f\u017ee odtud vyrazit na okoln\u00ed chaty Tet\u0159ev, Severku, Skalku a zp\u00e1tky do Mostu u Jablunkova na vlak.<\/p>\n<p>&nbsp;<\/p>\n<p>O organizaci, harmonogram, program a v\u011bdomostn\u00ed kv\u00edz se postar\u00e1 po\u0159adatel z\u00e1jezdu David Konderla. Trasa je vhodn\u00e1 i pro nesportovce, av\u0161ak ko\u010d\u00e1rky se nedoporu\u010duj\u00ed. Cca 8:20 jede vlak z&nbsp;Konsk\u00e9 do&nbsp;Mostu u Jablunkova, odkud odj\u00ed\u017ed\u00ed autobus rovnou na \u0160ance.<\/p>\n<p>&nbsp;<\/p>\n<p>V\u00fdlet se bude konat pouze v&nbsp;p\u0159\u00edpad\u011b dobr\u00e9ho po\u010das\u00ed. Term\u00edn je v\u0161ak vybr\u00e1n na Moniku, tzn. Bude kr\u00e1sn\u011b.<\/p>\n<p>O plak\u00e1t se postar\u00e1 David Konderla ve spolupr\u00e1ci s&nbsp;Tadeuszem Czaplou. Term\u00edn vyhotoven\u00ed plak\u00e1tu byl stanoven nejpozd\u011bji 10. dubna 2022, aby se v\u010das vyv\u011bsil na m\u00edstn\u00ed n\u00e1st\u011bnky a na internet.<\/p>\n<p><em>&nbsp;<\/em><\/p>\n<p><em>\u00dakol: <\/em>vz\u00edt s sebou tatranky z&nbsp;klubovny.<\/p>\n<p><em>Hlavn\u00ed po\u0159adatel<\/em> \u2013 David Konderla.<\/p>\n<p><em>Term\u00edn<\/em> &#8211; 21.5.2022.<\/p>\n<p><em>M\u00edsto \u2013 <\/em>\u0160ance.<\/p>\n<p>&nbsp;<\/p>\n<ul>\n<li><em><u>D\u011btsk\u00e9 h\u0159i\u0161t\u011b <\/u><\/em><\/li>\n<\/ul>\n<p>&nbsp;<\/p>\n<p>Ofici\u00e1ln\u00ed otev\u0159en\u00ed d\u011btsk\u00e9ho h\u0159i\u0161t\u011b u \u0161koly na Os\u016fvk\u00e1ch pro ve\u0159ejnost se bude konat v&nbsp;sobotu dne&nbsp;14.05.2022. V\u010dera, 29.03.2022 se konala ofici\u00e1ln\u00ed SRP\u0160u sch\u016fze, kde n\u00e1\u0161 spolek zastupovala Pavla Skupie\u0148ov\u00e1. Konkurzn\u00ed \u0159\u00edzen\u00ed vyhr\u00e1la firma, kter\u00e1 m\u00e1 st\u00e1le v&nbsp;nab\u00eddce star\u00e9 ceny p\u0159ed sou\u010dasn\u00fdm zdra\u017een\u00edm z&nbsp;d\u016fvodu v\u00e1lky na Ukrajin\u011b, a pan\u00ed Jaroslava Kollarov\u00e1 z\u00edskala dotaci z&nbsp;p\u016fvodn\u00edch 700.000&nbsp;K\u010d 1.2 milionu.<\/p>\n<p>&nbsp;<\/p>\n<ul>\n<li><em><u>Vaje\u010dina \u2013 10.06.2022<\/u><\/em><\/li>\n<\/ul>\n<p>Lo\u0148sk\u00e1 vaje\u010dina byla velice \u00fasp\u011b\u0161n\u00e1. Proto se spole\u010dn\u00e9 sousedsk\u00e9 posezen\u00ed bude konat i leto\u0161n\u00ed \u010derven. Jako term\u00edn byl vybr\u00e1n p\u00e1tek 10.06.2022.<\/p>\n<p>&nbsp;<\/p>\n<ul>\n<li><em><u>Informace spolku Za rozvoj Konsk\u00e9 do okol\u00ed<\/u><\/em><\/li>\n<\/ul>\n<p>&nbsp;<\/p>\n<p>Ta\u0165\u00e1na Sobelov\u00e1 Kokotkov\u00e1 p\u0159ednesla n\u00e1vrh na z\u0159\u00edzen\u00ed n\u00e1st\u011bnky na jejich pozemku ve sm\u011bru Konsk\u00e1 IPS, \u017eel. zast\u00e1vka \u00e0 Borek, kone\u010dn\u00e1. N\u00e1st\u011bnka by se nach\u00e1zela na obl\u00edben\u00e9m okruhu pro b\u011b\u017ece a proch\u00e1zky maminek s&nbsp;ko\u010d\u00e1rky, tud\u00ed\u017e by se informace ohledn\u011b m\u00edstn\u00edho d\u011bn\u00ed roz\u0161\u00ed\u0159ily i do jin\u00fdch okruh\u016f lid\u00ed ne\u017e doposud. N\u00e1st\u011bnka by slou\u017eila i pro vyv\u011b\u0161en\u00ed plak\u00e1tu SRP\u0160, PZKO a jin\u00fdch kulturn\u00edch organizac\u00ed. N\u00e1vrh byl schv\u00e1len. P\u0159edseda spolku Tadeusz Czapla se spoj\u00ed s&nbsp;Mirkem Kullou ohledn\u011b vyroben\u00ed n\u00e1st\u011bnky<\/p>\n<p>Mimo jin\u00e9 se probrala i situace ji\u017e vyroben\u00fdch v\u00fdv\u011bsn\u00edch tabul\u00ed. Do ka\u017ed\u00e9 n\u00e1st\u011bnky je pot\u0159eba p\u0159idat kontakty na na\u0161e webov\u00e9 str\u00e1nky.<\/p>\n<p><em>\u00dakol pro Luk\u00e1\u0161e Kullu: <\/em>Dopln\u011bn\u00ed a aktivace e-mailov\u00fdch adres do registru, kdy ka\u017ed\u00fd dostane p\u0159\u00edchoz\u00ed mail, \u017ee bylo n\u011bco nov\u00e9ho p\u0159ipnuto na n\u00e1\u0161 web.<\/p>\n<p>&nbsp;<\/p>\n<ul>\n<li><em><u>P\u0159\u00edlohy<\/u><\/em><\/li>\n<\/ul>\n<p>&nbsp;<\/p>\n<p>Kone\u010dn\u00e9 vy\u00fa\u010dtov\u00e1n\u00ed turnaje ve stoln\u00edm tenise konan\u00e9ho 26.03.2022<\/p>\n<p><em><u><br \/>\n<img loading=\"lazy\" decoding=\"async\" class=\"alignnone size-full wp-image-3450\" src=\"https:\/\/spolek.konska-osuvky.cz\/wp-content\/uploads\/2022\/06\/undefined.png\" alt=\"\" width=\"1013\" height=\"579\" srcset=\"https:\/\/spolek.konska-osuvky.cz\/wp-content\/uploads\/2022\/06\/undefined.png 1013w, https:\/\/spolek.konska-osuvky.cz\/wp-content\/uploads\/2022\/06\/undefined-300x171.png 300w, https:\/\/spolek.konska-osuvky.cz\/wp-content\/uploads\/2022\/06\/undefined-768x439.png 768w\" sizes=\"auto, (max-width: 1013px) 100vw, 1013px\" \/>&nbsp;<\/u><\/em><\/p>\n<p>Origin\u00e1l: <a href=\"https:\/\/spolek.konska-osuvky.cz\/wp-content\/uploads\/2022\/06\/Zapis-ze-schuze-spolku-Za-rozvoj-Konske-30.03.2022.pdf\">Z\u00e1pis ze sch\u016fze spolku Za rozvoj Konsk\u00e9 30.03.2022<\/a><\/p>","protected":false},"excerpt":{"rendered":"<p>Z\u00e1pis ze sch\u016fze spolku \u201eZa rozvoj Konsk\u00e9\u201c Datum: 30.03.2022 M\u00edsto: T\u0159inec \u2013 Konsk\u00e1 48, 739 61 T\u0159inec Autor: Ta\u0165\u00e1na Sobelov\u00e1 Kokotkov\u00e1 \u00da\u010dast: p\u0159\u00edtomni: Tadeusz Czapla, Pavl\u00edna Skupie\u0148ov\u00e1, Luk\u00e1\u0161 Kulla, Helena Kullov\u00e1, Ta\u0165\u00e1na Sobelov\u00e1 Kokotkov\u00e1, David Konderla (on-line); nep\u0159\u00edtomni: Jana \u0160matlavov\u00e1. &nbsp; Program jedn\u00e1n\u00ed, t\u00e9mata a usnesen\u00ed: \u00davodn\u00ed slovo Obsah konaj\u00edc\u00ed se sch\u016fze bude zahrnovat: vy\u00fa\u010dtov\u00e1v\u00e1n\u00ed [&hellip;]<\/p>","protected":false},"author":1,"featured_media":2209,"comment_status":"open","ping_status":"open","sticky":false,"template":"","format":"standard","meta":{"ngg_post_thumbnail":0,"footnotes":""},"categories":[3,6],"tags":[],"class_list":["post-3449","post","type-post","status-publish","format-standard","has-post-thumbnail","hentry","category-novinky","category-zapisy-ze-schuzi"],"blog_post_layout_featured_media_urls":{"thumbnail":["https:\/\/spolek.konska-osuvky.cz\/wp-content\/uploads\/2019\/08\/Greenmeeting_header-1-150x150.jpg",150,150,true],"full":["https:\/\/spolek.konska-osuvky.cz\/wp-content\/uploads\/2019\/08\/Greenmeeting_header-1.jpg",1100,460,false]},"categories_names":{"3":{"name":"News","link":"https:\/\/spolek.konska-osuvky.cz\/en\/category\/novinky\/"},"6":{"name":"Z\u00e1pisy ze sch\u016fz\u00ed","link":"https:\/\/spolek.konska-osuvky.cz\/en\/category\/zapisy-ze-schuzi\/"}},"tags_names":[],"comments_number":"0","wpmagazine_modules_lite_featured_media_urls":{"thumbnail":["https:\/\/spolek.konska-osuvky.cz\/wp-content\/uploads\/2019\/08\/Greenmeeting_header-1-150x150.jpg",150,150,true],"cvmm-medium":["https:\/\/spolek.konska-osuvky.cz\/wp-content\/uploads\/2019\/08\/Greenmeeting_header-1.jpg",300,125,false],"cvmm-medium-plus":["https:\/\/spolek.konska-osuvky.cz\/wp-content\/uploads\/2019\/08\/Greenmeeting_header-1.jpg",305,128,false],"cvmm-portrait":["https:\/\/spolek.konska-osuvky.cz\/wp-content\/uploads\/2019\/08\/Greenmeeting_header-1.jpg",400,167,false],"cvmm-medium-square":["https:\/\/spolek.konska-osuvky.cz\/wp-content\/uploads\/2019\/08\/Greenmeeting_header-1.jpg",600,251,false],"cvmm-large":["https:\/\/spolek.konska-osuvky.cz\/wp-content\/uploads\/2019\/08\/Greenmeeting_header-1.jpg",1024,428,false],"cvmm-small":["https:\/\/spolek.konska-osuvky.cz\/wp-content\/uploads\/2019\/08\/Greenmeeting_header-1.jpg",130,54,false],"full":["https:\/\/spolek.konska-osuvky.cz\/wp-content\/uploads\/2019\/08\/Greenmeeting_header-1.jpg",1100,460,false]},"_links":{"self":[{"href":"https:\/\/spolek.konska-osuvky.cz\/en\/wp-json\/wp\/v2\/posts\/3449","targetHints":{"allow":["GET"]}}],"collection":[{"href":"https:\/\/spolek.konska-osuvky.cz\/en\/wp-json\/wp\/v2\/posts"}],"about":[{"href":"https:\/\/spolek.konska-osuvky.cz\/en\/wp-json\/wp\/v2\/types\/post"}],"author":[{"embeddable":true,"href":"https:\/\/spolek.konska-osuvky.cz\/en\/wp-json\/wp\/v2\/users\/1"}],"replies":[{"embeddable":true,"href":"https:\/\/spolek.konska-osuvky.cz\/en\/wp-json\/wp\/v2\/comments?post=3449"}],"version-history":[{"count":4,"href":"https:\/\/spolek.konska-osuvky.cz\/en\/wp-json\/wp\/v2\/posts\/3449\/revisions"}],"predecessor-version":[{"id":3457,"href":"https:\/\/spolek.konska-osuvky.cz\/en\/wp-json\/wp\/v2\/posts\/3449\/revisions\/3457"}],"wp:featuredmedia":[{"embeddable":true,"href":"https:\/\/spolek.konska-osuvky.cz\/en\/wp-json\/wp\/v2\/media\/2209"}],"wp:attachment":[{"href":"https:\/\/spolek.konska-osuvky.cz\/en\/wp-json\/wp\/v2\/media?parent=3449"}],"wp:term":[{"taxonomy":"category","embeddable":true,"href":"https:\/\/spolek.konska-osuvky.cz\/en\/wp-json\/wp\/v2\/categories?post=3449"},{"taxonomy":"post_tag","embeddable":true,"href":"https:\/\/spolek.konska-osuvky.cz\/en\/wp-json\/wp\/v2\/tags?post=3449"}],"curies":[{"name":"wp","href":"https:\/\/api.w.org\/{rel}","templated":true}]}}