{"id":3426,"date":"2022-05-13T21:10:59","date_gmt":"2022-05-13T21:10:59","guid":{"rendered":"https:\/\/spolek.konska-osuvky.cz\/?p=3426"},"modified":"2022-05-13T21:13:18","modified_gmt":"2022-05-13T21:13:18","slug":"poznavaci-vylet-na-opevneni-sance-21-5-2022","status":"publish","type":"post","link":"https:\/\/spolek.konska-osuvky.cz\/en\/novinky\/poznavaci-vylet-na-opevneni-sance-21-5-2022\/","title":{"rendered":"POZN\u00c1VAC\u00cd V\u00ddLET NA OPEVN\u011aN\u00cd \u0160ANCE 21. 5. 2022"},"content":{"rendered":"<p><strong>V\u00e1\u017een\u00ed \u010dlenov\u00e9 a p\u0159\u00edznivci Spolku \u201cZa rozvoj Konsk\u00e9\u201c,<\/strong><\/p>\n<p>dovolujeme si V\u00e1s pozvat na turisticko-pozn\u00e1vac\u00ed v\u00fdlet na opevn\u011bn\u00ed \u0160ance, kter\u00e9 v&nbsp;dob\u00e1ch d\u00e1vno minul\u00fdch slou\u017eilo k&nbsp;obran\u011b Jablunkovsk\u00e9ho pr\u016fsmyku zejm\u00e9na p\u0159ed \u00fatoky ze strany Osmansk\u00e9 \u0159\u00ed\u0161e a uhersk\u00fdch povstalc\u016f. Dne 21. 5. 2022 spole\u010dn\u011b nav\u0161t\u00edv\u00edme nov\u011b vybudovan\u00e9 n\u00e1v\u0161t\u011bvnick\u00e9 centrum a samotn\u00e9 opevn\u011bn\u00ed, k&nbsp;\u010demu\u017e n\u00e1m bude n\u00e1pomocen pr\u016fvodce se sv\u00fdm v\u00fdkladem. Po komentovan\u00e9 prohl\u00eddce opevn\u011bn\u00ed bude v&nbsp;z\u00e1vislosti na po\u010das\u00ed n\u00e1sledovat \u201cdobrovoln\u00e1\u201c turistick\u00e1 proch\u00e1zka.<\/p>\n<p>Pomozte n\u00e1m tedy obnovit tradici v\u00fdlet\u016f po\u0159\u00e1dan\u00fdch na\u0161im spolkem. Odm\u011bnou V\u00e1m za to bude objeven\u00ed nov\u00fdch, nepoznan\u00fdch m\u00edst v&nbsp;na\u0161em regionu.<\/p>\n<p><strong>Program v\u00fdletu:<\/strong><\/p>\n<p><strong>8:15 &nbsp;&nbsp;&nbsp; &#8211; sraz na vlakov\u00e9m n\u00e1dra\u017e\u00ed T\u0159inec \u2013 Konsk\u00e1<\/strong><\/p>\n<p><strong>8:25 &nbsp;&nbsp;&nbsp; &#8211; odjezd vlaku sm\u011br N\u00e1vs\u00ed (samoz\u0159ejmost\u00ed je mo\u017enost p\u0159istoupen\u00ed cestou)<\/strong><\/p>\n<p><strong>8:43 &nbsp;&nbsp;&nbsp; &#8211; p\u0159\u00edjezd a p\u0159estup v&nbsp;N\u00e1vs\u00ed na autobus sm\u011br Mosty u Jablunkova, \u0160ance, opevn\u011bn\u00ed (odjezd autobusu 8:58)<\/strong><\/p>\n<p><strong>9:24 &nbsp;&nbsp;&nbsp; &#8211; p\u0159\u00edjezd na zast\u00e1vku Mosty u Jablunkova, \u0160ance, opevn\u011bn\u00ed<\/strong><\/p>\n<p><strong>10:00 &nbsp;&nbsp; &#8211; za\u010d\u00e1tek komentovan\u00e9 prohl\u00eddky opevn\u011bn\u00ed (vstupn\u00e9 hrazeno spolkem)<\/strong><\/p>\n<p><strong>&nbsp;<\/strong>Po absolvov\u00e1n\u00ed prohl\u00eddky se p\u0159esuneme po sv\u00fdch na h\u0159ebeny na\u0161ich Beskyd, kde postupn\u011b budeme moci nav\u0161t\u00edvit Kamennou chatu pod Velk\u00fdm Polomem, Severku a Skalku s&nbsp;n\u00e1vratem na vlakov\u00e9 n\u00e1dra\u017e\u00ed v&nbsp;Mostech u Jablunkova (celkov\u00e1 trasa 10 km). V&nbsp;p\u0159\u00edpad\u011b \u0161patn\u00e9ho po\u010das\u00ed \u010di nemo\u017enosti \u00fa\u010dasti na turistick\u00e9 \u010d\u00e1sti v\u00fdletu se nab\u00edz\u00ed n\u00e1v\u0161t\u011bva nedalek\u00e9 p\u0159\u00edrodn\u00ed pam\u00e1tky \u201cKamenn\u00e9 Gule Megonky\u201c nach\u00e1zej\u00edc\u00ed se na Slovensk\u00e9 stran\u011b (2,5 km od opevn\u011bn\u00ed), p\u0159\u00edpadn\u011b n\u00e1vrat dom\u016f p\u0159es Mosty u Jablunkova.<\/p>\n<p>&nbsp;<\/p>\n<p><strong>&nbsp;<\/strong><strong>V&nbsp;p\u0159\u00edpad\u011b z\u00e1jmu \u010di pot\u0159eby dal\u0161\u00edch informac\u00ed n\u00e1s kontaktuje na e-mailov\u00e9 adrese <\/strong><a href=\"mailto:zarozvojkonske@gmail.com\"><strong>zarozvojkonske@gmail.com<\/strong><\/a><strong> nebo na telefonn\u00edm \u010d\u00edsle 608&nbsp;904&nbsp;476.<\/strong><\/p>\n<p><strong>&nbsp;<\/strong><\/p>\n<p><strong>T\u011b\u0161\u00edme se na V\u00e1s<\/strong><\/p>\n<p>&nbsp;<\/p>\n<p><strong>Spolek \u201cZa rozvoj Konsk\u00e9\u201c<\/strong><\/p>","protected":false},"excerpt":{"rendered":"<p>V\u00e1\u017een\u00ed \u010dlenov\u00e9 a p\u0159\u00edznivci Spolku \u201cZa rozvoj Konsk\u00e9\u201c, dovolujeme si V\u00e1s pozvat na turisticko-pozn\u00e1vac\u00ed v\u00fdlet na opevn\u011bn\u00ed \u0160ance, kter\u00e9 v&nbsp;dob\u00e1ch d\u00e1vno minul\u00fdch slou\u017eilo k&nbsp;obran\u011b Jablunkovsk\u00e9ho pr\u016fsmyku zejm\u00e9na p\u0159ed \u00fatoky ze strany Osmansk\u00e9 \u0159\u00ed\u0161e a uhersk\u00fdch povstalc\u016f. Dne 21. 5. 2022 spole\u010dn\u011b nav\u0161t\u00edv\u00edme nov\u011b vybudovan\u00e9 n\u00e1v\u0161t\u011bvnick\u00e9 centrum a samotn\u00e9 opevn\u011bn\u00ed, k&nbsp;\u010demu\u017e n\u00e1m bude n\u00e1pomocen pr\u016fvodce se [&hellip;]<\/p>","protected":false},"author":1,"featured_media":3427,"comment_status":"open","ping_status":"open","sticky":false,"template":"","format":"standard","meta":{"ngg_post_thumbnail":0,"footnotes":""},"categories":[3],"tags":[],"class_list":["post-3426","post","type-post","status-publish","format-standard","has-post-thumbnail","hentry","category-novinky"],"blog_post_layout_featured_media_urls":{"thumbnail":["https:\/\/spolek.konska-osuvky.cz\/wp-content\/uploads\/2022\/05\/vylet-150x150.jpg",150,150,true],"full":["https:\/\/spolek.konska-osuvky.cz\/wp-content\/uploads\/2022\/05\/vylet.jpg",1000,750,false]},"categories_names":{"3":{"name":"News","link":"https:\/\/spolek.konska-osuvky.cz\/en\/category\/novinky\/"}},"tags_names":[],"comments_number":"0","wpmagazine_modules_lite_featured_media_urls":{"thumbnail":["https:\/\/spolek.konska-osuvky.cz\/wp-content\/uploads\/2022\/05\/vylet-150x150.jpg",150,150,true],"cvmm-medium":["https:\/\/spolek.konska-osuvky.cz\/wp-content\/uploads\/2022\/05\/vylet.jpg",300,225,false],"cvmm-medium-plus":["https:\/\/spolek.konska-osuvky.cz\/wp-content\/uploads\/2022\/05\/vylet.jpg",276,207,false],"cvmm-portrait":["https:\/\/spolek.konska-osuvky.cz\/wp-content\/uploads\/2022\/05\/vylet.jpg",400,300,false],"cvmm-medium-square":["https:\/\/spolek.konska-osuvky.cz\/wp-content\/uploads\/2022\/05\/vylet.jpg",600,450,false],"cvmm-large":["https:\/\/spolek.konska-osuvky.cz\/wp-content\/uploads\/2022\/05\/vylet.jpg",1000,750,false],"cvmm-small":["https:\/\/spolek.konska-osuvky.cz\/wp-content\/uploads\/2022\/05\/vylet.jpg",127,95,false],"full":["https:\/\/spolek.konska-osuvky.cz\/wp-content\/uploads\/2022\/05\/vylet.jpg",1000,750,false]},"_links":{"self":[{"href":"https:\/\/spolek.konska-osuvky.cz\/en\/wp-json\/wp\/v2\/posts\/3426","targetHints":{"allow":["GET"]}}],"collection":[{"href":"https:\/\/spolek.konska-osuvky.cz\/en\/wp-json\/wp\/v2\/posts"}],"about":[{"href":"https:\/\/spolek.konska-osuvky.cz\/en\/wp-json\/wp\/v2\/types\/post"}],"author":[{"embeddable":true,"href":"https:\/\/spolek.konska-osuvky.cz\/en\/wp-json\/wp\/v2\/users\/1"}],"replies":[{"embeddable":true,"href":"https:\/\/spolek.konska-osuvky.cz\/en\/wp-json\/wp\/v2\/comments?post=3426"}],"version-history":[{"count":4,"href":"https:\/\/spolek.konska-osuvky.cz\/en\/wp-json\/wp\/v2\/posts\/3426\/revisions"}],"predecessor-version":[{"id":3431,"href":"https:\/\/spolek.konska-osuvky.cz\/en\/wp-json\/wp\/v2\/posts\/3426\/revisions\/3431"}],"wp:featuredmedia":[{"embeddable":true,"href":"https:\/\/spolek.konska-osuvky.cz\/en\/wp-json\/wp\/v2\/media\/3427"}],"wp:attachment":[{"href":"https:\/\/spolek.konska-osuvky.cz\/en\/wp-json\/wp\/v2\/media?parent=3426"}],"wp:term":[{"taxonomy":"category","embeddable":true,"href":"https:\/\/spolek.konska-osuvky.cz\/en\/wp-json\/wp\/v2\/categories?post=3426"},{"taxonomy":"post_tag","embeddable":true,"href":"https:\/\/spolek.konska-osuvky.cz\/en\/wp-json\/wp\/v2\/tags?post=3426"}],"curies":[{"name":"wp","href":"https:\/\/api.w.org\/{rel}","templated":true}]}}