{"id":3379,"date":"2021-11-25T10:00:53","date_gmt":"2021-11-25T10:00:53","guid":{"rendered":"https:\/\/spolek.konska-osuvky.cz\/?p=3379"},"modified":"2022-01-22T10:02:11","modified_gmt":"2022-01-22T10:02:11","slug":"zapis-schuze-spolku-za-rozvoj-konske-23-11-2021","status":"publish","type":"post","link":"https:\/\/spolek.konska-osuvky.cz\/en\/zapisy-ze-schuzi\/zapis-schuze-spolku-za-rozvoj-konske-23-11-2021\/","title":{"rendered":"Z\u00e1pis sch\u016fze spolku ,,Za rozvoj Konsk\u00e9\u201c: 23.11.2021"},"content":{"rendered":"<h2><strong><u>Z\u00e1pis ze sch\u016fze spolku \u201eZa rozvoj Konsk\u00e9\u201c<\/u><\/strong><\/h2>\n<ul>\n<li>Datum: 23.11.2021<\/li>\n<li>M\u00edsto: T\u0159inec \u2013 Konsk\u00e1 48, 739 61 T\u0159inec<\/li>\n<li>Autor: Ta\u0165\u00e1na Sobelov\u00e1 Kokotkov\u00e1<\/li>\n<li>\u00da\u010dast: p\u0159\u00edtomni: Tadeusz Czapla, David Konderla (on-line), Luk\u00e1\u0161 Kulla, Pavl\u00edna Skupie\u0148ov\u00e1, Helena Kullov\u00e1, Ta\u0165\u00e1na Sobelov\u00e1 Kokotkov\u00e1<\/li>\n<\/ul>\n<p>nep\u0159itomni: Jana \u0160matlavov\u00e1<\/p>\n<p>&nbsp;<\/p>\n<p><strong><em><u>Program jedn\u00e1n\u00ed, t\u00e9mata a usnesen\u00ed:<\/u><\/em><\/strong><\/p>\n<ul>\n<li><em><u>\u00davodn\u00ed slovo<\/u><\/em><\/li>\n<\/ul>\n<p>Uv\u00edt\u00e1n\u00ed p\u0159edsedou Tadeuszem Czaplou a zah\u00e1jen\u00ed diskuse o pr\u016fb\u011bhu v&nbsp;dob\u011b kovidov\u00e9 a \u010dinnosti spolku v&nbsp;dob\u011b kovidov\u00e9.<\/p>\n<ul>\n<li><em><u>Finance<\/u><\/em><\/li>\n<\/ul>\n<p>Jedn\u00e1n\u00ed ohledn\u011b z\u00edskan\u00fdch financ\u00ed, tj. z\u00edsk\u00e1n\u00ed grantu Magistr\u00e1tu M\u011bsta T\u0159ince v&nbsp;hodnot\u011b 13.000,00 K\u010d a p\u0159\u00edjem z&nbsp;pron\u00e1jmu klubovny na cvi\u010den\u00ed.<\/p>\n<ul>\n<li><em><u>Jedn\u00e1n\u00ed o v\u00e1no\u010dn\u00ed akci Rozsv\u00edcen\u00ed v\u00e1no\u010dn\u00edho stromu konan\u00e9m SRP\u0160<\/u><\/em><\/li>\n<\/ul>\n<p>Radek Cienciala, p\u0159edseda SRP\u0160, vymyslel kon\u00e1n\u00ed akce Rozsv\u00edcen\u00ed v\u00e1no\u010dn\u00edho stromu u \u0161koly v Konsk\u00e9 \u010d.p. 48. Jedn\u00e1 se o setk\u00e1n\u00ed ve vn\u011bj\u0161\u00edch prostor\u00e1ch p\u0159ed klubovnou s&nbsp;mal\u00fdm poho\u0161t\u011bn\u00edm a programem pro d\u011bti, kdy ka\u017ed\u00e9 d\u00edt\u011b m\u016f\u017ee don\u00e9st v\u00e1no\u010dn\u00ed ozdobu na strome\u010dek, za co\u017e obdr\u017e\u00ed odm\u011bnou d\u00e1rkov\u00fd bal\u00ed\u010dek.<\/p>\n<p>Uva\u017euje se o roz\u0161\u00ed\u0159en\u00ed t\u00e9to hezk\u00e9 akce i pro PZKO, Osadn\u00ed v\u00fdbor a spolek Za rozvoj Konsk\u00e9.<\/p>\n<p><em>Debata<\/em>: \u010c\u00edm m\u016f\u017ee p\u0159isp\u011bt spolek Za rozvoj Konsk\u00e9 \u2013 ob\u010derstven\u00ed, z\u00e1zem\u00ed, p\u0159\u00edsp\u011bvek na d\u00e1rkov\u00e9 bal\u00ed\u010dky pro d\u011bti a v\u00e1no\u010dn\u00ed stromek, v\u010d. jeho zasazen\u00ed do zem\u011b. V\u0161echny n\u00e1vrhy byly schv\u00e1leny jednohlasn\u011b.<\/p>\n<ul>\n<li><em><u>Tradi\u010dn\u00ed zimn\u00ed v\u00fdlet<\/u><\/em><\/li>\n<\/ul>\n<p>Zimn\u00ed v\u00fdlet by se mohl uskute\u010dnit mezi sv\u00e1tky v\u00e1no\u010dn\u00edmi a novoro\u010dn\u00edmi. Jako p\u0159edterm\u00edn byl vybr\u00e1n 29.12.2021. Jednalo by se o v\u00fd\u0161lap na Javorov\u00fd vrch, kde byl nov\u011b postaven betonov\u00fd \u010desko-polsk\u00fd monument.<\/p>\n<p>\u201e<em>JAVOROV\u00dd \/ Na Javorov\u00e9m (1032 m n. m.) byl vzty\u010den objekt p\u0159ipom\u00ednaj\u00edc\u00ed 100. v\u00fdro\u010d\u00ed zalo\u017een\u00ed polsk\u00e9ho turisticko-sportovn\u00edho spolku \u201eBeskid \u015al\u0105ski\u201c. Pomn\u00edk se skl\u00e1d\u00e1 ze dvou \u017eulov\u00fdch \u010d\u00e1st\u00ed: obelisku, na n\u011bm\u017e je vyryt n\u00e1pis ve dvou jazyc\u00edch s n\u00e1zvem vrcholu a jeho v\u00fd\u0161kou, a n\u00e1pisu: \u201e1922-2022 PTTS BESKID \u015aL\u0104SKI\u201c a lavi\u010dky ve tvaru vlny s vyryt\u00fdmi dvojjazy\u010dn\u00fdmi n\u00e1zvy vybran\u00fdch okoln\u00edch horsk\u00fdch vrchol\u016f. Autory pam\u00e1tn\u00edku jsou: Karol Cie\u015blar a Martin Kucha\u0159, kter\u00fd realizoval tak\u00e9 sloup p\u0159ed Muzeem T\u011b\u0161\u00ednska<\/em>.\u201c<a href=\"#_ftn1\" name=\"_ftnref1\">[1]<\/a><\/p>\n<p>Organiz\u00e1tory byli ustanoven\u00ed Luk\u00e1\u0161 Kulla a David Konderla. Plak\u00e1t k&nbsp;t\u00e9to akci vytvo\u0159\u00ed p\u0159edseda spolku Za rozvoj Konsk\u00e9 Tadeusz Czapla.<\/p>\n<ul>\n<li><em><u>Sportovn\u00ed akce po\u0159\u00e1dan\u00e9 spolkem Za rozvoj Konsk\u00e9<\/u><\/em><\/li>\n<\/ul>\n<p>D\u00e1le se jednalo o kon\u00e1n\u00ed tradi\u010dn\u00edho pingpongov\u00e9ho \u010di volejbalov\u00e9ho turnaje v&nbsp;t\u011blocvi\u010dn\u011b \u0161koly. Ten by se konal na ja\u0159e 2022. Mus\u00ed se v\u0161ak nejprve zjistit a osv\u011btlit podm\u00ednky pron\u00e1jmu \u0161koln\u00edch prostor, t\u011blocvi\u010dny, na Magistr\u00e1tu M\u011bsta T\u0159ince.<\/p>\n<ul>\n<li><em><u>T\u0159\u00edkr\u00e1lov\u00e1 sch\u016fze 2022<\/u><\/em><\/li>\n<\/ul>\n<p>Nast\u00e1vaj\u00edc\u00ed volby do v\u00fdboru spolku Za rozvoj Konsk\u00e9 se budou konat tradi\u010dn\u011b b\u011bhem T\u0159\u00edkr\u00e1lov\u00e9 sch\u016fze. Ta se prob\u011bhne v&nbsp;p\u00e1tek 7.1.2022 v&nbsp;18:00 v&nbsp;klubovn\u011b spolku, p\u0159\u00edpadn\u011b v&nbsp;sobotu 15.1.2022. \u010clenov\u00e9 v\u00fdboru spolku ji\u017e jeden rok p\u0159esluhuj\u00ed, jeliko\u017e byla jejich funkce kv\u016fli nouzov\u00e9mu stavu \u010cR na za\u010d\u00e1tku roku 2021 automaticky prodlou\u017eena.<\/p>\n<ul>\n<li><em><u>Energie klubovny<\/u><\/em><\/li>\n<\/ul>\n<p>Spolkem Za rozvoj Konsk\u00e9 byl zakoupen nov\u00fd kotel na vyt\u00e1p\u011bn\u00ed prostor\u016f klubovny. Je t\u0159eba zd\u016fraz\u0148ovat a kontrolovat po jednotliv\u00fdch akc\u00edch zav\u00edr\u00e1n\u00ed oken a dve\u0159\u00ed, aby nedoch\u00e1zelo ke&nbsp;zbyte\u010dn\u00e9mu \u00faniku tepla.<\/p>\n<p>Z&nbsp;toho d\u016fvodu se z\u00e1rove\u0148 nav\u00fd\u0161\u00ed cena pron\u00e1jmu od roku 2022. Dosavadn\u00ed ceny pron\u00e1jmu jsou 300,00 K\u010d pro \u010dleny klubovny, 500,00 K\u010d pro osoby ciz\u00ed. Za rok 2020 \u010dinily energie, tj. plyn, el. energie a voda, 5.846,49 K\u010d (1kW \/ 6K\u010d).<\/p>\n<ul>\n<li><em><u>Pod\u011bkov\u00e1n\u00ed a z\u00e1v\u011br<\/u><\/em><\/li>\n<\/ul>\n<p>V\u00fdbor spolku Za rozvoj Konsk\u00e9 pod\u011bkoval v&nbsp;nep\u0159\u00edtomnosti Mirkovi Kullovi za jeho sponzorsk\u00fd dar, kdy ve spolupr\u00e1ci s Romanem Cmielem opravil kuchy\u0148skou linku v klubovn\u011b. Tohoto velkorys\u00e9ho gesta si velice v\u00e1\u017e\u00edme.<\/p>\n<p>Z\u00e1rove\u0148 v\u00fdbor pod\u011bkoval Pavle Skupie\u0148ov\u00e9 za aktivn\u00ed starost o chod a z\u00e1sobov\u00e1n\u00ed klubovny. \u00da\u010dty j\u00ed budou samoz\u0159ejm\u011b proplaceny.<\/p>\n<p><a href=\"#_ftnref1\" name=\"_ftn1\">[1]<\/a> CS Zwrot: <em>Pomn\u00edk na Javorov\u00e9m ji\u017e stoj\u00ed<\/em>. Pramenn\u00e9 d\u00edlo (online), dostupn\u00e9 na: <a href=\"https:\/\/cs.zwrot.cz\/2021\/11\/pomnik-na-javorovem-jiz-stoji\/\">https:\/\/cs.zwrot.cz\/2021\/11\/pomnik-na-javorovem-jiz-stoji\/<\/a> (platn\u00e9 ke dni 23.11.2021).<\/p>","protected":false},"excerpt":{"rendered":"<p>Z\u00e1pis ze sch\u016fze spolku \u201eZa rozvoj Konsk\u00e9\u201c Datum: 23.11.2021 M\u00edsto: T\u0159inec \u2013 Konsk\u00e1 48, 739 61 T\u0159inec Autor: Ta\u0165\u00e1na Sobelov\u00e1 Kokotkov\u00e1 \u00da\u010dast: p\u0159\u00edtomni: Tadeusz Czapla, David Konderla (on-line), Luk\u00e1\u0161 Kulla, Pavl\u00edna Skupie\u0148ov\u00e1, Helena Kullov\u00e1, Ta\u0165\u00e1na Sobelov\u00e1 Kokotkov\u00e1 nep\u0159itomni: Jana \u0160matlavov\u00e1 &nbsp; Program jedn\u00e1n\u00ed, t\u00e9mata a usnesen\u00ed: \u00davodn\u00ed slovo Uv\u00edt\u00e1n\u00ed p\u0159edsedou Tadeuszem Czaplou a zah\u00e1jen\u00ed diskuse [&hellip;]<\/p>","protected":false},"author":1,"featured_media":2209,"comment_status":"open","ping_status":"open","sticky":false,"template":"","format":"standard","meta":{"ngg_post_thumbnail":0,"footnotes":""},"categories":[6],"tags":[],"class_list":["post-3379","post","type-post","status-publish","format-standard","has-post-thumbnail","hentry","category-zapisy-ze-schuzi"],"blog_post_layout_featured_media_urls":{"thumbnail":["https:\/\/spolek.konska-osuvky.cz\/wp-content\/uploads\/2019\/08\/Greenmeeting_header-1-150x150.jpg",150,150,true],"full":["https:\/\/spolek.konska-osuvky.cz\/wp-content\/uploads\/2019\/08\/Greenmeeting_header-1.jpg",1100,460,false]},"categories_names":{"6":{"name":"Z\u00e1pisy ze sch\u016fz\u00ed","link":"https:\/\/spolek.konska-osuvky.cz\/en\/category\/zapisy-ze-schuzi\/"}},"tags_names":[],"comments_number":"0","wpmagazine_modules_lite_featured_media_urls":{"thumbnail":["https:\/\/spolek.konska-osuvky.cz\/wp-content\/uploads\/2019\/08\/Greenmeeting_header-1-150x150.jpg",150,150,true],"cvmm-medium":["https:\/\/spolek.konska-osuvky.cz\/wp-content\/uploads\/2019\/08\/Greenmeeting_header-1.jpg",300,125,false],"cvmm-medium-plus":["https:\/\/spolek.konska-osuvky.cz\/wp-content\/uploads\/2019\/08\/Greenmeeting_header-1.jpg",305,128,false],"cvmm-portrait":["https:\/\/spolek.konska-osuvky.cz\/wp-content\/uploads\/2019\/08\/Greenmeeting_header-1.jpg",400,167,false],"cvmm-medium-square":["https:\/\/spolek.konska-osuvky.cz\/wp-content\/uploads\/2019\/08\/Greenmeeting_header-1.jpg",600,251,false],"cvmm-large":["https:\/\/spolek.konska-osuvky.cz\/wp-content\/uploads\/2019\/08\/Greenmeeting_header-1.jpg",1024,428,false],"cvmm-small":["https:\/\/spolek.konska-osuvky.cz\/wp-content\/uploads\/2019\/08\/Greenmeeting_header-1.jpg",130,54,false],"full":["https:\/\/spolek.konska-osuvky.cz\/wp-content\/uploads\/2019\/08\/Greenmeeting_header-1.jpg",1100,460,false]},"_links":{"self":[{"href":"https:\/\/spolek.konska-osuvky.cz\/en\/wp-json\/wp\/v2\/posts\/3379","targetHints":{"allow":["GET"]}}],"collection":[{"href":"https:\/\/spolek.konska-osuvky.cz\/en\/wp-json\/wp\/v2\/posts"}],"about":[{"href":"https:\/\/spolek.konska-osuvky.cz\/en\/wp-json\/wp\/v2\/types\/post"}],"author":[{"embeddable":true,"href":"https:\/\/spolek.konska-osuvky.cz\/en\/wp-json\/wp\/v2\/users\/1"}],"replies":[{"embeddable":true,"href":"https:\/\/spolek.konska-osuvky.cz\/en\/wp-json\/wp\/v2\/comments?post=3379"}],"version-history":[{"count":2,"href":"https:\/\/spolek.konska-osuvky.cz\/en\/wp-json\/wp\/v2\/posts\/3379\/revisions"}],"predecessor-version":[{"id":3381,"href":"https:\/\/spolek.konska-osuvky.cz\/en\/wp-json\/wp\/v2\/posts\/3379\/revisions\/3381"}],"wp:featuredmedia":[{"embeddable":true,"href":"https:\/\/spolek.konska-osuvky.cz\/en\/wp-json\/wp\/v2\/media\/2209"}],"wp:attachment":[{"href":"https:\/\/spolek.konska-osuvky.cz\/en\/wp-json\/wp\/v2\/media?parent=3379"}],"wp:term":[{"taxonomy":"category","embeddable":true,"href":"https:\/\/spolek.konska-osuvky.cz\/en\/wp-json\/wp\/v2\/categories?post=3379"},{"taxonomy":"post_tag","embeddable":true,"href":"https:\/\/spolek.konska-osuvky.cz\/en\/wp-json\/wp\/v2\/tags?post=3379"}],"curies":[{"name":"wp","href":"https:\/\/api.w.org\/{rel}","templated":true}]}}