{"id":3329,"date":"2021-08-24T12:51:24","date_gmt":"2021-08-24T12:51:24","guid":{"rendered":"https:\/\/spolek.konska-osuvky.cz\/?p=3329"},"modified":"2021-11-24T13:31:20","modified_gmt":"2021-11-24T13:31:20","slug":"aktualizovali-jsme-fotogalerii-2021","status":"publish","type":"post","link":"https:\/\/spolek.konska-osuvky.cz\/en\/novinky\/aktualizovali-jsme-fotogalerii-2021\/","title":{"rendered":"Aktualizovali jsme fotogalerii 2021"},"content":{"rendered":"<p>V&nbsp;celoro\u010dn\u00edm programu na\u0161eho Spolku Za rozvoj Konsk\u00e9 nesm\u00ed chyb\u011bt. P\u0159edev\u0161\u00edm proto, \u017ee jsou to akce, kter\u00e9 se v\u017edy t\u011b\u0161\u00ed velk\u00e9mu z\u00e1jmu a jejich atmosf\u00e9ra je pohodov\u00e1, p\u0159\u00e1telsk\u00e1, prost\u011b sousedsk\u00e1. A tak to m\u00e1 b\u00fdt.<\/p>\n<p>Zat\u00edmco \u201eVaje\u010dina\u201c u\u017e je dlouholetou tradic\u00ed, \u201eGul\u00e1\u0161ovka\u201c je teprve novinkou, ale v\u011b\u0159\u00edme, \u017ee i ona si najde v&nbsp;na\u0161em programu sv\u00e9 st\u00e1l\u00e9 m\u00edsto a p\u0159\u00edze\u0148.<\/p>\n<p>Ob\u011b akce letos prob\u011bhly velice spont\u00e1nn\u011b, proto\u017ee v&nbsp;dob\u011b covidov\u00e9 se v\u0161e pl\u00e1novalo velice \u0161patn\u011b, o to v\u011bt\u0161\u00ed radost m\u00e1me z&nbsp;toho, \u017ee se uskute\u010dnily. V\u0161em po\u0159adatel\u016fm, nejen z&nbsp;\u0159ad V\u00fdboru Spolku za rozvoj Konsk\u00e9 t\u00edmto velice d\u011bkujeme.<\/p>\n<p>Pod\u011bkov\u00e1n\u00ed v\u0161ak pat\u0159\u00ed v\u0161em z\u00fa\u010dastn\u011bn\u00fdm, kte\u0159\u00ed se zaslou\u017eili o p\u0159\u00edjemn\u011b, spole\u010dn\u011b str\u00e1ven\u00fd \u010das. D\u011bkujeme a t\u011b\u0161\u00edme se na dal\u0161\u00ed setk\u00e1n\u00ed!<\/p>\n<p>&nbsp;<\/p>\n<p>\u201eVaje\u010dina\u201c prob\u011bhla 19.6.2021 a fotogalerii najdete kliknut\u00edm <u>zde<\/u>.<\/p>\n<p>\u201eKotl\u00edkov\u00fd gul\u00e1\u0161\u201c jsme va\u0159ili 28.8.2021 a fotogalerii otev\u0159ete kliknut\u00edm <a href=\"https:\/\/spolek.konska-osuvky.cz\/en\/fotogalerie\/nggallery\/2021\/kotlikovy-gulas-2021\/\"><u>zde<\/u><\/a>.<\/p>\n<p>&nbsp;<\/p>","protected":false},"excerpt":{"rendered":"<p>V&nbsp;celoro\u010dn\u00edm programu na\u0161eho Spolku Za rozvoj Konsk\u00e9 nesm\u00ed chyb\u011bt. P\u0159edev\u0161\u00edm proto, \u017ee jsou to akce, kter\u00e9 se v\u017edy t\u011b\u0161\u00ed velk\u00e9mu z\u00e1jmu a jejich atmosf\u00e9ra je pohodov\u00e1, p\u0159\u00e1telsk\u00e1, prost\u011b sousedsk\u00e1. A tak to m\u00e1 b\u00fdt. Zat\u00edmco \u201eVaje\u010dina\u201c u\u017e je dlouholetou tradic\u00ed, \u201eGul\u00e1\u0161ovka\u201c je teprve novinkou, ale v\u011b\u0159\u00edme, \u017ee i ona si najde v&nbsp;na\u0161em programu sv\u00e9 st\u00e1l\u00e9 [&hellip;]<\/p>","protected":false},"author":1,"featured_media":3330,"comment_status":"open","ping_status":"open","sticky":false,"template":"","format":"standard","meta":{"ngg_post_thumbnail":0,"footnotes":""},"categories":[3],"tags":[],"class_list":["post-3329","post","type-post","status-publish","format-standard","has-post-thumbnail","hentry","category-novinky"],"blog_post_layout_featured_media_urls":{"thumbnail":["https:\/\/spolek.konska-osuvky.cz\/wp-content\/uploads\/2021\/11\/vajecina2021-150x150.jpg",150,150,true],"full":["https:\/\/spolek.konska-osuvky.cz\/wp-content\/uploads\/2021\/11\/vajecina2021.jpg",1385,923,false]},"categories_names":{"3":{"name":"News","link":"https:\/\/spolek.konska-osuvky.cz\/en\/category\/novinky\/"}},"tags_names":[],"comments_number":"0","wpmagazine_modules_lite_featured_media_urls":{"thumbnail":["https:\/\/spolek.konska-osuvky.cz\/wp-content\/uploads\/2021\/11\/vajecina2021-150x150.jpg",150,150,true],"cvmm-medium":["https:\/\/spolek.konska-osuvky.cz\/wp-content\/uploads\/2021\/11\/vajecina2021.jpg",300,200,false],"cvmm-medium-plus":["https:\/\/spolek.konska-osuvky.cz\/wp-content\/uploads\/2021\/11\/vajecina2021.jpg",305,203,false],"cvmm-portrait":["https:\/\/spolek.konska-osuvky.cz\/wp-content\/uploads\/2021\/11\/vajecina2021.jpg",400,267,false],"cvmm-medium-square":["https:\/\/spolek.konska-osuvky.cz\/wp-content\/uploads\/2021\/11\/vajecina2021.jpg",600,400,false],"cvmm-large":["https:\/\/spolek.konska-osuvky.cz\/wp-content\/uploads\/2021\/11\/vajecina2021.jpg",1024,682,false],"cvmm-small":["https:\/\/spolek.konska-osuvky.cz\/wp-content\/uploads\/2021\/11\/vajecina2021.jpg",130,87,false],"full":["https:\/\/spolek.konska-osuvky.cz\/wp-content\/uploads\/2021\/11\/vajecina2021.jpg",1385,923,false]},"_links":{"self":[{"href":"https:\/\/spolek.konska-osuvky.cz\/en\/wp-json\/wp\/v2\/posts\/3329","targetHints":{"allow":["GET"]}}],"collection":[{"href":"https:\/\/spolek.konska-osuvky.cz\/en\/wp-json\/wp\/v2\/posts"}],"about":[{"href":"https:\/\/spolek.konska-osuvky.cz\/en\/wp-json\/wp\/v2\/types\/post"}],"author":[{"embeddable":true,"href":"https:\/\/spolek.konska-osuvky.cz\/en\/wp-json\/wp\/v2\/users\/1"}],"replies":[{"embeddable":true,"href":"https:\/\/spolek.konska-osuvky.cz\/en\/wp-json\/wp\/v2\/comments?post=3329"}],"version-history":[{"count":4,"href":"https:\/\/spolek.konska-osuvky.cz\/en\/wp-json\/wp\/v2\/posts\/3329\/revisions"}],"predecessor-version":[{"id":3346,"href":"https:\/\/spolek.konska-osuvky.cz\/en\/wp-json\/wp\/v2\/posts\/3329\/revisions\/3346"}],"wp:featuredmedia":[{"embeddable":true,"href":"https:\/\/spolek.konska-osuvky.cz\/en\/wp-json\/wp\/v2\/media\/3330"}],"wp:attachment":[{"href":"https:\/\/spolek.konska-osuvky.cz\/en\/wp-json\/wp\/v2\/media?parent=3329"}],"wp:term":[{"taxonomy":"category","embeddable":true,"href":"https:\/\/spolek.konska-osuvky.cz\/en\/wp-json\/wp\/v2\/categories?post=3329"},{"taxonomy":"post_tag","embeddable":true,"href":"https:\/\/spolek.konska-osuvky.cz\/en\/wp-json\/wp\/v2\/tags?post=3329"}],"curies":[{"name":"wp","href":"https:\/\/api.w.org\/{rel}","templated":true}]}}