{"id":3319,"date":"2021-01-08T06:59:41","date_gmt":"2021-01-08T06:59:41","guid":{"rendered":"https:\/\/spolek.konska-osuvky.cz\/?p=3319"},"modified":"2021-01-08T06:59:41","modified_gmt":"2021-01-08T06:59:41","slug":"zapis-schuze-spolku-za-rozvoj-konske-13-9-2020","status":"publish","type":"post","link":"https:\/\/spolek.konska-osuvky.cz\/en\/zapisy-ze-schuzi\/zapis-schuze-spolku-za-rozvoj-konske-13-9-2020\/","title":{"rendered":"Z\u00e1pis Sch\u016fze Spolku ,,Za Rozvoj Konsk\u00e9\u201c: 13.9.2020"},"content":{"rendered":"<h1>Z\u00e1pis ze sch\u016fze spolku \u201eZa rozvoj Konsk\u00e9\u201c<\/h1>\n<ul>\n<li>Rychlosch\u016fze spolku Za rozvoj Konsk\u00e9<\/li>\n<li>Datum: 13.09.2020<\/li>\n<li>M\u00edsto: Prales Mion\u0161i, 739 91 Doln\u00ed Lomn\u00e1<\/li>\n<li>Autor: Ta\u0165\u00e1na Sobelov\u00e1 Kokotkov\u00e1<\/li>\n<li>\u00da\u010dast: p\u0159\u00edtomni: Tadeusz Czapla, David Konderla, Pavl\u00edna Skupie\u0148ov\u00e1 ,Ta\u0165\u00e1na<\/li>\n<\/ul>\n<p>Sobelov\u00e1 Kokotkov\u00e1 nep\u0159itomni: Luk\u00e1\u0161 Kulla, Helena Kullov\u00e1, Jana \u0160matlavov\u00e1,&nbsp;<\/p>\n<p><u>Program jedn\u00e1n\u00ed, t\u00e9mata a usnesen\u00ed:<\/u><\/p>\n<h4>1)&nbsp;&nbsp;&nbsp;&nbsp;&nbsp; \u00davodn\u00ed slovo<\/h4>\n<p>Uv\u00edt\u00e1n\u00ed p\u0159edsedou Tadeuszem Czaplou a zah\u00e1jen\u00ed diskuse o fotbalov\u00e9m turnaji, kter\u00fd se ka\u017edoro\u010dn\u011b kon\u00e1 na podzim a o kter\u00fd projevily fotbalov\u00e9 t\u00fdmy z okoln\u00edch vesnic z\u00e1jem.<\/p>\n<h4>2)&nbsp;&nbsp;&nbsp;&nbsp;&nbsp; Jedn\u00e1n\u00ed o fotbalov\u00e9m turnaji &nbsp;<\/h4>\n<p>Term\u00ednem tradi\u010dn\u00edho fotbalov\u00e9ho turnaje byla ur\u010dena sobota 17.10.2020. Nikdo nepodal n\u00e1mitku. Pot\u00e9 byly rozd\u011blen\u00fd \u010dinnosti, aby se turnaj mohl konat: Marek Such\u00fd se postar\u00e1 o grilov\u00e1n\u00ed klob\u00e1s a p\u00e1rk\u016f, Tadeusz Czapla si vzal na starost \u00fapravu fotbalov\u00e9ho h\u0159i\u0161t\u011b, n\u00e1kup cen a obvol\u00e1 fotbalov\u00e9 kluby. Sobelovi se postaraj\u00ed o st\u00e1nek s alkoholick\u00fdmi a nealkoholick\u00fdmi n\u00e1poji a pochutinami. Sle\u010dna Tereza zajist\u00ed proj\u00ed\u017e\u010fky na koni pro d\u011bti.&nbsp;<\/p>\n<h4>3)&nbsp;&nbsp;&nbsp;&nbsp;&nbsp;&nbsp; Pod\u011bkov\u00e1n\u00ed a z\u00e1v\u011br<\/h4>","protected":false},"excerpt":{"rendered":"<p>Z\u00e1pis ze sch\u016fze spolku \u201eZa rozvoj Konsk\u00e9\u201c Rychlosch\u016fze spolku Za rozvoj Konsk\u00e9 Datum: 13.09.2020 M\u00edsto: Prales Mion\u0161i, 739 91 Doln\u00ed Lomn\u00e1 Autor: Ta\u0165\u00e1na Sobelov\u00e1 Kokotkov\u00e1 \u00da\u010dast: p\u0159\u00edtomni: Tadeusz Czapla, David Konderla, Pavl\u00edna Skupie\u0148ov\u00e1 ,Ta\u0165\u00e1na Sobelov\u00e1 Kokotkov\u00e1 nep\u0159itomni: Luk\u00e1\u0161 Kulla, Helena Kullov\u00e1, Jana \u0160matlavov\u00e1,&nbsp; Program jedn\u00e1n\u00ed, t\u00e9mata a usnesen\u00ed: 1)&nbsp;&nbsp;&nbsp;&nbsp;&nbsp; \u00davodn\u00ed slovo Uv\u00edt\u00e1n\u00ed p\u0159edsedou Tadeuszem Czaplou [&hellip;]<\/p>","protected":false},"author":1,"featured_media":0,"comment_status":"open","ping_status":"open","sticky":false,"template":"","format":"standard","meta":{"ngg_post_thumbnail":0,"footnotes":""},"categories":[6],"tags":[],"class_list":["post-3319","post","type-post","status-publish","format-standard","hentry","category-zapisy-ze-schuzi"],"blog_post_layout_featured_media_urls":{"thumbnail":"","full":""},"categories_names":{"6":{"name":"Z\u00e1pisy ze sch\u016fz\u00ed","link":"https:\/\/spolek.konska-osuvky.cz\/en\/category\/zapisy-ze-schuzi\/"}},"tags_names":[],"comments_number":"0","wpmagazine_modules_lite_featured_media_urls":{"thumbnail":"","cvmm-medium":"","cvmm-medium-plus":"","cvmm-portrait":"","cvmm-medium-square":"","cvmm-large":"","cvmm-small":"","full":""},"_links":{"self":[{"href":"https:\/\/spolek.konska-osuvky.cz\/en\/wp-json\/wp\/v2\/posts\/3319","targetHints":{"allow":["GET"]}}],"collection":[{"href":"https:\/\/spolek.konska-osuvky.cz\/en\/wp-json\/wp\/v2\/posts"}],"about":[{"href":"https:\/\/spolek.konska-osuvky.cz\/en\/wp-json\/wp\/v2\/types\/post"}],"author":[{"embeddable":true,"href":"https:\/\/spolek.konska-osuvky.cz\/en\/wp-json\/wp\/v2\/users\/1"}],"replies":[{"embeddable":true,"href":"https:\/\/spolek.konska-osuvky.cz\/en\/wp-json\/wp\/v2\/comments?post=3319"}],"version-history":[{"count":1,"href":"https:\/\/spolek.konska-osuvky.cz\/en\/wp-json\/wp\/v2\/posts\/3319\/revisions"}],"predecessor-version":[{"id":3320,"href":"https:\/\/spolek.konska-osuvky.cz\/en\/wp-json\/wp\/v2\/posts\/3319\/revisions\/3320"}],"wp:attachment":[{"href":"https:\/\/spolek.konska-osuvky.cz\/en\/wp-json\/wp\/v2\/media?parent=3319"}],"wp:term":[{"taxonomy":"category","embeddable":true,"href":"https:\/\/spolek.konska-osuvky.cz\/en\/wp-json\/wp\/v2\/categories?post=3319"},{"taxonomy":"post_tag","embeddable":true,"href":"https:\/\/spolek.konska-osuvky.cz\/en\/wp-json\/wp\/v2\/tags?post=3319"}],"curies":[{"name":"wp","href":"https:\/\/api.w.org\/{rel}","templated":true}]}}