{"id":2587,"date":"2020-02-05T08:05:49","date_gmt":"2020-02-05T08:05:49","guid":{"rendered":"https:\/\/spolek.konska-osuvky.cz\/?p=2587"},"modified":"2020-02-20T09:10:53","modified_gmt":"2020-02-20T09:10:53","slug":"trikralovy-vecer-2020-vyrocni-clenska-schuze-spolku-za-rozvoj-konske","status":"publish","type":"post","link":"https:\/\/spolek.konska-osuvky.cz\/en\/novinky\/trikralovy-vecer-2020-vyrocni-clenska-schuze-spolku-za-rozvoj-konske\/","title":{"rendered":"T\u0159ikr\u00e1lov\u00fd ve\u010der 2020 \u2013 V\u00fdro\u010dn\u00ed \u010dlensk\u00e1 sch\u016fze Spolku Za rozvoj Konsk\u00e9"},"content":{"rendered":"<h2>T\u0159ikr\u00e1lov\u00fd <a href=\"#kotva01\">ve\u010der<\/a> \u2013 v\u00fdro\u010dn\u00ed sch\u016fze spolku<\/h2>\n<p>V&nbsp;sobotu 4. ledna leto\u0161n\u00edho roku prob\u011bhla tradi\u010dn\u00ed akce na\u0161eho spolku Za rozvoj Konsk\u00e9, spojen\u00e1 se \u010dlenskou v\u00fdro\u010dn\u00ed sch\u016fz\u00ed, a to tradi\u010dn\u00ed T\u0159ikr\u00e1lov\u00fd ve\u010der. Krati\u010dk\u00fd report V\u00e1m p\u0159in\u00e1\u0161\u00edme v&nbsp;tomto \u010dl\u00e1nku.<\/p>\n<p>Prvn\u00ed akce roku na\u0161eho spolku je nejen novoro\u010dn\u00edm posezen\u00edm a mo\u017enost\u00ed vym\u011bnit si se sousedy blahop\u0159\u00e1n\u00ed, je rovn\u011b\u017e spojena s&nbsp;form\u00e1ln\u00edmi z\u00e1le\u017eitostmi, kter\u00e9 vy\u017eaduj\u00ed stanovy, na jejich\u017e z\u00e1klad\u011b n\u00e1\u0161 spolek vznikl a funguje.<\/p>\n<p>V\u0161echny p\u0159\u00edtomn\u00e9 p\u0159iv\u00edtal p\u0159edseda spolku Ing. Tadeusz Czapla a nast\u00ednil pr\u016fb\u011bh ve\u010dera. Hlavn\u00edm bodem bylo op\u011bt shrnut\u00ed fungov\u00e1n\u00ed spolku v&nbsp;minul\u00e9m roce, p\u0159ipom\u00ednka v\u0161ech kulturn\u00edch a sportovn\u00edch akc\u00ed po\u0159\u00e1dan\u00fdch na\u0161im spolkem, v\u010detn\u011b finan\u010dn\u00ed zpr\u00e1vy. Leto\u0161n\u00ed \u010dlensk\u00e1 sch\u016fze byla nevolebn\u00ed, v\u00fdbor spolku proto pokra\u010duje v&nbsp;\u010dinnosti ve stejn\u00e9m slo\u017een\u00ed jako v&nbsp;roce 2019.V r\u00e1mci ofici\u00e1ln\u00ed \u010d\u00e1sti byl rovn\u011b\u017e vytvo\u0159en orienta\u010dn\u00ed pl\u00e1n pr\u00e1ce, na jeho\u017e tvorb\u011b se pod\u00edleli v\u0161ichni p\u0159\u00edtomn\u00ed \u010dlenov\u00e9 sv\u00fdmi podn\u011bty a n\u00e1pady. Podrobn\u00e9 shrnut\u00ed ve\u010dera najdete v&nbsp;z\u00e1pise ze sch\u016fze, kter\u00fd najdete v&nbsp;sekci z\u00e1pisy ze sch\u016fz\u00ed nebo kliknut\u00edm na tla\u010d\u00edtko <a href=\"https:\/\/spolek.konska-osuvky.cz\/en\/zapisy-ze-schuzi\/zapis-schuze-spolku-za-rozvoj-konske-4-1-2020-2\/\">zde<\/a>.<\/p>\n<p>V&nbsp;pr\u016fb\u011bhu ve\u010dera prob\u011bhla tradi\u010dn\u00ed sout\u011b\u017e o nejlep\u0161\u00ed novoro\u010dn\u00ed jednohubky. Komise povolan\u00e1 z&nbsp;pl\u00e9na v\u0161echny vzorky pat\u0159i\u010dn\u011b prozkoumala a vybrala t\u0159i autory, kte\u0159\u00ed byli ocen\u011bni symbolickou cenou.<\/p>\n<p>&nbsp;<a class=\"ngg-simplelightbox\" title=\" \" href=\"https:\/\/spolek.konska-osuvky.cz\/wp-content\/gallery\/vecer-trikralovy\/IMG_1426.JPG\" data-image-id=\"1839\" data-src=\"https:\/\/spolek.konska-osuvky.cz\/wp-content\/gallery\/vecer-trikralovy\/IMG_1426.JPG\" data-thumbnail=\"https:\/\/spolek.konska-osuvky.cz\/wp-content\/gallery\/vecer-trikralovy\/thumbs\/thumbs_IMG_1426.JPG\" data-title=\"IMG_1426\" data-description=\" \"><img loading=\"lazy\" decoding=\"async\" class=\"ngg-singlepic ngg-none alignnone\" src=\"https:\/\/spolek.konska-osuvky.cz\/wp-content\/gallery\/vecer-trikralovy\/thumbs\/thumbs_IMG_1426.JPG\" alt=\"IMG_1426\" width=\"240\" height=\"160\"> <\/a><a class=\"ngg-simplelightbox\" title=\" \" href=\"https:\/\/spolek.konska-osuvky.cz\/wp-content\/gallery\/vecer-trikralovy\/IMG_1434.JPG\" rel=\"\" data-image-id=\"1849\" data-src=\"https:\/\/spolek.konska-osuvky.cz\/wp-content\/gallery\/vecer-trikralovy\/IMG_1434.JPG\" data-thumbnail=\"https:\/\/spolek.konska-osuvky.cz\/wp-content\/gallery\/vecer-trikralovy\/thumbs\/thumbs_IMG_1434.JPG\" data-title=\"IMG_1434\" data-description=\" \"><img decoding=\"async\" class=\"ngg-singlepic ngg-none\" src=\"https:\/\/spolek.konska-osuvky.cz\/wp-content\/gallery\/vecer-trikralovy\/thumbs\/thumbs_IMG_1434.JPG\" alt=\"IMG_1434\"><\/a><\/p>\n<p>Ve\u010der d\u00e1le prob\u00edhal v&nbsp;duchu spole\u010dn\u00e9ho posezen\u00ed, pl\u00e1nov\u00e1n\u00ed, voln\u00e9 diskuze a dobr\u00e9 z\u00e1bavy.<\/p>\n<p>\u201eJednozna\u010dn\u011b poveden\u00fd a p\u0159\u00edjemn\u00fd ve\u010der str\u00e1ven\u00fd ve spole\u010dnosti soused\u016f a p\u0159\u00e1tel\u201c.<\/p>\n<p><a class=\"ngg-simplelightbox\" title=\" \" href=\"https:\/\/spolek.konska-osuvky.cz\/wp-content\/gallery\/vecer-trikralovy\/20200104_183333.jpg\" rel=\"\" data-image-id=\"1833\" data-src=\"https:\/\/spolek.konska-osuvky.cz\/wp-content\/gallery\/vecer-trikralovy\/20200104_183333.jpg\" data-thumbnail=\"https:\/\/spolek.konska-osuvky.cz\/wp-content\/gallery\/vecer-trikralovy\/thumbs\/thumbs_20200104_183333.jpg\" data-title=\"20200104_183333\" data-description=\" \"><img decoding=\"async\" class=\"ngg-singlepic ngg-none\" src=\"https:\/\/spolek.konska-osuvky.cz\/wp-content\/gallery\/vecer-trikralovy\/thumbs\/thumbs_20200104_183333.jpg\" alt=\"20200104_183333\"><\/a><\/p>\n<p><a name=\"kotva01\">V\u011b\u0159\u00edme<\/a>, \u017ee se v&nbsp;minim\u00e1ln\u011b stejn\u00e9m po\u010dtu budeme potk\u00e1vat na v\u0161ech akc\u00edch spolku v&nbsp;roce 2020 a \u017ee se n\u00e1m poda\u0159\u00ed mezi n\u00e1s vt\u00e1hnout i nov\u00e9 sousedy, kter\u00fdch v&nbsp;posledn\u00edch letech v&nbsp;na\u0161\u00ed m\u011bstsk\u00e9 \u010d\u00e1sti p\u0159ibylo celkem hodn\u011b.<\/p>\n<p>&nbsp;<\/p>\n<p>Spolek Za rozvoj Konsk\u00e9<\/p>","protected":false},"excerpt":{"rendered":"<p>T\u0159ikr\u00e1lov\u00fd ve\u010der \u2013 v\u00fdro\u010dn\u00ed sch\u016fze spolku V&nbsp;sobotu 4. ledna leto\u0161n\u00edho roku prob\u011bhla tradi\u010dn\u00ed akce na\u0161eho spolku Za rozvoj Konsk\u00e9, spojen\u00e1 se \u010dlenskou v\u00fdro\u010dn\u00ed sch\u016fz\u00ed, a to tradi\u010dn\u00ed T\u0159ikr\u00e1lov\u00fd ve\u010der. Krati\u010dk\u00fd report V\u00e1m p\u0159in\u00e1\u0161\u00edme v&nbsp;tomto \u010dl\u00e1nku. Prvn\u00ed akce roku na\u0161eho spolku je nejen novoro\u010dn\u00edm posezen\u00edm a mo\u017enost\u00ed vym\u011bnit si se sousedy blahop\u0159\u00e1n\u00ed, je rovn\u011b\u017e spojena s&nbsp;form\u00e1ln\u00edmi [&hellip;]<\/p>","protected":false},"author":1,"featured_media":2608,"comment_status":"open","ping_status":"open","sticky":false,"template":"","format":"standard","meta":{"ngg_post_thumbnail":0,"footnotes":""},"categories":[3],"tags":[],"class_list":["post-2587","post","type-post","status-publish","format-standard","has-post-thumbnail","hentry","category-novinky"],"blog_post_layout_featured_media_urls":{"thumbnail":["https:\/\/spolek.konska-osuvky.cz\/wp-content\/uploads\/2020\/02\/IMG_1428-150x150.jpg",150,150,true],"full":["https:\/\/spolek.konska-osuvky.cz\/wp-content\/uploads\/2020\/02\/IMG_1428-scaled.jpg",2560,1920,false]},"categories_names":{"3":{"name":"News","link":"https:\/\/spolek.konska-osuvky.cz\/en\/category\/novinky\/"}},"tags_names":[],"comments_number":"0","wpmagazine_modules_lite_featured_media_urls":{"thumbnail":["https:\/\/spolek.konska-osuvky.cz\/wp-content\/uploads\/2020\/02\/IMG_1428-150x150.jpg",150,150,true],"cvmm-medium":["https:\/\/spolek.konska-osuvky.cz\/wp-content\/uploads\/2020\/02\/IMG_1428-scaled.jpg",300,225,false],"cvmm-medium-plus":["https:\/\/spolek.konska-osuvky.cz\/wp-content\/uploads\/2020\/02\/IMG_1428-scaled.jpg",276,207,false],"cvmm-portrait":["https:\/\/spolek.konska-osuvky.cz\/wp-content\/uploads\/2020\/02\/IMG_1428-scaled.jpg",400,300,false],"cvmm-medium-square":["https:\/\/spolek.konska-osuvky.cz\/wp-content\/uploads\/2020\/02\/IMG_1428-scaled.jpg",600,450,false],"cvmm-large":["https:\/\/spolek.konska-osuvky.cz\/wp-content\/uploads\/2020\/02\/IMG_1428-scaled.jpg",1024,768,false],"cvmm-small":["https:\/\/spolek.konska-osuvky.cz\/wp-content\/uploads\/2020\/02\/IMG_1428-scaled.jpg",127,95,false],"full":["https:\/\/spolek.konska-osuvky.cz\/wp-content\/uploads\/2020\/02\/IMG_1428-scaled.jpg",2560,1920,false]},"_links":{"self":[{"href":"https:\/\/spolek.konska-osuvky.cz\/en\/wp-json\/wp\/v2\/posts\/2587","targetHints":{"allow":["GET"]}}],"collection":[{"href":"https:\/\/spolek.konska-osuvky.cz\/en\/wp-json\/wp\/v2\/posts"}],"about":[{"href":"https:\/\/spolek.konska-osuvky.cz\/en\/wp-json\/wp\/v2\/types\/post"}],"author":[{"embeddable":true,"href":"https:\/\/spolek.konska-osuvky.cz\/en\/wp-json\/wp\/v2\/users\/1"}],"replies":[{"embeddable":true,"href":"https:\/\/spolek.konska-osuvky.cz\/en\/wp-json\/wp\/v2\/comments?post=2587"}],"version-history":[{"count":8,"href":"https:\/\/spolek.konska-osuvky.cz\/en\/wp-json\/wp\/v2\/posts\/2587\/revisions"}],"predecessor-version":[{"id":2605,"href":"https:\/\/spolek.konska-osuvky.cz\/en\/wp-json\/wp\/v2\/posts\/2587\/revisions\/2605"}],"wp:featuredmedia":[{"embeddable":true,"href":"https:\/\/spolek.konska-osuvky.cz\/en\/wp-json\/wp\/v2\/media\/2608"}],"wp:attachment":[{"href":"https:\/\/spolek.konska-osuvky.cz\/en\/wp-json\/wp\/v2\/media?parent=2587"}],"wp:term":[{"taxonomy":"category","embeddable":true,"href":"https:\/\/spolek.konska-osuvky.cz\/en\/wp-json\/wp\/v2\/categories?post=2587"},{"taxonomy":"post_tag","embeddable":true,"href":"https:\/\/spolek.konska-osuvky.cz\/en\/wp-json\/wp\/v2\/tags?post=2587"}],"curies":[{"name":"wp","href":"https:\/\/api.w.org\/{rel}","templated":true}]}}