{"id":2389,"date":"2019-09-24T10:03:58","date_gmt":"2019-09-24T10:03:58","guid":{"rendered":"https:\/\/spolek.konska-osuvky.cz\/?p=2389"},"modified":"2019-09-24T10:10:51","modified_gmt":"2019-09-24T10:10:51","slug":"zapis-schuze-spolku-za-rozvoj-konske-9-9-2019","status":"publish","type":"post","link":"https:\/\/spolek.konska-osuvky.cz\/en\/zapisy-ze-schuzi\/zapis-schuze-spolku-za-rozvoj-konske-9-9-2019\/","title":{"rendered":"Z\u00e1pis sch\u016fze spolku ,,Za rozvoj Konsk\u00e9\u201c: 9.9.2019"},"content":{"rendered":"<h2><strong><u>Z\u00e1pis ze sch\u016fze spolku \u201eZa rozvoj Konsk\u00e9\u201c<\/u><\/strong><\/h2>\n<ul>\n<li><em>Z\u00e1pis ze 4. sch\u016fze v\u00fdboru spolku \u201eZa rozvoj Konsk\u00e9\u201c v&nbsp;roce 2019<\/em><\/li>\n<li>Datum: 09.09.2019<\/li>\n<li>M\u00edsto: T\u0159inec \u2013 Os\u016fvky 53, 739 61 T\u0159inec<\/li>\n<li>Autor: Ta\u0165\u00e1na Sobelov\u00e1 Kokotkov\u00e1<\/li>\n<li>\u00da\u010dast (v\u0161ichni p\u0159\u00edtomni): Tadeusz Czapla, David Konderla, Luk\u00e1\u0161 Kulla, Helena Kullov\u00e1, Pavl\u00edna Skupie\u0148ov\u00e1, Jana \u0160matlavov\u00e1, Ta\u0165\u00e1na Sobelov\u00e1 Kokotkov\u00e1,<\/li>\n<\/ul>\n<h3><strong><em><u>1) Program jedn\u00e1n\u00ed, t\u00e9mata a usnesen\u00ed:<\/u><\/em><\/strong><\/h3>\n<ul>\n<li><u>Shrnut\u00ed t\u00e9mat a \u00fakol\u016f z&nbsp;minul\u00e9 sch\u016fze a letn\u00edch akc\u00ed 2019<\/u><\/li>\n<li><em>Sousedsk\u00e1 sn\u00eddan\u011b \u2013 <\/em>akce navr\u017een\u00e1 panem Romanem B\u0159e\u017einou \u201eco kdo p\u0159inesl\u201c se povedla, spolek \u201eZa rozvoj Konsk\u00e9\u201c poskytl are\u00e1l a prostory k&nbsp;uskute\u010dn\u011bn\u00ed akce.<\/li>\n<li><em>Pron\u00e1jem prostoru klubovny v\u010detn\u011b sklepa \u2013<\/em> v&nbsp;\u0159e\u0161en\u00ed u p\u0159edsedy Tadeusze Czaply. Mus\u00ed se sepsat ofici\u00e1ln\u00ed \u017e\u00e1dost do \u0161koly a bude zah\u00e1jen schvalovac\u00ed proces p\u0159es r\u016fzn\u00e9 org\u00e1ny m\u011bsta T\u0159ince.<\/li>\n<li><em>Brig\u00e1da v klubovn\u011b <\/em>ohledn\u011b v\u00fdm\u011bny dve\u0159\u00ed, elekt\u0159iny, malov\u00e1n\u00ed, nov\u00e9 podlahy atd. bude p\u0159esunuta z&nbsp;podzimu na jaro 2020 kv\u016fli rozs\u00e1hlosti akce. Pl\u00e1n opravy klubovny bude ve\u0159ejn\u011b navr\u017een na T\u0159\u00edkr\u00e1lov\u00e9m ve\u010deru v&nbsp;lednu 2020.<\/li>\n<li><em>Do\u017e\u00ednky na Os\u016fvk\u00e1ch 2019. <\/em>Velice zda\u0159il\u00e1 letn\u00ed akce, kde spolek \u201eZa rozvoj Konsk\u00e9\u201c zap\u016fj\u010dil drobn\u00e9 v&nbsp;hodnot\u011b 3.700,00 K\u010d, kter\u00e9 po akci po\u0159adatel akce Marian Heczko vr\u00e1til. V&nbsp;r\u00e1mci zachov\u00e1n\u00ed t\u00e9to \u00fasp\u011b\u0161n\u00e9 spole\u010densk\u00e9 akce by spolek \u201eZa rozvoj Konsk\u00e9\u201c p\u0159\u00ed\u0161t\u00ed rok r\u00e1d vypomohl.<\/li>\n<li><em>&nbsp;<\/em><em>Jarn\u00ed v\u00fdlet <\/em>na hrad Stre\u010dno a plavbu na plt\u00edch na V\u00e1hu 11.05.2019 se povedl. Zisk \u010dinil 7.600,00 K\u010d (rozpis viz p\u0159\u00edloha 1). Fotodokumentace se ji\u017e nach\u00e1z\u00ed na webov\u00fdch str\u00e1nk\u00e1ch.<\/li>\n<li><em>V\u00fdlet do n\u00e1rodn\u00ed p\u0159\u00edrodn\u00ed rezervace Mion\u0161i <\/em>se z&nbsp;d\u016fvodu jeho uzav\u0159en\u00ed mimo sez\u00f3nu p\u0159esouv\u00e1 na p\u0159\u00ed\u0161t\u00ed rok 2020.<\/li>\n<\/ul>\n<h3><u>2) Finance \u2013 pokladna a bankovn\u00ed \u00fa\u010det<\/u><\/h3>\n<ul>\n<li>Bankovn\u00ed \u00fa\u010det u ERA Po\u0161tovn\u00ed spo\u0159itelny je pot\u0159eba zru\u0161it. Zru\u0161en\u00ed je v&nbsp;sou\u010dasn\u00e9 dob\u011b v&nbsp;\u0159e\u0161en\u00ed u pana Davida Konderly, kter\u00fd si ji\u017e vy\u0159\u00eddil nov\u00fd ob\u010dansk\u00fd pr\u016fkaz.<\/li>\n<li>Stav pokladny \u2013 v&nbsp;hotovosti v&nbsp;sou\u010dasn\u00e9 dob\u011b se nach\u00e1z\u00ed 27.155,00 K\u010d. T\u00e1\u0148a S. Kokotkov\u00e1 ponech\u00e1 v&nbsp;hotovosti 10.000,00 K\u010d (hlavn\u011b drobn\u00fdch) a zbytek vlo\u017e\u00ed na bankovn\u00ed \u00fa\u010det u UniCredit bank.<\/li>\n<li>Stav na bankovn\u00edm \u00fa\u010dtu \u2013 v&nbsp;sou\u010dasnosti se nach\u00e1z\u00ed na bankovn\u00edm \u00fa\u010dtu 9.526,01 K\u010d.<\/li>\n<li>Celkem =&gt; 36.681,01 K\u010d.<\/li>\n<\/ul>\n<h3><strong><u>3) Dom\u00e9na web. Konska-osuvky.cz<\/u><\/strong><\/h3>\n<ul>\n<li>Spolek \u201eZa rozvoj Konsk\u00e9\u201c by r\u00e1d p\u0159evedl patron\u00e1t nad dom\u00e9nou WEDOS a hosting SAVANNA pod sebe. V&nbsp;sou\u010dasn\u00e9 dob\u011b je st\u00e1le navedeno na r\u016fzn\u00e9 osoby z&nbsp;d\u016fvodu sjednocen\u00ed fakturace a zjednodu\u0161en\u00ed procesu \u00faprav. Do budoucna se pl\u00e1nuje zv\u011bt\u0161it kapacitu webu, kop\u00edrov\u00e1n\u00ed odkaz\u016f, propojen\u00ed s&nbsp;facebookem a jin\u00fdmi m\u00edstn\u00edmi organizacemi apod.<\/li>\n<li>\u00dakolu se zhost\u00ed Luk\u00e1\u0161 Kulla.<\/li>\n<li>V\u00fdsledek hlasov\u00e1n\u00ed: odsouhlaseno (pro 7 hlasuj\u00edc\u00edch, proti 0 hlasuj\u00edc\u00edch, zdr\u017eel se 0 hlasuj\u00edc\u00edch).<\/li>\n<\/ul>\n<h3><u>4) Ka\u017edoro\u010dn\u00ed fotbalov\u00fd turnaj<\/u><\/h3>\n<ul>\n<li>Z\u00e1jem fotbalist\u016f o tradi\u010dn\u00ed fotbalov\u00fd turnaj z&nbsp;okol\u00ed je. Akce by se po\u0159\u00e1dala v&nbsp;sobotu 19.10.2019. V&nbsp;p\u0159\u00edpad\u011b, \u017ee se se\u017eene n\u011bkdo, kdo p\u0159iprav\u00ed h\u0159i\u0161t\u011b bude organizace akce rozd\u011blena n\u00e1sledovn\u011b: Tadeusz Czapla za\u0159\u00edd\u00ed smlouvu, se\u017eene rozhod\u010d\u00ed, obvol\u00e1 t\u00fdm (osobn\u011b ale nebude 19.10.2019 z&nbsp;pracovn\u00edch d\u016fvod\u016f p\u0159\u00edtomen), T\u00e1\u0148a S. Kokotkov\u00e1, Jana \u0160matlavov\u00e1, Pavla Skupie\u0148ov\u00e1 a Hela Kullov\u00e1 si rozd\u011bl\u00ed st\u00e1nky s&nbsp;ob\u010derstven\u00edm, David Konderla se postar\u00e1 o organizaci dne 19.10.2019 a Luk\u00e1\u0161 Kulla bude n\u00e1pomocen.<\/li>\n<\/ul>\n<h3><u>5) N\u00e1sleduj\u00edc\u00ed akce a jejich term\u00edny<\/u><\/h3>\n<ul>\n<li>Fotbalov\u00fd turnaj \u2013 19.10.2019<\/li>\n<li>V\u00e1no\u010dn\u00ed ve\u010d\u00edrek \/ Viliovka \u2013 07.12.2019.<\/li>\n<li>T\u0159\u00edkr\u00e1lov\u00fd ve\u010der \u2013 04.01.2020<\/li>\n<li>Zimn\u00ed v\u00fdlet bude napl\u00e1nov\u00e1n po Nov\u00e9m roce.<\/li>\n<li>Opravn\u00e9 pr\u00e1ce v&nbsp;klubovn\u011b napl\u00e1nov\u00e1ny na jaro 2020 (p\u0159edb\u011b\u017en\u011b b\u0159ezen 2020).<\/li>\n<li>V\u00fdlet do Mion\u0161\u00ed \u2013 rok 2020.<\/li>\n<\/ul>\n<p><strong><em><u>\u00dakoly a t\u00e9mata k&nbsp;dal\u0161\u00edmu projedn\u00e1n\u00ed v\u00fdboru spolku Za rozvoj Konsk\u00e9:<\/u><\/em><\/strong><\/p>\n<ul>\n<li>Fotbalov\u00fd turnaj 2019<em> &#8211; <\/em>Tadeusz Czapla se bude sna\u017eit sehnat n\u011bkoho, kdo by p\u0159ipravil h\u0159i\u0161t\u011b na fotbalov\u00fd turnaj. V&nbsp;p\u0159\u00edpad\u011b, \u017ee n\u011bkoho se\u017eene se akce bude konat.<\/li>\n<li>\u0158e\u0161en\u00ed smlouvy pron\u00e1jmu prostoru klubovny \u2013 roz\u0161\u00ed\u0159en\u00ed i na prostor p\u0159ed klubovnou a sklepu \u2013 v&nbsp;kompetenci pan Tadeusz Czapla.<\/li>\n<li>Brig\u00e1da na opravu klubovny &#8211; v\u00fdm\u011bna dve\u0159\u00ed, vymalov\u00e1n\u00ed klubovny, elekt\u0159ina, nov\u00e9 lino na podlaze apod. Pavla Skupie\u0148ov\u00e1 se\u017eene cenovou nab\u00eddku na lino. Pro tuto opravu nech\u00e1 T\u00e1\u0148a S. Kokotkov\u00e1 na bankovn\u00edm \u00fa\u010dtu finan\u010dn\u00ed rezervu. Luk\u00e1\u0161 Kulla s&nbsp;Tadeuszem Czaplou nainstaluj\u00ed zakoupen\u00e9 reprobedny.<\/li>\n<li>David Konderla zru\u0161\u00ed \u00fa\u010det u ERY \/ Po\u0161tovn\u00ed spo\u0159itelny.<\/li>\n<li>T\u00e1\u0148a S. Kokotkov\u00e1 vlo\u017e\u00ed na bankovn\u00ed \u00fa\u010det UniCredit bank polovinu hotovosti z&nbsp;pokladny a v&nbsp;pokladn\u011b nech\u00e1 pouze 10.000,00 K\u010d.<\/li>\n<\/ul>\n<p><strong><em><u>&nbsp;<\/u><\/em><\/strong><\/p>\n<p><strong><em><u>P\u0159\u00edlohy:<\/u><\/em><\/strong><\/p>\n<ul>\n<li>Vy\u00fa\u010dtov\u00e1n\u00ed jarn\u00edho v\u00fdletu z 11.05.2019<\/li>\n<\/ul>\n<p><strong><em><u>P\u0159\u00edloha 1: <\/u><\/em><\/strong><em><u>vy\u00fa\u010dtov\u00e1n\u00ed jarn\u00edho z\u00e1jezdu z&nbsp;11.05.2019<\/u><\/em><\/p>\n<p><img loading=\"lazy\" decoding=\"async\" class=\"alignnone wp-image-2391 size-full\" src=\"https:\/\/spolek.konska-osuvky.cz\/wp-content\/uploads\/2019\/09\/zapis.png\" alt=\"\" width=\"1094\" height=\"548\" srcset=\"https:\/\/spolek.konska-osuvky.cz\/wp-content\/uploads\/2019\/09\/zapis.png 1094w, https:\/\/spolek.konska-osuvky.cz\/wp-content\/uploads\/2019\/09\/zapis-300x150.png 300w, https:\/\/spolek.konska-osuvky.cz\/wp-content\/uploads\/2019\/09\/zapis-768x385.png 768w, https:\/\/spolek.konska-osuvky.cz\/wp-content\/uploads\/2019\/09\/zapis-1024x513.png 1024w\" sizes=\"auto, (max-width: 1094px) 100vw, 1094px\" \/><\/p>\n<p>&nbsp;<\/p>\n<p>&nbsp;<\/p>\n<p>&nbsp;<\/p>\n<p>&nbsp;<\/p>\n<p>&nbsp;<\/p>\n<p>&nbsp;<\/p>\n<p><em><u>&nbsp;<\/u><\/em><\/p>\n<p>&nbsp;<\/p>","protected":false},"excerpt":{"rendered":"<p>Z\u00e1pis ze sch\u016fze spolku \u201eZa rozvoj Konsk\u00e9\u201c Z\u00e1pis ze 4. sch\u016fze v\u00fdboru spolku \u201eZa rozvoj Konsk\u00e9\u201c v&nbsp;roce 2019 Datum: 09.09.2019 M\u00edsto: T\u0159inec \u2013 Os\u016fvky 53, 739 61 T\u0159inec Autor: Ta\u0165\u00e1na Sobelov\u00e1 Kokotkov\u00e1 \u00da\u010dast (v\u0161ichni p\u0159\u00edtomni): Tadeusz Czapla, David Konderla, Luk\u00e1\u0161 Kulla, Helena Kullov\u00e1, Pavl\u00edna Skupie\u0148ov\u00e1, Jana \u0160matlavov\u00e1, Ta\u0165\u00e1na Sobelov\u00e1 Kokotkov\u00e1, 1) Program jedn\u00e1n\u00ed, t\u00e9mata a [&hellip;]<\/p>","protected":false},"author":1,"featured_media":2209,"comment_status":"open","ping_status":"open","sticky":false,"template":"","format":"standard","meta":{"ngg_post_thumbnail":0,"footnotes":""},"categories":[6],"tags":[],"class_list":["post-2389","post","type-post","status-publish","format-standard","has-post-thumbnail","hentry","category-zapisy-ze-schuzi"],"blog_post_layout_featured_media_urls":{"thumbnail":["https:\/\/spolek.konska-osuvky.cz\/wp-content\/uploads\/2019\/08\/Greenmeeting_header-1-150x150.jpg",150,150,true],"full":["https:\/\/spolek.konska-osuvky.cz\/wp-content\/uploads\/2019\/08\/Greenmeeting_header-1.jpg",1100,460,false]},"categories_names":{"6":{"name":"Z\u00e1pisy ze sch\u016fz\u00ed","link":"https:\/\/spolek.konska-osuvky.cz\/en\/category\/zapisy-ze-schuzi\/"}},"tags_names":[],"comments_number":"0","wpmagazine_modules_lite_featured_media_urls":{"thumbnail":["https:\/\/spolek.konska-osuvky.cz\/wp-content\/uploads\/2019\/08\/Greenmeeting_header-1-150x150.jpg",150,150,true],"cvmm-medium":["https:\/\/spolek.konska-osuvky.cz\/wp-content\/uploads\/2019\/08\/Greenmeeting_header-1.jpg",300,125,false],"cvmm-medium-plus":["https:\/\/spolek.konska-osuvky.cz\/wp-content\/uploads\/2019\/08\/Greenmeeting_header-1.jpg",305,128,false],"cvmm-portrait":["https:\/\/spolek.konska-osuvky.cz\/wp-content\/uploads\/2019\/08\/Greenmeeting_header-1.jpg",400,167,false],"cvmm-medium-square":["https:\/\/spolek.konska-osuvky.cz\/wp-content\/uploads\/2019\/08\/Greenmeeting_header-1.jpg",600,251,false],"cvmm-large":["https:\/\/spolek.konska-osuvky.cz\/wp-content\/uploads\/2019\/08\/Greenmeeting_header-1.jpg",1024,428,false],"cvmm-small":["https:\/\/spolek.konska-osuvky.cz\/wp-content\/uploads\/2019\/08\/Greenmeeting_header-1.jpg",130,54,false],"full":["https:\/\/spolek.konska-osuvky.cz\/wp-content\/uploads\/2019\/08\/Greenmeeting_header-1.jpg",1100,460,false]},"_links":{"self":[{"href":"https:\/\/spolek.konska-osuvky.cz\/en\/wp-json\/wp\/v2\/posts\/2389","targetHints":{"allow":["GET"]}}],"collection":[{"href":"https:\/\/spolek.konska-osuvky.cz\/en\/wp-json\/wp\/v2\/posts"}],"about":[{"href":"https:\/\/spolek.konska-osuvky.cz\/en\/wp-json\/wp\/v2\/types\/post"}],"author":[{"embeddable":true,"href":"https:\/\/spolek.konska-osuvky.cz\/en\/wp-json\/wp\/v2\/users\/1"}],"replies":[{"embeddable":true,"href":"https:\/\/spolek.konska-osuvky.cz\/en\/wp-json\/wp\/v2\/comments?post=2389"}],"version-history":[{"count":4,"href":"https:\/\/spolek.konska-osuvky.cz\/en\/wp-json\/wp\/v2\/posts\/2389\/revisions"}],"predecessor-version":[{"id":2395,"href":"https:\/\/spolek.konska-osuvky.cz\/en\/wp-json\/wp\/v2\/posts\/2389\/revisions\/2395"}],"wp:featuredmedia":[{"embeddable":true,"href":"https:\/\/spolek.konska-osuvky.cz\/en\/wp-json\/wp\/v2\/media\/2209"}],"wp:attachment":[{"href":"https:\/\/spolek.konska-osuvky.cz\/en\/wp-json\/wp\/v2\/media?parent=2389"}],"wp:term":[{"taxonomy":"category","embeddable":true,"href":"https:\/\/spolek.konska-osuvky.cz\/en\/wp-json\/wp\/v2\/categories?post=2389"},{"taxonomy":"post_tag","embeddable":true,"href":"https:\/\/spolek.konska-osuvky.cz\/en\/wp-json\/wp\/v2\/tags?post=2389"}],"curies":[{"name":"wp","href":"https:\/\/api.w.org\/{rel}","templated":true}]}}