{"id":2140,"date":"2013-05-27T10:50:29","date_gmt":"2013-05-27T08:50:29","guid":{"rendered":""},"modified":"2019-08-16T14:20:25","modified_gmt":"2019-08-16T12:20:25","slug":"zajezd-na-hukvaldy-s-navstevou-pivovaru-radegast","status":"publish","type":"post","link":"https:\/\/spolek.konska-osuvky.cz\/en\/novinky\/zajezd-na-hukvaldy-s-navstevou-pivovaru-radegast\/","title":{"rendered":"Z\u00e1jezd na Hukvaldy s n\u00e1v\u0161t\u011bvou pivovaru Radegast"},"content":{"rendered":"<p>Dne 18. 5. 2013 se uskute\u010dnil z&aacute;jezd do La&scaron;sk&eacute; br&aacute;ny Beskyd, rodn&eacute;ho kraje sv\u011btozn&aacute;m&eacute;ho hudebn&iacute;ho skladatele Leo&scaron;e Jan&aacute;\u010dka a jeho li&scaron;ky Bystrou&scaron;ky. Prvn&iacute;m c&iacute;lem v&yacute;letn\u011b nalad\u011bn&yacute;ch Kon&scaron;\u0165an\u016f byla obec Hukvaldy se stejnojmenn&yacute;m hradem ty\u010d&iacute;c&iacute;m se na kopci. Zde na n&aacute;s s prohl&iacute;dkou \u010dekal samotn&yacute; kastel&aacute;n hradu a tak&eacute; zbojn&iacute;ci, kte\u0159&iacute; toho dne m\u011bli na hrad\u011b sv&eacute; slavnosti. Po absolvov&aacute;n&iacute; prohl&iacute;dky n&aacute;sledoval rozchod, kdy si sv\u016fj program volil ji\u017e ka\u017ed&yacute; s&aacute;m. N\u011bkte\u0159&iacute; sv\u016fj voln&yacute; \u010das vyu\u017eili k proch&aacute;zce oborou obklopuj&iacute;c&iacute; cel&eacute; podhrad&iacute;, jin&iacute;, a to p\u0159edev&scaron;&iacute;m mu\u017esk&aacute; \u010d&aacute;st osazenstva, si sm\u011ble zast\u0159&iacute;leli z ku&scaron;e \u010di luku, z \u010deho\u017e m\u011bli obrovskou radost nejen samotn&iacute; st\u0159elci, ale i m&iacute;stn&iacute; lu\u010di&scaron;tn&iacute;k, kter&yacute; historick&eacute; zbran\u011b za &uacute;platu prop\u016fj\u010doval.<\/p>\n<p>Po n\u011bkolika hodin&aacute;ch str&aacute;ven&yacute;ch na sluncem zalit&yacute;ch Hukvaldech a okol&iacute;, nabral n&aacute;&scaron; autobus sm\u011br No&scaron;ovice, kde jsme nav&scaron;t&iacute;vili zdej&scaron;&iacute; pivovar Radegast. Vy\u010derp&aacute;vaj&iacute;c&iacute; prohl&iacute;dka pod veden&iacute;m zku&scaron;en&eacute;ho piva\u0159e m\u011bla doslova ho\u0159k&yacute; konec v podob\u011b z&aacute;v\u011bre\u010dn&eacute; degustace ve vyhl&iacute;dkov&eacute; v\u011b\u017ei pivovaru, odkud jsme m\u011bli cel&yacute; pivovar v\u010detn\u011b sousedn&iacute; automobilky Hyundai jako na dlani. Po tomto, v dobr&eacute;m slova smyslu, ho\u0159k&eacute;m z&aacute;v\u011bru nezb&yacute;valo, ne\u017e nakoupit suven&yacute;ry a vr&aacute;tit se zp&aacute;tky do Konsk&eacute;, kde na&scaron;e cesta za\u010dala a tak&eacute; skon\u010dila.<br \/>\n&nbsp;<\/p>\n<div style=\"text-align: center;\">U p\u0159&iacute;le\u017eitosti p\u0159&iacute;&scaron;t&iacute;ho v&yacute;letu se na V&aacute;s t\u011b&scaron;&iacute;<br \/>\nOb\u010dansk&eacute; sdru\u017een&iacute; &bdquo;Za rozvoj Konsk&eacute;&ldquo;<\/div>","protected":false},"excerpt":{"rendered":"<p>Dne 18. 5. 2013 se uskute\u010dnil z&aacute;jezd do La&scaron;sk&eacute; br&aacute;ny Beskyd, rodn&eacute;ho kraje sv\u011btozn&aacute;m&eacute;ho hudebn&iacute;ho skladatele Leo&scaron;e Jan&aacute;\u010dka a jeho li&scaron;ky Bystrou&scaron;ky. Prvn&iacute;m c&iacute;lem v&yacute;letn\u011b nalad\u011bn&yacute;ch Kon&scaron;\u0165an\u016f byla obec Hukvaldy se stejnojmenn&yacute;m hradem ty\u010d&iacute;c&iacute;m se na kopci. Zde na n&aacute;s s prohl&iacute;dkou \u010dekal samotn&yacute; kastel&aacute;n hradu a tak&eacute; zbojn&iacute;ci, kte\u0159&iacute; toho dne m\u011bli na hrad\u011b [&hellip;]<\/p>","protected":false},"author":1,"featured_media":0,"comment_status":"open","ping_status":"open","sticky":false,"template":"","format":"standard","meta":{"ngg_post_thumbnail":0,"footnotes":""},"categories":[3],"tags":[],"class_list":["post-2140","post","type-post","status-publish","format-standard","hentry","category-novinky"],"blog_post_layout_featured_media_urls":{"thumbnail":"","full":""},"categories_names":{"3":{"name":"News","link":"https:\/\/spolek.konska-osuvky.cz\/en\/category\/novinky\/"}},"tags_names":[],"comments_number":"0","wpmagazine_modules_lite_featured_media_urls":{"thumbnail":"","cvmm-medium":"","cvmm-medium-plus":"","cvmm-portrait":"","cvmm-medium-square":"","cvmm-large":"","cvmm-small":"","full":""},"_links":{"self":[{"href":"https:\/\/spolek.konska-osuvky.cz\/en\/wp-json\/wp\/v2\/posts\/2140","targetHints":{"allow":["GET"]}}],"collection":[{"href":"https:\/\/spolek.konska-osuvky.cz\/en\/wp-json\/wp\/v2\/posts"}],"about":[{"href":"https:\/\/spolek.konska-osuvky.cz\/en\/wp-json\/wp\/v2\/types\/post"}],"author":[{"embeddable":true,"href":"https:\/\/spolek.konska-osuvky.cz\/en\/wp-json\/wp\/v2\/users\/1"}],"replies":[{"embeddable":true,"href":"https:\/\/spolek.konska-osuvky.cz\/en\/wp-json\/wp\/v2\/comments?post=2140"}],"version-history":[{"count":1,"href":"https:\/\/spolek.konska-osuvky.cz\/en\/wp-json\/wp\/v2\/posts\/2140\/revisions"}],"predecessor-version":[{"id":2201,"href":"https:\/\/spolek.konska-osuvky.cz\/en\/wp-json\/wp\/v2\/posts\/2140\/revisions\/2201"}],"wp:attachment":[{"href":"https:\/\/spolek.konska-osuvky.cz\/en\/wp-json\/wp\/v2\/media?parent=2140"}],"wp:term":[{"taxonomy":"category","embeddable":true,"href":"https:\/\/spolek.konska-osuvky.cz\/en\/wp-json\/wp\/v2\/categories?post=2140"},{"taxonomy":"post_tag","embeddable":true,"href":"https:\/\/spolek.konska-osuvky.cz\/en\/wp-json\/wp\/v2\/tags?post=2140"}],"curies":[{"name":"wp","href":"https:\/\/api.w.org\/{rel}","templated":true}]}}