{"id":2139,"date":"2013-08-17T10:47:22","date_gmt":"2013-08-17T08:47:22","guid":{"rendered":""},"modified":"2019-08-16T14:20:25","modified_gmt":"2019-08-16T12:20:25","slug":"pozvanka-clenska-schuze-os-za-rozvoj-konske","status":"publish","type":"post","link":"https:\/\/spolek.konska-osuvky.cz\/en\/novinky\/pozvanka-clenska-schuze-os-za-rozvoj-konske\/","title":{"rendered":"POZV\u00c1NKA &#8211; \u010clensk\u00e1 sch\u016fze OS \u201eZa rozvoj Konsk\u00e9\u201c"},"content":{"rendered":"<p>POZV&Aacute;NKA<\/p>\n<p>\u010clensk&aacute; sch\u016fze OS &bdquo;Za rozvoj Konsk&eacute;&ldquo;<\/p>\n<p>Zveme v&scaron;echny \u010dleny a p\u0159&iacute;znivce Ob\u010dansk&eacute;ho sdru\u017een&iacute; &bdquo;Za rozvoj Konsk&eacute;&ldquo; na \u010dlenskou sch\u016fzi, kter&aacute; se uskute\u010dn&iacute; v sobotu 24. 08. 2013 od 18:30 v prostor&aacute;ch klubovny OS.<\/p>\n<p>Program \u010dlensk&eacute; sch\u016fze:<\/p>\n<p>Hlavn&iacute;m p\u0159edm\u011btem jedn&aacute;n&iacute; bude p\u0159&iacute;prava a organizace ji\u017e tradi\u010dn&iacute;ho &bdquo;Dne Konsk&eacute;&ldquo;, pro jeho\u017e uskute\u010dn\u011bn&iacute; byl vybr&aacute;n term&iacute;n 14. 09. 2013, kter&yacute; byl z organiza\u010dn&iacute;ch d\u016fvod\u016f nahrazen term&iacute;nem 21. 09. 2013.<br \/>\n&nbsp;<\/p>\n<div style=\"text-align: center;\">Na hojnou &uacute;\u010dast se t\u011b&scaron;&iacute;<\/p>\n<p>V&yacute;bor OS &bdquo;Za rozvoj Konsk&eacute;&ldquo;<\/p><\/div>\n<p>\n&nbsp;<\/p>","protected":false},"excerpt":{"rendered":"<p>POZV&Aacute;NKA \u010clensk&aacute; sch\u016fze OS &bdquo;Za rozvoj Konsk&eacute;&ldquo; Zveme v&scaron;echny \u010dleny a p\u0159&iacute;znivce Ob\u010dansk&eacute;ho sdru\u017een&iacute; &bdquo;Za rozvoj Konsk&eacute;&ldquo; na \u010dlenskou sch\u016fzi, kter&aacute; se uskute\u010dn&iacute; v sobotu 24. 08. 2013 od 18:30 v prostor&aacute;ch klubovny OS. Program \u010dlensk&eacute; sch\u016fze: Hlavn&iacute;m p\u0159edm\u011btem jedn&aacute;n&iacute; bude p\u0159&iacute;prava a organizace ji\u017e tradi\u010dn&iacute;ho &bdquo;Dne Konsk&eacute;&ldquo;, pro jeho\u017e uskute\u010dn\u011bn&iacute; byl vybr&aacute;n term&iacute;n 14. [&hellip;]<\/p>","protected":false},"author":1,"featured_media":0,"comment_status":"open","ping_status":"open","sticky":false,"template":"","format":"standard","meta":{"ngg_post_thumbnail":0,"footnotes":""},"categories":[3],"tags":[],"class_list":["post-2139","post","type-post","status-publish","format-standard","hentry","category-novinky"],"blog_post_layout_featured_media_urls":{"thumbnail":"","full":""},"categories_names":{"3":{"name":"News","link":"https:\/\/spolek.konska-osuvky.cz\/en\/category\/novinky\/"}},"tags_names":[],"comments_number":"0","wpmagazine_modules_lite_featured_media_urls":{"thumbnail":"","cvmm-medium":"","cvmm-medium-plus":"","cvmm-portrait":"","cvmm-medium-square":"","cvmm-large":"","cvmm-small":"","full":""},"_links":{"self":[{"href":"https:\/\/spolek.konska-osuvky.cz\/en\/wp-json\/wp\/v2\/posts\/2139","targetHints":{"allow":["GET"]}}],"collection":[{"href":"https:\/\/spolek.konska-osuvky.cz\/en\/wp-json\/wp\/v2\/posts"}],"about":[{"href":"https:\/\/spolek.konska-osuvky.cz\/en\/wp-json\/wp\/v2\/types\/post"}],"author":[{"embeddable":true,"href":"https:\/\/spolek.konska-osuvky.cz\/en\/wp-json\/wp\/v2\/users\/1"}],"replies":[{"embeddable":true,"href":"https:\/\/spolek.konska-osuvky.cz\/en\/wp-json\/wp\/v2\/comments?post=2139"}],"version-history":[{"count":1,"href":"https:\/\/spolek.konska-osuvky.cz\/en\/wp-json\/wp\/v2\/posts\/2139\/revisions"}],"predecessor-version":[{"id":2200,"href":"https:\/\/spolek.konska-osuvky.cz\/en\/wp-json\/wp\/v2\/posts\/2139\/revisions\/2200"}],"wp:attachment":[{"href":"https:\/\/spolek.konska-osuvky.cz\/en\/wp-json\/wp\/v2\/media?parent=2139"}],"wp:term":[{"taxonomy":"category","embeddable":true,"href":"https:\/\/spolek.konska-osuvky.cz\/en\/wp-json\/wp\/v2\/categories?post=2139"},{"taxonomy":"post_tag","embeddable":true,"href":"https:\/\/spolek.konska-osuvky.cz\/en\/wp-json\/wp\/v2\/tags?post=2139"}],"curies":[{"name":"wp","href":"https:\/\/api.w.org\/{rel}","templated":true}]}}