{"id":2137,"date":"2014-01-04T19:55:48","date_gmt":"2014-01-04T18:55:48","guid":{"rendered":""},"modified":"2019-08-16T14:13:36","modified_gmt":"2019-08-16T12:13:36","slug":"vecer-trikralovy-pozvanka","status":"publish","type":"post","link":"https:\/\/spolek.konska-osuvky.cz\/en\/novinky\/vecer-trikralovy-pozvanka\/","title":{"rendered":"Ve\u010der t\u0159\u00edkr\u00e1lov\u00fd &#8211; POZV\u00c1NKA"},"content":{"rendered":"<p>Srde\u010dn\u011b zveme v&scaron;echny \u010dleny a p\u0159&iacute;znivce ob\u010dansk&eacute;ho sdru\u017een&iacute; &bdquo;Za rozvoj Konsk&eacute;&ldquo; na tradi\u010dn&iacute; t\u0159&iacute;kr&aacute;lovou sch\u016fzi, kter&aacute; se uskute\u010dn&iacute;&nbsp;11. 1. 2014 od 17:00&nbsp;v&nbsp;m&iacute;stn&iacute; klubovn\u011b. U p\u0159&iacute;le\u017eitosti kon&aacute;n&iacute; t&eacute;to akce se tak&eacute; uskute\u010dn&iacute; volby do osadn&iacute;ho v&yacute;boru T\u0159inec Konsk&aacute;-Os\u016fvky, proto douf&aacute;me v&nbsp;co mo\u017en&aacute; nejv\u011bt&scaron;&iacute; &uacute;\u010dast.<\/p>\n<p>&nbsp;<\/p>\n<p>Program:<\/p>\n<p>Zpr&aacute;va o \u010dinnosti OS &bdquo;Za rozvoj Konsk&eacute;&ldquo; v&nbsp;uplynul&eacute;m roce 2013 a nast&iacute;n\u011bn&iacute; programu pro rok 2014<\/p>\n<p>Volby do Osadn&iacute;ho v&yacute;boru T\u0159inec Konsk&aacute;-Os\u016fvky<\/p>\n<p>Sout\u011b\u017e o nejlep&scaron;&iacute; v&aacute;no\u010dn&iacute; cukrov&iacute;<\/p>\n<p>Otev\u0159en&aacute; diskuze<\/p>\n<p>Ob\u010derstven&iacute; zaji&scaron;t\u011bno<\/p>\n<p>&nbsp;<\/p>\n<p>&nbsp;<\/p>\n<p>T\u011b&scaron;&iacute; se na V&aacute;s<\/p>\n<p>Ob\u010dansk&eacute; sdru\u017een&iacute; &bdquo;Za rozvoj Konsk&eacute;&ldquo;<\/p>\n<p>Osadn&iacute; v&yacute;bor T\u0159inec Konsk&aacute;-Os\u016fvky<\/p>\n<p>V&iacute;ce zde:&nbsp;<a href=\"http:\/\/konska.webnode.cz\/news\/pozvanka-vecer-trikralovy\/?utm_source=copy&amp;utm_medium=paste&amp;utm_campaign=copypaste&amp;utm_content=http%3A%2F%2Fkonska.webnode.cz%2Fnews%2Fpozvanka-vecer-trikralovy%2F\">http:\/\/konska.webnode.cz\/news\/pozvanka-vecer-trikralovy\/<\/a><br \/>\nVytvo\u0159te si vlastn&iacute; str&aacute;nky zdarma:&nbsp;<a href=\"http:\/\/www.webnode.cz\/?utm_source=copy&amp;utm_medium=paste&amp;utm_campaign=copypaste&amp;utm_content=http%3A%2F%2Fkonska.webnode.cz%2Fnews%2Fpozvanka-vecer-trikralovy%2F\">http:\/\/www.webnode.cz<\/a><\/p>","protected":false},"excerpt":{"rendered":"<p>Srde\u010dn\u011b zveme v&scaron;echny \u010dleny a p\u0159&iacute;znivce ob\u010dansk&eacute;ho sdru\u017een&iacute; &bdquo;Za rozvoj Konsk&eacute;&ldquo; na tradi\u010dn&iacute; t\u0159&iacute;kr&aacute;lovou sch\u016fzi, kter&aacute; se uskute\u010dn&iacute;&nbsp;11. 1. 2014 od 17:00&nbsp;v&nbsp;m&iacute;stn&iacute; klubovn\u011b. U p\u0159&iacute;le\u017eitosti kon&aacute;n&iacute; t&eacute;to akce se tak&eacute; uskute\u010dn&iacute; volby do osadn&iacute;ho v&yacute;boru T\u0159inec Konsk&aacute;-Os\u016fvky, proto douf&aacute;me v&nbsp;co mo\u017en&aacute; nejv\u011bt&scaron;&iacute; &uacute;\u010dast. &nbsp; Program: Zpr&aacute;va o \u010dinnosti OS &bdquo;Za rozvoj Konsk&eacute;&ldquo; v&nbsp;uplynul&eacute;m roce 2013 [&hellip;]<\/p>","protected":false},"author":1,"featured_media":0,"comment_status":"open","ping_status":"open","sticky":false,"template":"","format":"standard","meta":{"ngg_post_thumbnail":0,"footnotes":""},"categories":[3],"tags":[],"class_list":["post-2137","post","type-post","status-publish","format-standard","hentry","category-novinky"],"blog_post_layout_featured_media_urls":{"thumbnail":"","full":""},"categories_names":{"3":{"name":"News","link":"https:\/\/spolek.konska-osuvky.cz\/en\/category\/novinky\/"}},"tags_names":[],"comments_number":"0","wpmagazine_modules_lite_featured_media_urls":{"thumbnail":"","cvmm-medium":"","cvmm-medium-plus":"","cvmm-portrait":"","cvmm-medium-square":"","cvmm-large":"","cvmm-small":"","full":""},"_links":{"self":[{"href":"https:\/\/spolek.konska-osuvky.cz\/en\/wp-json\/wp\/v2\/posts\/2137","targetHints":{"allow":["GET"]}}],"collection":[{"href":"https:\/\/spolek.konska-osuvky.cz\/en\/wp-json\/wp\/v2\/posts"}],"about":[{"href":"https:\/\/spolek.konska-osuvky.cz\/en\/wp-json\/wp\/v2\/types\/post"}],"author":[{"embeddable":true,"href":"https:\/\/spolek.konska-osuvky.cz\/en\/wp-json\/wp\/v2\/users\/1"}],"replies":[{"embeddable":true,"href":"https:\/\/spolek.konska-osuvky.cz\/en\/wp-json\/wp\/v2\/comments?post=2137"}],"version-history":[{"count":1,"href":"https:\/\/spolek.konska-osuvky.cz\/en\/wp-json\/wp\/v2\/posts\/2137\/revisions"}],"predecessor-version":[{"id":2174,"href":"https:\/\/spolek.konska-osuvky.cz\/en\/wp-json\/wp\/v2\/posts\/2137\/revisions\/2174"}],"wp:attachment":[{"href":"https:\/\/spolek.konska-osuvky.cz\/en\/wp-json\/wp\/v2\/media?parent=2137"}],"wp:term":[{"taxonomy":"category","embeddable":true,"href":"https:\/\/spolek.konska-osuvky.cz\/en\/wp-json\/wp\/v2\/categories?post=2137"},{"taxonomy":"post_tag","embeddable":true,"href":"https:\/\/spolek.konska-osuvky.cz\/en\/wp-json\/wp\/v2\/tags?post=2137"}],"curies":[{"name":"wp","href":"https:\/\/api.w.org\/{rel}","templated":true}]}}