{"id":2136,"date":"2014-04-25T08:04:55","date_gmt":"2014-04-25T06:04:55","guid":{"rendered":""},"modified":"2019-08-16T14:13:36","modified_gmt":"2019-08-16T12:13:36","slug":"jarni-vylet-s-os-za-rozvoj-konske-2014","status":"publish","type":"post","link":"https:\/\/spolek.konska-osuvky.cz\/en\/novinky\/jarni-vylet-s-os-za-rozvoj-konske-2014\/","title":{"rendered":"Jarn\u00ed v\u00fdlet s OS &#8222;Za rozvoj Konsk\u00e9&#8220; 2014"},"content":{"rendered":"<p>&#8211; Zveme v&scaron;echny \u010dleny a p\u0159&iacute;znivce<br \/>\nOb\u010dansk&eacute;ho sdru\u017een&iacute; &quot;Za rozvoj<br \/>\nKonsk&eacute;&quot; na jarn&iacute; v&yacute;let do technick&eacute;ho<br \/>\nmuzea Tatra v Kop\u0159ivnici, m&iacute;stn&iacute;<br \/>\nexpozice Dany a Emila Z&aacute;topkov&yacute;ch<br \/>\na historick&eacute;ho m\u011bste\u010dka &Scaron;tramberk.<\/p>\n<p>&#8211; Cena z&aacute;jezdu je 250 K\u010d, p\u0159i\u010dem\u017e<br \/>\nzahrnuje dopravu autobusem a vstup<br \/>\ndo uveden&eacute;ho muzea a expozice.<\/p>\n<p>&#8211; Datum 17. 05. 2014.<\/p>\n<p>&#8211; Odjezd v 9:00 od Harendy v Konsk&eacute; (u m&iacute;stn&iacute; Z&Scaron;).<\/p>\n<p>&#8211; N&aacute;v&scaron;t\u011bva muzea Tatra Kop\u0159ivnice a expozice Dany a Emila Z&aacute;topov&yacute;ch s<br \/>\npr\u016fvodcem.<\/p>\n<p>&#8211; N&aacute;v&scaron;t\u011bva m\u011bsta &Scaron;tramberk, p\u0159ezd&iacute;van&eacute;ho tak&eacute; &bdquo;Moravsk&yacute; Betl&eacute;m&ldquo;, kde si<br \/>\nka\u017ed&yacute; zvol&iacute; sv\u016fj individu&aacute;ln&iacute; program. V autobusu budou nab&iacute;dnuty<br \/>\nmnoh&eacute; varianty, z nich\u017e si ka\u017ed&yacute; ur\u010dit\u011b p\u0159ijde na sv&eacute;.<\/p>\n<p>&#8211; V p\u0159&iacute;pad\u011b z&aacute;jmu se hlaste u sl. Denisy Sobelov&eacute; na tel. 737 341 363,<br \/>\nosobn\u011b nebo na Facebooku Denisa Sobelov&aacute;.<\/p>\n<p>&#8211; P\u0159i nenapln\u011bn&iacute; kapacity 40 lid&iacute;, bude z&aacute;jezd zru&scaron;en.<\/p>","protected":false},"excerpt":{"rendered":"<p>&#8211; Zveme v&scaron;echny \u010dleny a p\u0159&iacute;znivce Ob\u010dansk&eacute;ho sdru\u017een&iacute; &quot;Za rozvoj Konsk&eacute;&quot; na jarn&iacute; v&yacute;let do technick&eacute;ho muzea Tatra v Kop\u0159ivnici, m&iacute;stn&iacute; expozice Dany a Emila Z&aacute;topkov&yacute;ch a historick&eacute;ho m\u011bste\u010dka &Scaron;tramberk. &#8211; Cena z&aacute;jezdu je 250 K\u010d, p\u0159i\u010dem\u017e zahrnuje dopravu autobusem a vstup do uveden&eacute;ho muzea a expozice. &#8211; Datum 17. 05. 2014. &#8211; Odjezd v [&hellip;]<\/p>","protected":false},"author":1,"featured_media":0,"comment_status":"open","ping_status":"open","sticky":false,"template":"","format":"standard","meta":{"ngg_post_thumbnail":0,"footnotes":""},"categories":[3],"tags":[],"class_list":["post-2136","post","type-post","status-publish","format-standard","hentry","category-novinky"],"blog_post_layout_featured_media_urls":{"thumbnail":"","full":""},"categories_names":{"3":{"name":"News","link":"https:\/\/spolek.konska-osuvky.cz\/en\/category\/novinky\/"}},"tags_names":[],"comments_number":"0","wpmagazine_modules_lite_featured_media_urls":{"thumbnail":"","cvmm-medium":"","cvmm-medium-plus":"","cvmm-portrait":"","cvmm-medium-square":"","cvmm-large":"","cvmm-small":"","full":""},"_links":{"self":[{"href":"https:\/\/spolek.konska-osuvky.cz\/en\/wp-json\/wp\/v2\/posts\/2136","targetHints":{"allow":["GET"]}}],"collection":[{"href":"https:\/\/spolek.konska-osuvky.cz\/en\/wp-json\/wp\/v2\/posts"}],"about":[{"href":"https:\/\/spolek.konska-osuvky.cz\/en\/wp-json\/wp\/v2\/types\/post"}],"author":[{"embeddable":true,"href":"https:\/\/spolek.konska-osuvky.cz\/en\/wp-json\/wp\/v2\/users\/1"}],"replies":[{"embeddable":true,"href":"https:\/\/spolek.konska-osuvky.cz\/en\/wp-json\/wp\/v2\/comments?post=2136"}],"version-history":[{"count":1,"href":"https:\/\/spolek.konska-osuvky.cz\/en\/wp-json\/wp\/v2\/posts\/2136\/revisions"}],"predecessor-version":[{"id":2173,"href":"https:\/\/spolek.konska-osuvky.cz\/en\/wp-json\/wp\/v2\/posts\/2136\/revisions\/2173"}],"wp:attachment":[{"href":"https:\/\/spolek.konska-osuvky.cz\/en\/wp-json\/wp\/v2\/media?parent=2136"}],"wp:term":[{"taxonomy":"category","embeddable":true,"href":"https:\/\/spolek.konska-osuvky.cz\/en\/wp-json\/wp\/v2\/categories?post=2136"},{"taxonomy":"post_tag","embeddable":true,"href":"https:\/\/spolek.konska-osuvky.cz\/en\/wp-json\/wp\/v2\/tags?post=2136"}],"curies":[{"name":"wp","href":"https:\/\/api.w.org\/{rel}","templated":true}]}}