{"id":2133,"date":"2014-12-23T21:08:36","date_gmt":"2014-12-23T20:08:36","guid":{"rendered":""},"modified":"2019-08-16T14:13:36","modified_gmt":"2019-08-16T12:13:36","slug":"vesele-vanoce-a-stastny-novy-rok-2015","status":"publish","type":"post","link":"https:\/\/spolek.konska-osuvky.cz\/en\/novinky\/vesele-vanoce-a-stastny-novy-rok-2015\/","title":{"rendered":"Vesel\u00e9 V\u00e1noce a \u0161\u0165astn\u00fd nov\u00fd rok 2015!"},"content":{"rendered":"<div style=\"text-align: center;\"><strong><em>Kr&aacute;sn&eacute; pro\u017eit&iacute; V&aacute;no\u010dn&iacute;ch sv&aacute;tk\u016f v&nbsp;kruhu nejbli\u017e&scaron;&iacute;ch<br \/>\na co nejlep&scaron;&iacute; vykro\u010den&iacute; do Nov&eacute;ho roku 2015<br \/>\nV&aacute;m p\u0159eje<\/em><\/strong><\/p>\n<p>\n<strong><em>Ob\u010dansk&eacute; sdru\u017een&iacute;<\/em><\/strong><br \/>\n<strong><em>&bdquo;Za rozvoj Konsk&eacute;&ldquo;<\/p>\n<p><img decoding=\"async\" alt=\"\" src=\"\/data\/upload\/images\/V%C3%A1noce%20final.png\" style=\"height:549px; width:770px\" \/><\/em><\/strong><\/p>\n<p><strong><em>Spokojnych \u015bwi\u0105t Bo\u017cego narodzenia<\/em><\/strong> <strong><em>s<em>p<\/em>\u0119dzonych w&nbsp;gronie najbli\u017cszych<\/em><\/strong><br \/>\n<strong><em>i jak najlepszego wkroczenia do<\/em><\/strong> n<strong><em>owego roku 2015<\/em><\/strong><br \/>\n&nbsp;<strong><em>\u017byczy<\/em><\/strong><\/p>\n<p>\n<strong><em>Stowarzyszenie Obywatelskie<\/em><\/strong><br \/>\n<strong><em>&bdquo;O rozw&oacute;j Ko\u0144skiej&ldquo;<\/em><\/strong><\/p>\n<p><img decoding=\"async\" alt=\"\" src=\"\/data\/upload\/images\/pf2015OS-pl.png\" style=\"height:535px; width:770px\" \/><br \/>\n&nbsp;<\/div>","protected":false},"excerpt":{"rendered":"<p>Kr&aacute;sn&eacute; pro\u017eit&iacute; V&aacute;no\u010dn&iacute;ch sv&aacute;tk\u016f v&nbsp;kruhu nejbli\u017e&scaron;&iacute;ch a co nejlep&scaron;&iacute; vykro\u010den&iacute; do Nov&eacute;ho roku 2015 V&aacute;m p\u0159eje Ob\u010dansk&eacute; sdru\u017een&iacute; &bdquo;Za rozvoj Konsk&eacute;&ldquo; Spokojnych \u015bwi\u0105t Bo\u017cego narodzenia sp\u0119dzonych w&nbsp;gronie najbli\u017cszych i jak najlepszego wkroczenia do nowego roku 2015 &nbsp;\u017byczy Stowarzyszenie Obywatelskie &bdquo;O rozw&oacute;j Ko\u0144skiej&ldquo; &nbsp;<\/p>","protected":false},"author":1,"featured_media":0,"comment_status":"open","ping_status":"open","sticky":false,"template":"","format":"standard","meta":{"ngg_post_thumbnail":0,"footnotes":""},"categories":[3],"tags":[],"class_list":["post-2133","post","type-post","status-publish","format-standard","hentry","category-novinky"],"blog_post_layout_featured_media_urls":{"thumbnail":"","full":""},"categories_names":{"3":{"name":"News","link":"https:\/\/spolek.konska-osuvky.cz\/en\/category\/novinky\/"}},"tags_names":[],"comments_number":"0","wpmagazine_modules_lite_featured_media_urls":{"thumbnail":"","cvmm-medium":"","cvmm-medium-plus":"","cvmm-portrait":"","cvmm-medium-square":"","cvmm-large":"","cvmm-small":"","full":""},"_links":{"self":[{"href":"https:\/\/spolek.konska-osuvky.cz\/en\/wp-json\/wp\/v2\/posts\/2133","targetHints":{"allow":["GET"]}}],"collection":[{"href":"https:\/\/spolek.konska-osuvky.cz\/en\/wp-json\/wp\/v2\/posts"}],"about":[{"href":"https:\/\/spolek.konska-osuvky.cz\/en\/wp-json\/wp\/v2\/types\/post"}],"author":[{"embeddable":true,"href":"https:\/\/spolek.konska-osuvky.cz\/en\/wp-json\/wp\/v2\/users\/1"}],"replies":[{"embeddable":true,"href":"https:\/\/spolek.konska-osuvky.cz\/en\/wp-json\/wp\/v2\/comments?post=2133"}],"version-history":[{"count":1,"href":"https:\/\/spolek.konska-osuvky.cz\/en\/wp-json\/wp\/v2\/posts\/2133\/revisions"}],"predecessor-version":[{"id":2170,"href":"https:\/\/spolek.konska-osuvky.cz\/en\/wp-json\/wp\/v2\/posts\/2133\/revisions\/2170"}],"wp:attachment":[{"href":"https:\/\/spolek.konska-osuvky.cz\/en\/wp-json\/wp\/v2\/media?parent=2133"}],"wp:term":[{"taxonomy":"category","embeddable":true,"href":"https:\/\/spolek.konska-osuvky.cz\/en\/wp-json\/wp\/v2\/categories?post=2133"},{"taxonomy":"post_tag","embeddable":true,"href":"https:\/\/spolek.konska-osuvky.cz\/en\/wp-json\/wp\/v2\/tags?post=2133"}],"curies":[{"name":"wp","href":"https:\/\/api.w.org\/{rel}","templated":true}]}}