{"id":2132,"date":"2015-01-09T11:48:41","date_gmt":"2015-01-09T10:48:41","guid":{"rendered":""},"modified":"2019-08-16T14:13:36","modified_gmt":"2019-08-16T12:13:36","slug":"pozvanka-na-vecer-trikralovy","status":"publish","type":"post","link":"https:\/\/spolek.konska-osuvky.cz\/en\/novinky\/pozvanka-na-vecer-trikralovy\/","title":{"rendered":"Pozv\u00e1nka na Ve\u010der t\u0159\u00edkr\u00e1lov\u00fd"},"content":{"rendered":"<p>&nbsp;<br \/>\n&nbsp;<\/p>\n<div style=\"text-align: center;\"><strong>Pozv&aacute;nka na Ve\u010der t\u0159&iacute;kr&aacute;lov&yacute;<\/strong><\/div>\n<p>&nbsp;<br \/>\n&nbsp;<\/p>\n<div style=\"text-align: center;\">Srde\u010dn\u011b zveme v&scaron;echny \u010dleny a p\u0159&iacute;znivce ob\u010dansk&eacute;ho sdru\u017een&iacute; &bdquo;Za rozvoj Konsk&eacute;&ldquo; na tradi\u010dn&iacute; t\u0159&iacute;kr&aacute;lovou sch\u016fzi, kter&aacute; se uskute\u010dn&iacute;&nbsp;<strong><u>v&nbsp;sobotu 17. 1. 2015 od 17:00<\/u><\/strong>&nbsp;v&nbsp;m&iacute;stn&iacute; klubovn\u011b. U p\u0159&iacute;le\u017eitosti kon&aacute;n&iacute; t&eacute;to akce se tak&eacute; uskute\u010dn&iacute; volby do v&yacute;boru Ob\u010dansk&eacute;ho sdru\u017een&iacute; &bdquo;Za rozvoj Konsk&eacute;&ldquo;, nebo\u0165 ji\u017e uplynulo dvoulet&eacute; volebn&iacute; obdob&iacute; dosavadn&iacute;ho slo\u017een&iacute; v&yacute;boru, pro\u010de\u017e mus&iacute; b&yacute;t na z&aacute;klad\u011b stanov p\u0159istoupeno k&nbsp;volb&aacute;m nov&yacute;m. S&nbsp;ohledem na tuto skute\u010dnost douf&aacute;me v&nbsp;co mo\u017en&aacute; nejv\u011bt&scaron;&iacute; &uacute;\u010dast.<\/div>\n<p>&nbsp;<br \/>\n&nbsp;<br \/>\n<strong>Program:<\/strong><br \/>\nZpr&aacute;va o \u010dinnosti OS &bdquo;Za rozvoj Konsk&eacute;&ldquo; v&nbsp;uplynul&eacute;m roce 2014 a nast&iacute;n\u011bn&iacute; programu pro rok 2015<br \/>\nVolby do v&yacute;boru Ob\u010dansk&eacute;ho sdru\u017een&iacute; &bdquo;Za rozvoj Konsk&eacute;&ldquo;<br \/>\nSout\u011b\u017e o nejlep&scaron;&iacute; &bdquo;pov&aacute;no\u010dn&iacute;&ldquo; jednohubky<br \/>\nOtev\u0159en&aacute; diskuze<br \/>\nBohat&eacute; ob\u010derstven&iacute; zaji&scaron;t\u011bno<br \/>\n&nbsp;<br \/>\n&nbsp;<br \/>\n&nbsp;<\/p>\n<div style=\"text-align: center;\"><strong>T\u011b&scaron;&iacute; se na V&aacute;s<br \/>\nOb\u010dansk&eacute; sdru\u017een&iacute; &bdquo;Za rozvoj Konsk&eacute;&ldquo;<\/strong><\/div>","protected":false},"excerpt":{"rendered":"<p>&nbsp; &nbsp; Pozv&aacute;nka na Ve\u010der t\u0159&iacute;kr&aacute;lov&yacute; &nbsp; &nbsp; Srde\u010dn\u011b zveme v&scaron;echny \u010dleny a p\u0159&iacute;znivce ob\u010dansk&eacute;ho sdru\u017een&iacute; &bdquo;Za rozvoj Konsk&eacute;&ldquo; na tradi\u010dn&iacute; t\u0159&iacute;kr&aacute;lovou sch\u016fzi, kter&aacute; se uskute\u010dn&iacute;&nbsp;v&nbsp;sobotu 17. 1. 2015 od 17:00&nbsp;v&nbsp;m&iacute;stn&iacute; klubovn\u011b. U p\u0159&iacute;le\u017eitosti kon&aacute;n&iacute; t&eacute;to akce se tak&eacute; uskute\u010dn&iacute; volby do v&yacute;boru Ob\u010dansk&eacute;ho sdru\u017een&iacute; &bdquo;Za rozvoj Konsk&eacute;&ldquo;, nebo\u0165 ji\u017e uplynulo dvoulet&eacute; volebn&iacute; obdob&iacute; dosavadn&iacute;ho [&hellip;]<\/p>","protected":false},"author":1,"featured_media":0,"comment_status":"open","ping_status":"open","sticky":false,"template":"","format":"standard","meta":{"ngg_post_thumbnail":0,"footnotes":""},"categories":[3],"tags":[],"class_list":["post-2132","post","type-post","status-publish","format-standard","hentry","category-novinky"],"blog_post_layout_featured_media_urls":{"thumbnail":"","full":""},"categories_names":{"3":{"name":"News","link":"https:\/\/spolek.konska-osuvky.cz\/en\/category\/novinky\/"}},"tags_names":[],"comments_number":"0","wpmagazine_modules_lite_featured_media_urls":{"thumbnail":"","cvmm-medium":"","cvmm-medium-plus":"","cvmm-portrait":"","cvmm-medium-square":"","cvmm-large":"","cvmm-small":"","full":""},"_links":{"self":[{"href":"https:\/\/spolek.konska-osuvky.cz\/en\/wp-json\/wp\/v2\/posts\/2132","targetHints":{"allow":["GET"]}}],"collection":[{"href":"https:\/\/spolek.konska-osuvky.cz\/en\/wp-json\/wp\/v2\/posts"}],"about":[{"href":"https:\/\/spolek.konska-osuvky.cz\/en\/wp-json\/wp\/v2\/types\/post"}],"author":[{"embeddable":true,"href":"https:\/\/spolek.konska-osuvky.cz\/en\/wp-json\/wp\/v2\/users\/1"}],"replies":[{"embeddable":true,"href":"https:\/\/spolek.konska-osuvky.cz\/en\/wp-json\/wp\/v2\/comments?post=2132"}],"version-history":[{"count":1,"href":"https:\/\/spolek.konska-osuvky.cz\/en\/wp-json\/wp\/v2\/posts\/2132\/revisions"}],"predecessor-version":[{"id":2169,"href":"https:\/\/spolek.konska-osuvky.cz\/en\/wp-json\/wp\/v2\/posts\/2132\/revisions\/2169"}],"wp:attachment":[{"href":"https:\/\/spolek.konska-osuvky.cz\/en\/wp-json\/wp\/v2\/media?parent=2132"}],"wp:term":[{"taxonomy":"category","embeddable":true,"href":"https:\/\/spolek.konska-osuvky.cz\/en\/wp-json\/wp\/v2\/categories?post=2132"},{"taxonomy":"post_tag","embeddable":true,"href":"https:\/\/spolek.konska-osuvky.cz\/en\/wp-json\/wp\/v2\/tags?post=2132"}],"curies":[{"name":"wp","href":"https:\/\/api.w.org\/{rel}","templated":true}]}}