{"id":2130,"date":"2015-07-27T19:02:25","date_gmt":"2015-07-27T17:02:25","guid":{"rendered":""},"modified":"2019-08-16T14:13:36","modified_gmt":"2019-08-16T12:13:36","slug":"pozvanka-na-clenskou-schuzi-os-za-rozvoj-konske-9-8-2015-1700","status":"publish","type":"post","link":"https:\/\/spolek.konska-osuvky.cz\/en\/novinky\/pozvanka-na-clenskou-schuzi-os-za-rozvoj-konske-9-8-2015-1700\/","title":{"rendered":"Pozv\u00e1nka na \u010dlenskou sch\u016fzi OS &#8222;Za rozvoj Konsk\u00e9&#8220; 9. 8. 2015-17:00"},"content":{"rendered":"<div><strong>POZV&Aacute;NKA<\/strong><\/div>\n<div><strong>\u010clensk&aacute; sch\u016fze OS &bdquo;Za rozvoj Konsk&eacute;&ldquo;<\/strong><\/div>\n<p>&nbsp;<br \/>\n&nbsp;<br \/>\nZveme v&scaron;echny \u010dleny a p\u0159&iacute;znivce Ob\u010dansk&eacute;ho sdru\u017een&iacute; &bdquo;Za rozvoj Konsk&eacute;&ldquo; na \u010dlenskou sch\u016fzi, kter&aacute; se uskute\u010dn&iacute; v ned\u011bli&nbsp;<strong><u>9. 08. 2015 od 17:00<\/u>&nbsp;<\/strong>v&nbsp;prostor&aacute;ch klubovny OS.<br \/>\n&nbsp;<br \/>\n&nbsp;<br \/>\n&nbsp;<br \/>\nProgram \u010dlensk&eacute; sch\u016fze:<br \/>\n&nbsp;<br \/>\n&nbsp;<br \/>\nHlavn&iacute;m p\u0159edm\u011btem jedn&aacute;n&iacute; bude p\u0159&iacute;prava a organizace ji\u017e tradi\u010dn&iacute;ho &bdquo;Dne Konsk&eacute;&ldquo;, k&nbsp;leto&scaron;n&iacute;mu sedmist&eacute;mu des&aacute;t&eacute;mu v&yacute;ro\u010d&iacute; zalo\u017een&iacute; obce, pro jeho\u017e uskute\u010dn\u011bn&iacute; byl vybr&aacute;n term&iacute;n&nbsp;<u>19. 09. 2015.<\/u><br \/>\n&nbsp;<br \/>\n&nbsp;<br \/>\n&nbsp;<br \/>\n&nbsp;<br \/>\n&nbsp;<br \/>\n&nbsp;<br \/>\n&nbsp;<br \/>\n&nbsp;<br \/>\n&nbsp;<\/p>\n<div style=\"text-align: center;\">Na hojnou &uacute;\u010dast se t\u011b&scaron;&iacute;<\/div>\n<div style=\"text-align: center;\">V&yacute;bor OS &bdquo;Za rozvoj Konsk&eacute;&ldquo;<\/div>","protected":false},"excerpt":{"rendered":"<p>POZV&Aacute;NKA \u010clensk&aacute; sch\u016fze OS &bdquo;Za rozvoj Konsk&eacute;&ldquo; &nbsp; &nbsp; Zveme v&scaron;echny \u010dleny a p\u0159&iacute;znivce Ob\u010dansk&eacute;ho sdru\u017een&iacute; &bdquo;Za rozvoj Konsk&eacute;&ldquo; na \u010dlenskou sch\u016fzi, kter&aacute; se uskute\u010dn&iacute; v ned\u011bli&nbsp;9. 08. 2015 od 17:00&nbsp;v&nbsp;prostor&aacute;ch klubovny OS. &nbsp; &nbsp; &nbsp; Program \u010dlensk&eacute; sch\u016fze: &nbsp; &nbsp; Hlavn&iacute;m p\u0159edm\u011btem jedn&aacute;n&iacute; bude p\u0159&iacute;prava a organizace ji\u017e tradi\u010dn&iacute;ho &bdquo;Dne Konsk&eacute;&ldquo;, k&nbsp;leto&scaron;n&iacute;mu sedmist&eacute;mu des&aacute;t&eacute;mu [&hellip;]<\/p>","protected":false},"author":1,"featured_media":0,"comment_status":"open","ping_status":"open","sticky":false,"template":"","format":"standard","meta":{"ngg_post_thumbnail":0,"footnotes":""},"categories":[3],"tags":[],"class_list":["post-2130","post","type-post","status-publish","format-standard","hentry","category-novinky"],"blog_post_layout_featured_media_urls":{"thumbnail":"","full":""},"categories_names":{"3":{"name":"News","link":"https:\/\/spolek.konska-osuvky.cz\/en\/category\/novinky\/"}},"tags_names":[],"comments_number":"0","wpmagazine_modules_lite_featured_media_urls":{"thumbnail":"","cvmm-medium":"","cvmm-medium-plus":"","cvmm-portrait":"","cvmm-medium-square":"","cvmm-large":"","cvmm-small":"","full":""},"_links":{"self":[{"href":"https:\/\/spolek.konska-osuvky.cz\/en\/wp-json\/wp\/v2\/posts\/2130","targetHints":{"allow":["GET"]}}],"collection":[{"href":"https:\/\/spolek.konska-osuvky.cz\/en\/wp-json\/wp\/v2\/posts"}],"about":[{"href":"https:\/\/spolek.konska-osuvky.cz\/en\/wp-json\/wp\/v2\/types\/post"}],"author":[{"embeddable":true,"href":"https:\/\/spolek.konska-osuvky.cz\/en\/wp-json\/wp\/v2\/users\/1"}],"replies":[{"embeddable":true,"href":"https:\/\/spolek.konska-osuvky.cz\/en\/wp-json\/wp\/v2\/comments?post=2130"}],"version-history":[{"count":1,"href":"https:\/\/spolek.konska-osuvky.cz\/en\/wp-json\/wp\/v2\/posts\/2130\/revisions"}],"predecessor-version":[{"id":2167,"href":"https:\/\/spolek.konska-osuvky.cz\/en\/wp-json\/wp\/v2\/posts\/2130\/revisions\/2167"}],"wp:attachment":[{"href":"https:\/\/spolek.konska-osuvky.cz\/en\/wp-json\/wp\/v2\/media?parent=2130"}],"wp:term":[{"taxonomy":"category","embeddable":true,"href":"https:\/\/spolek.konska-osuvky.cz\/en\/wp-json\/wp\/v2\/categories?post=2130"},{"taxonomy":"post_tag","embeddable":true,"href":"https:\/\/spolek.konska-osuvky.cz\/en\/wp-json\/wp\/v2\/tags?post=2130"}],"curies":[{"name":"wp","href":"https:\/\/api.w.org\/{rel}","templated":true}]}}