{"id":2121,"date":"2017-04-13T12:36:59","date_gmt":"2017-04-13T10:36:59","guid":{"rendered":""},"modified":"2019-08-16T14:11:45","modified_gmt":"2019-08-16T12:11:45","slug":"zapis-schuze-spolku-za-rozvoj-konske-14-1-2017","status":"publish","type":"post","link":"https:\/\/spolek.konska-osuvky.cz\/en\/zapisy-ze-schuzi\/zapis-schuze-spolku-za-rozvoj-konske-14-1-2017\/","title":{"rendered":"Z\u00e1pis sch\u016fze spolku ,,Za rozvoj Konsk\u00e9&#8220;: 14.1.2017"},"content":{"rendered":"<p><strong><em>&nbsp;&nbsp;&nbsp;&nbsp;&nbsp;&nbsp;&nbsp;&nbsp;&nbsp;&nbsp;&nbsp;&nbsp;&nbsp; &bdquo;Za rozvoj Konsk&eacute;&ldquo;<\/em><\/strong><\/p>\n<p><strong><u>Z&aacute;pis \u010dlensk&eacute; sch\u016fze ze dne 14.1.2017<\/u><\/strong><br \/>\n&nbsp;<br \/>\n<strong><u>Shrnut&iacute; \u010dlensk&eacute; sch\u016fze v bodech:<\/u><\/strong><\/p>\n<ol>\n<li><strong><em>Zhodnocen&iacute; \u010dinnosti spolku za rok 2016<\/em><\/strong><\/li>\n<\/ol>\n<p>Na &uacute;vod sch\u016fze byli \u010dlenov&eacute; sezn&aacute;men&iacute; s hospoda\u0159en&iacute;m spolku a finan\u010dn&iacute;m zhodnocen&iacute;m po\u0159&aacute;dan&yacute;ch akc&iacute; za uplynul&eacute; 2 roky. Sou\u010d&aacute;st&iacute; zhodnocen&iacute; byla i &uacute;sp\u011b&scaron;nost tradi\u010dn\u011b po\u0159&aacute;dan&yacute;ch sportovn&iacute;ch turnaj\u016f, kde byl vyzdvihnut turnaj v mal&eacute; kopan&eacute;, v n\u011bm\u017e zv&iacute;t\u011bzili fotbalist&eacute; Konsk&eacute;.<\/p>\n<ol start=\"2\">\n<li><strong><em>Sout\u011b\u017e o nejlep&scaron;&iacute; jednohubky<\/em><\/strong><\/li>\n<\/ol>\n<p>Sout\u011b\u017ee o nejlep&scaron;&iacute; jednohubky se z&uacute;\u010dastnilo celkem 14 \u010dlen\u016f, p\u0159i\u010dem\u017e o v&yacute;herci rozhodovala t\u0159&iacute;\u010dlenn&aacute; porota. (Tadeusz Czapla, Ml\u010dochov&aacute; Denisa, Ml\u010doch Stanislav)<br \/>\n1 m&iacute;sto &ndash; Helena Kulov&aacute;<br \/>\n2 m&iacute;sto &ndash; Jana Gelnarov&aacute;<br \/>\n3 m&iacute;sto &ndash; Konderlov&aacute; Ilona<\/p>\n<ol start=\"3\">\n<li><strong><em>Informovanost \u010dlen\u016f sdru\u017een&iacute;<\/em><\/strong><\/li>\n<\/ol>\n<p>P\u0159edm\u011btem diskuze bylo \u0159e&scaron;en&iacute; toku informac&iacute; mezi jednotliv&yacute;mi \u010dleny sch\u016fze. Za t&iacute;mto &uacute;\u010delem budou slou\u017eit webov&eacute; str&aacute;nky o.s. Konsk&eacute;, dale budou informace zas&iacute;l&aacute;ny mailem \u010dlen\u016fm spolku, kte\u0159&iacute; email uvedli. Jako dal&scaron;&iacute; zdroj informac&iacute; bude jako tradi\u010dn\u011b slou\u017eit n&aacute;st\u011bnka.<\/p>\n<ol start=\"4\">\n<li><strong><em>Volby nov&eacute;ho v&yacute;boru<\/em><\/strong><\/li>\n<\/ol>\n<p>Byl odhlasov&aacute;n 7mi-\u010dlenn&yacute; v&yacute;bor oproti p\u016fvodn&iacute;mu 5ti-\u010dlenn&eacute;mu.<br \/>\n\u010clenov&eacute; v&yacute;boru: Tadeusz Czapla (p\u0159edseda)<br \/>\n&nbsp;&nbsp;&nbsp;&nbsp;&nbsp;&nbsp;&nbsp;&nbsp;&nbsp;&nbsp;&nbsp;&nbsp;&nbsp;&nbsp;&nbsp;&nbsp;&nbsp;&nbsp;&nbsp;&nbsp;&nbsp;&nbsp;&nbsp;&nbsp;&nbsp;&nbsp;&nbsp; Dominika Konderlov&aacute; (m&iacute;stop\u0159edsedkyn\u011b, pokladnice)<br \/>\n&nbsp;&nbsp;&nbsp;&nbsp;&nbsp;&nbsp;&nbsp;&nbsp;&nbsp;&nbsp;&nbsp;&nbsp;&nbsp;&nbsp;&nbsp;&nbsp;&nbsp;&nbsp;&nbsp;&nbsp;&nbsp;&nbsp;&nbsp;&nbsp;&nbsp;&nbsp;&nbsp; Denisa Ml\u010dochov&aacute; (m&iacute;stop\u0159edsedkyn\u011b)<br \/>\n&nbsp;&nbsp;&nbsp;&nbsp;&nbsp;&nbsp;&nbsp;&nbsp;&nbsp;&nbsp;&nbsp;&nbsp;&nbsp;&nbsp;&nbsp;&nbsp;&nbsp;&nbsp;&nbsp;&nbsp;&nbsp;&nbsp;&nbsp;&nbsp;&nbsp;&nbsp;&nbsp; Richard Sobel<br \/>\n&nbsp;&nbsp;&nbsp;&nbsp;&nbsp;&nbsp;&nbsp;&nbsp;&nbsp;&nbsp;&nbsp;&nbsp;&nbsp;&nbsp;&nbsp;&nbsp;&nbsp;&nbsp;&nbsp;&nbsp;&nbsp;&nbsp;&nbsp;&nbsp;&nbsp;&nbsp;&nbsp; David Konderla<br \/>\n&nbsp;&nbsp;&nbsp;&nbsp;&nbsp;&nbsp;&nbsp;&nbsp;&nbsp;&nbsp;&nbsp;&nbsp;&nbsp;&nbsp;&nbsp;&nbsp;&nbsp;&nbsp;&nbsp;&nbsp;&nbsp;&nbsp;&nbsp;&nbsp;&nbsp;&nbsp;&nbsp; Jana &Scaron;matlavov&aacute;<br \/>\n&nbsp;&nbsp;&nbsp;&nbsp;&nbsp;&nbsp;&nbsp;&nbsp;&nbsp;&nbsp;&nbsp;&nbsp;&nbsp;&nbsp;&nbsp;&nbsp;&nbsp;&nbsp;&nbsp;&nbsp;&nbsp;&nbsp;&nbsp;&nbsp;&nbsp;&nbsp;&nbsp; Helena Kullov&aacute;<\/p>\n<ol start=\"5\">\n<li><strong><em>Akce v r&aacute;mci spolku ,,Za rozvoj Konsk&eacute;&rdquo;<\/em><\/strong><\/li>\n<\/ol>\n<p>Na sch\u016fzi bylo navr\u017eeno, aby se ,,Den Konsk&eacute;&rdquo; konal, nam&iacute;sto ka\u017edoro\u010dn\u011b, ka\u017ed&yacute;ch 5 let.<br \/>\nD&aacute;le byly prodiskutov&aacute;ny varianty m&iacute;sta kon&aacute;n&iacute; v&yacute;letu (nap\u0159. 2 denn&iacute; v&yacute;let na Moravu, Zednicko &ndash; Valtick&yacute; are&aacute;l). Debatovalo se i o mo\u017enosti \u010d&aacute;ste\u010dn&eacute;ho financov&aacute;n&iacute; v&yacute;letu z financ&iacute; spolku)<br \/>\nSou\u010d&aacute;st&iacute; diskuze byl i n&aacute;vrh vyb&iacute;r&aacute;n&iacute; nevratn&yacute;ch z&aacute;loh jak na tyto v&yacute;lety, tak na u\u017e&iacute;v&aacute;n&iacute; klubovny.<\/p>\n<ol start=\"6\">\n<li><strong><em>\u010clensk&yacute; p\u0159&iacute;sp\u011bvek<\/em><\/strong><\/li>\n<\/ol>\n<p>Byl vybr&aacute;n \u010dlensk&yacute; p\u0159&iacute;sp\u011bvek jen\u017e \u010dinil za rok 2016 a 2017 dohromady 20 K\u010d.<br \/>\n&nbsp;<br \/>\n<strong>Sch\u016fze se z\u016f\u010dastnilo celkem 35 lid&iacute;.<\/strong><br \/>\n<strong>Dal&scaron;&iacute; sch\u016fze (v&yacute;boru) se kon&aacute; dne 29.1.2017 v 16 hodin.<\/strong><\/p>\n<p><strong>Z&aacute;pis sch\u016fze schv&aacute;lil p\u0159edseda: Tadeusz Czapla<\/strong><br \/>\n&nbsp;<br \/>\n&nbsp;<\/p>","protected":false},"excerpt":{"rendered":"<p>&nbsp;&nbsp;&nbsp;&nbsp;&nbsp;&nbsp;&nbsp;&nbsp;&nbsp;&nbsp;&nbsp;&nbsp;&nbsp; &bdquo;Za rozvoj Konsk&eacute;&ldquo; Z&aacute;pis \u010dlensk&eacute; sch\u016fze ze dne 14.1.2017 &nbsp; Shrnut&iacute; \u010dlensk&eacute; sch\u016fze v bodech: Zhodnocen&iacute; \u010dinnosti spolku za rok 2016 Na &uacute;vod sch\u016fze byli \u010dlenov&eacute; sezn&aacute;men&iacute; s hospoda\u0159en&iacute;m spolku a finan\u010dn&iacute;m zhodnocen&iacute;m po\u0159&aacute;dan&yacute;ch akc&iacute; za uplynul&eacute; 2 roky. Sou\u010d&aacute;st&iacute; zhodnocen&iacute; byla i &uacute;sp\u011b&scaron;nost tradi\u010dn\u011b po\u0159&aacute;dan&yacute;ch sportovn&iacute;ch turnaj\u016f, kde byl vyzdvihnut turnaj v mal&eacute; [&hellip;]<\/p>","protected":false},"author":1,"featured_media":0,"comment_status":"open","ping_status":"open","sticky":false,"template":"","format":"standard","meta":{"ngg_post_thumbnail":0,"footnotes":""},"categories":[6],"tags":[],"class_list":["post-2121","post","type-post","status-publish","format-standard","hentry","category-zapisy-ze-schuzi"],"blog_post_layout_featured_media_urls":{"thumbnail":"","full":""},"categories_names":{"6":{"name":"Z\u00e1pisy ze sch\u016fz\u00ed","link":"https:\/\/spolek.konska-osuvky.cz\/en\/category\/zapisy-ze-schuzi\/"}},"tags_names":[],"comments_number":"0","wpmagazine_modules_lite_featured_media_urls":{"thumbnail":"","cvmm-medium":"","cvmm-medium-plus":"","cvmm-portrait":"","cvmm-medium-square":"","cvmm-large":"","cvmm-small":"","full":""},"_links":{"self":[{"href":"https:\/\/spolek.konska-osuvky.cz\/en\/wp-json\/wp\/v2\/posts\/2121","targetHints":{"allow":["GET"]}}],"collection":[{"href":"https:\/\/spolek.konska-osuvky.cz\/en\/wp-json\/wp\/v2\/posts"}],"about":[{"href":"https:\/\/spolek.konska-osuvky.cz\/en\/wp-json\/wp\/v2\/types\/post"}],"author":[{"embeddable":true,"href":"https:\/\/spolek.konska-osuvky.cz\/en\/wp-json\/wp\/v2\/users\/1"}],"replies":[{"embeddable":true,"href":"https:\/\/spolek.konska-osuvky.cz\/en\/wp-json\/wp\/v2\/comments?post=2121"}],"version-history":[{"count":1,"href":"https:\/\/spolek.konska-osuvky.cz\/en\/wp-json\/wp\/v2\/posts\/2121\/revisions"}],"predecessor-version":[{"id":2157,"href":"https:\/\/spolek.konska-osuvky.cz\/en\/wp-json\/wp\/v2\/posts\/2121\/revisions\/2157"}],"wp:attachment":[{"href":"https:\/\/spolek.konska-osuvky.cz\/en\/wp-json\/wp\/v2\/media?parent=2121"}],"wp:term":[{"taxonomy":"category","embeddable":true,"href":"https:\/\/spolek.konska-osuvky.cz\/en\/wp-json\/wp\/v2\/categories?post=2121"},{"taxonomy":"post_tag","embeddable":true,"href":"https:\/\/spolek.konska-osuvky.cz\/en\/wp-json\/wp\/v2\/tags?post=2121"}],"curies":[{"name":"wp","href":"https:\/\/api.w.org\/{rel}","templated":true}]}}