{"id":2120,"date":"2017-04-13T12:51:39","date_gmt":"2017-04-13T10:51:39","guid":{"rendered":""},"modified":"2019-08-16T14:11:45","modified_gmt":"2019-08-16T12:11:45","slug":"zapis-schuze-spolku-za-rozvoj-konske-29-1-2017","status":"publish","type":"post","link":"https:\/\/spolek.konska-osuvky.cz\/en\/zapisy-ze-schuzi\/zapis-schuze-spolku-za-rozvoj-konske-29-1-2017\/","title":{"rendered":"Z\u00e1pis sch\u016fze spolku ,,Za rozvoj Konsk\u00e9&#8220;: 29.1.2017"},"content":{"rendered":"<p><strong><em>&nbsp;&nbsp;&nbsp;&nbsp;&nbsp;&nbsp;&nbsp;&nbsp;&nbsp;&nbsp;&nbsp;&nbsp;&nbsp;&nbsp;<span style=\"font-size:14px\"> &bdquo;Za rozvoj Konsk&eacute;&ldquo;<\/span><\/em><\/strong><\/p>\n<p><strong><u><span style=\"font-size:14px\">Z&aacute;pis \u010dlensk&eacute; sch\u016fze ze dne 14.1.2017<\/span><\/u><\/strong><\/p>\n<p><strong><u>Sch\u016fze se z&uacute;\u010dastnili: <\/u><\/strong>Denisa Ml\u010dochov&aacute;, Tadeusz Czapla, David Konderla, Richard Sobel, Dominika Konderlov&aacute;, Helena Kullov&aacute;, Jana &Scaron;matlavov&aacute;, Jana Gelnarov&aacute;<\/p>\n<p><strong><u>Shrnut&iacute; \u010dlensk&eacute; sch\u016fze v bodech:<\/u><\/strong><\/p>\n<h2><strong>&nbsp;&nbsp;&nbsp;&nbsp;&nbsp;&nbsp; <span style=\"font-size:12px\">1)&nbsp; <u>V&yacute;&scaron;lap na Lysou horu<\/u><\/span><\/strong><\/h2>\n<p>Dne 28.1.2017 se uskute\u010dnil v&yacute;&scaron;lap na Lysou horu, kter&eacute;ho se z&uacute;\u010dastnilo 23 lid&iacute;.<br \/>\n&#8211; j&iacute;zdn&eacute; financov&aacute;no ze spolku za rozvoj Konsk&eacute;<\/p>\n<h2><strong>&nbsp;&nbsp;&nbsp;&nbsp;&nbsp;&nbsp; <span style=\"font-size:12px\">2)&nbsp; <u>Turnaj ve stoln&iacute;m tenise<\/u><\/span> <\/strong><\/h2>\n<p>8.4.2017 se uskute\u010dn&iacute; ka\u017edoro\u010dn&iacute; turnaj ve stoln&iacute;m tenise.<br \/>\n&#8211; z&aacute;pis prob\u011bhne od 13:00<br \/>\n&#8211; za\u010d&aacute;tek turnaje 14:00<br \/>\n&#8211; o bufet se postar&aacute; rodina Sobelov&yacute;ch<\/p>\n<h2>&nbsp;&nbsp;&nbsp;&nbsp;&nbsp;&nbsp;&nbsp; <span style=\"font-size:12px\"><strong>3)&nbsp; <u>Z&aacute;jezd<\/u><\/strong><\/span><\/h2>\n<p>27.5.2017 se uskute\u010dn&iacute; ka\u017edoro\u010dn&iacute; z&aacute;jezd.<br \/>\n&#8211; c&iacute;l z&aacute;jezdu: Dlouh&eacute; str&aacute;n\u011b a muzeum pap&iacute;ru ve Velk&yacute;ch Losin&aacute;ch<br \/>\n&#8211; cena z&aacute;jezdu bude 500k\u010d &ndash; v&nbsp;cen\u011b z&aacute;jezdu je autobus a vstupy na jednotliv&eacute; exkurze<\/p>\n<h2>&nbsp;&nbsp;&nbsp;&nbsp;&nbsp;&nbsp;&nbsp;&nbsp; <span style=\"font-size:12px\"><strong>4)&nbsp; <u>Ostatn&iacute; akce<\/u> <\/strong><\/span><\/h2>\n<p>P\u0159edbe\u017en&yacute; term&iacute;n ka\u017edoro\u010dn&iacute;ho turnaje ve fotbale &#8211; 16.9.2017<br \/>\nP\u0159edb\u011b\u017en&yacute; term&iacute;n &bdquo;Vaje\u010diny&ldquo; &#8211; 10.6.2017<\/p>\n<h2>&nbsp;&nbsp;&nbsp;&nbsp;&nbsp;&nbsp;&nbsp;&nbsp; <span style=\"font-size:12px\"><strong>5)&nbsp; <u>Kl&iacute;\u010de od klubovny, n&aacute;st\u011bnky<\/u><\/strong><\/span><\/h2>\n<p>&nbsp;Schv&aacute;leno v&yacute;borem p\u0159id\u011bl&aacute;n&iacute; kl&iacute;\u010d\u016f od klubovny kl&iacute;\u010de budou m&iacute;t:<br \/>\n-Tadeusz Czapla, Denisa Ml\u010dochov&aacute;, Pavla Skupie\u0148ov&aacute;, Jana &Scaron;matlavov&aacute;<br \/>\n&nbsp;Prob\u011bhlo p\u0159ed&aacute;n&iacute; kl&iacute;\u010du od m&iacute;stn&iacute; n&aacute;st\u011bnky Jan\u011b Gelnarov&eacute; &ndash; nov&yacute; n&aacute;st\u011bnk&aacute;\u0159.<\/p>\n<h2>&nbsp;&nbsp;&nbsp;&nbsp;&nbsp;&nbsp;&nbsp;&nbsp; <span style=\"font-size:12px\"><strong>6)&nbsp; <u>Pron&aacute;jem klubovny, z&aacute;lohy<\/u><\/strong><\/span><\/h2>\n<p>Schv&aacute;lena nevratn&aacute; z&aacute;loha ve v&yacute;&scaron;i 100k\u010d za pron&aacute;jem klubovny, kter&aacute; bude ode\u010dtena po vykonan&eacute; akci.<br \/>\n&#8211; schv&aacute;leno v&yacute;puj\u010dn&eacute; klubovny: pro \u010dlen&yacute; spolku &ndash; 200k\u010d<br \/>\n&nbsp;&nbsp;&nbsp;&nbsp;&nbsp;&nbsp;&nbsp;&nbsp;&nbsp;&nbsp;&nbsp;&nbsp;&nbsp;&nbsp;&nbsp;&nbsp;&nbsp;&nbsp;&nbsp;&nbsp;&nbsp;&nbsp;&nbsp;&nbsp;&nbsp;&nbsp;&nbsp;&nbsp;&nbsp;&nbsp;&nbsp;&nbsp;&nbsp;&nbsp;&nbsp;&nbsp;&nbsp;&nbsp;&nbsp;&nbsp;&nbsp;&nbsp;&nbsp;&nbsp;&nbsp;&nbsp;&nbsp;&nbsp;&nbsp;&nbsp;&nbsp;&nbsp;&nbsp;&nbsp;&nbsp;&nbsp; &nbsp;&nbsp;&nbsp;&nbsp;&nbsp;&nbsp;&nbsp;&nbsp;&nbsp;&nbsp;&nbsp;&nbsp;&nbsp;&nbsp;&nbsp;&nbsp;&nbsp;&nbsp;&nbsp;&nbsp;&nbsp;&nbsp;&nbsp;&nbsp;ciz&iacute; &ndash; 300k\u010d<\/p>\n<h2>&nbsp;&nbsp;&nbsp;&nbsp;&nbsp;&nbsp;&nbsp;&nbsp;&nbsp; <span style=\"font-size:12px\"><strong>7)&nbsp; <u>Webov&eacute; str&aacute;nky spolku<\/u><\/strong><\/span><\/h2>\n<p>Jednohlasn\u011b bylo schv&aacute;leno uvoln\u011bn&iacute; 5000 k\u010d na nov&eacute;m vzhledu webu (osuvky-konska.cz)<\/p>\n<h2>&nbsp;&nbsp;&nbsp;&nbsp;&nbsp;&nbsp;&nbsp;&nbsp;&nbsp; <span style=\"font-size:12px\"><strong>8)&nbsp; <u>Rekonstrukce klubovny<\/u><\/strong><\/span><\/h2>\n<p>&#8211; v&yacute;bor tak&eacute; jednohlasn\u011b schv&aacute;lil uvolnen&iacute; 10&nbsp;000k\u010d na vybaven&iacute; klubovny ( nov&eacute; hrnce, no\u017ee, apod vybaven&iacute; do kuchyn\u011b)<br \/>\n&#8211; nov&aacute; sk\u0159&iacute;n do klubovny<br \/>\n&#8211; po\u0159&iacute;zen&iacute; nov&yacute;ch poli\u010dek na trofeje<br \/>\n&nbsp;<br \/>\n<strong>Dal&scaron;&iacute; sch\u016fze 12.3. 2017 v&nbsp;17:00<\/p>\n<p>Z&aacute;pis schv&aacute;lil p\u0159edseda: &nbsp;Ing. Tadeusz Czapla<\/strong><\/p>\n<p>&nbsp;<\/p>","protected":false},"excerpt":{"rendered":"<p>&nbsp;&nbsp;&nbsp;&nbsp;&nbsp;&nbsp;&nbsp;&nbsp;&nbsp;&nbsp;&nbsp;&nbsp;&nbsp;&nbsp; &bdquo;Za rozvoj Konsk&eacute;&ldquo; Z&aacute;pis \u010dlensk&eacute; sch\u016fze ze dne 14.1.2017 Sch\u016fze se z&uacute;\u010dastnili: Denisa Ml\u010dochov&aacute;, Tadeusz Czapla, David Konderla, Richard Sobel, Dominika Konderlov&aacute;, Helena Kullov&aacute;, Jana &Scaron;matlavov&aacute;, Jana Gelnarov&aacute; Shrnut&iacute; \u010dlensk&eacute; sch\u016fze v bodech: &nbsp;&nbsp;&nbsp;&nbsp;&nbsp;&nbsp; 1)&nbsp; V&yacute;&scaron;lap na Lysou horu Dne 28.1.2017 se uskute\u010dnil v&yacute;&scaron;lap na Lysou horu, kter&eacute;ho se z&uacute;\u010dastnilo 23 lid&iacute;. &#8211; j&iacute;zdn&eacute; [&hellip;]<\/p>","protected":false},"author":1,"featured_media":0,"comment_status":"open","ping_status":"open","sticky":false,"template":"","format":"standard","meta":{"ngg_post_thumbnail":0,"footnotes":""},"categories":[6],"tags":[],"class_list":["post-2120","post","type-post","status-publish","format-standard","hentry","category-zapisy-ze-schuzi"],"blog_post_layout_featured_media_urls":{"thumbnail":"","full":""},"categories_names":{"6":{"name":"Z\u00e1pisy ze sch\u016fz\u00ed","link":"https:\/\/spolek.konska-osuvky.cz\/en\/category\/zapisy-ze-schuzi\/"}},"tags_names":[],"comments_number":"0","wpmagazine_modules_lite_featured_media_urls":{"thumbnail":"","cvmm-medium":"","cvmm-medium-plus":"","cvmm-portrait":"","cvmm-medium-square":"","cvmm-large":"","cvmm-small":"","full":""},"_links":{"self":[{"href":"https:\/\/spolek.konska-osuvky.cz\/en\/wp-json\/wp\/v2\/posts\/2120","targetHints":{"allow":["GET"]}}],"collection":[{"href":"https:\/\/spolek.konska-osuvky.cz\/en\/wp-json\/wp\/v2\/posts"}],"about":[{"href":"https:\/\/spolek.konska-osuvky.cz\/en\/wp-json\/wp\/v2\/types\/post"}],"author":[{"embeddable":true,"href":"https:\/\/spolek.konska-osuvky.cz\/en\/wp-json\/wp\/v2\/users\/1"}],"replies":[{"embeddable":true,"href":"https:\/\/spolek.konska-osuvky.cz\/en\/wp-json\/wp\/v2\/comments?post=2120"}],"version-history":[{"count":1,"href":"https:\/\/spolek.konska-osuvky.cz\/en\/wp-json\/wp\/v2\/posts\/2120\/revisions"}],"predecessor-version":[{"id":2156,"href":"https:\/\/spolek.konska-osuvky.cz\/en\/wp-json\/wp\/v2\/posts\/2120\/revisions\/2156"}],"wp:attachment":[{"href":"https:\/\/spolek.konska-osuvky.cz\/en\/wp-json\/wp\/v2\/media?parent=2120"}],"wp:term":[{"taxonomy":"category","embeddable":true,"href":"https:\/\/spolek.konska-osuvky.cz\/en\/wp-json\/wp\/v2\/categories?post=2120"},{"taxonomy":"post_tag","embeddable":true,"href":"https:\/\/spolek.konska-osuvky.cz\/en\/wp-json\/wp\/v2\/tags?post=2120"}],"curies":[{"name":"wp","href":"https:\/\/api.w.org\/{rel}","templated":true}]}}