{"id":2118,"date":"2017-04-24T07:32:08","date_gmt":"2017-04-24T05:32:08","guid":{"rendered":""},"modified":"2019-08-16T14:13:36","modified_gmt":"2019-08-16T12:13:36","slug":"jarni-vylet-os-za-rozvoj-konske-2017","status":"publish","type":"post","link":"https:\/\/spolek.konska-osuvky.cz\/en\/novinky\/jarni-vylet-os-za-rozvoj-konske-2017\/","title":{"rendered":"Jarn\u00ed v\u00fdlet OS Za Rozvoj Konsk\u00e9 2017"},"content":{"rendered":"<p><strong>Spolek<\/strong><strong> &bdquo;<\/strong><strong>Za rozvoj Konsk&eacute;&ldquo; si v&aacute;s dovoluje pozvat na ka\u017edoro<\/strong><strong>\u010d<\/strong><strong>n&iacute; jarn&iacute; v&yacute;let<\/strong><br \/>\nV&yacute;let se bude konat na p\u0159e\u010derp&aacute;vac&iacute; vodn&iacute; elektr&aacute;rnu <strong>Dlouh&eacute; str&aacute;n<\/strong><strong>\u011b<\/strong> a do muzea pap&iacute;ru ve <strong>Velk&yacute;ch Losin&aacute;ch<\/strong><br \/>\nP\u0159e\u010derp&aacute;vac&iacute; vodn&iacute; elektr&aacute;rna Dlouh&eacute; str&aacute;n\u011b je <a href=\"https:\/\/cs.wikipedia.org\/wiki\/P%C5%99e%C4%8Derp%C3%A1vac%C3%AD_vodn%C3%AD_elektr%C3%A1rna\" title=\"P\u0159e\u010derp\u00e1vac\u00ed vodn\u00ed elektr\u00e1rna\">p\u0159e\u010derp&aacute;vac&iacute; vodn&iacute; elektr&aacute;rna<\/a> spole\u010dnosti <a href=\"https:\/\/cs.wikipedia.org\/wiki\/%C4%8CEZ\" title=\"\u010cEZ\">\u010cEZ<\/a> vybudovan&aacute; v&nbsp;<a href=\"https:\/\/cs.wikipedia.org\/wiki\/Hrub%C3%BD_Jesen%C3%ADk\" title=\"Hrub\u00fd Jesen\u00edk\">Hrub&eacute;m Jesen&iacute;ku<\/a> v katastr&aacute;ln&iacute;m &uacute;zem&iacute; <a href=\"https:\/\/cs.wikipedia.org\/wiki\/Rejhotice\" title=\"Rejhotice\">Rejhotice<\/a> obce <a href=\"https:\/\/cs.wikipedia.org\/wiki\/Lou%C4%8Dn%C3%A1_nad_Desnou\" title=\"Lou\u010dn\u00e1 nad Desnou\">Lou\u010dn&aacute; nad Desnou<\/a> v&nbsp;okrese <a href=\"https:\/\/cs.wikipedia.org\/wiki\/%C5%A0umperk\" title=\"\u0160umperk\">&Scaron;umperk<\/a>, uvnit\u0159 <a href=\"https:\/\/cs.wikipedia.org\/wiki\/Chr%C3%A1n%C4%9Bn%C3%A1_krajinn%C3%A1_oblast_Jesen%C3%ADky\" title=\"Chr\u00e1n\u011bn\u00e1 krajinn\u00e1 oblast Jesen\u00edky\">CHKO Jesen&iacute;ky<\/a>. Jedn&aacute; se o&nbsp;nejv&yacute;konn\u011bj&scaron;&iacute; vodn&iacute; elektr&aacute;rnu v&nbsp;<a href=\"https:\/\/cs.wikipedia.org\/wiki\/%C4%8Cesko\" title=\"\u010cesko\">\u010cesku<\/a>. P\u0159e\u010derp&aacute;vac&iacute; vodn&iacute; elektr&aacute;rna Dlouh&eacute; Str&aacute;n\u011b se v roce 2005 za\u0159adila mezi 7 nejv\u011bt&scaron;&iacute;ch div\u016f \u010cesk&eacute; republiky<em>.<\/em><br \/>\n<img decoding=\"async\" alt=\"\" src=\"\/data\/upload\/images\/1.png\" style=\"height:300px; width:415px\" \/><img decoding=\"async\" alt=\"\" src=\"\/data\/upload\/images\/2.png\" style=\"height:300px; width:400px\" \/><br \/>\nSpecializovan&eacute; Muzeum pap&iacute;ru je ned&iacute;lnou sou\u010d&aacute;st&iacute; velkolosinsk&eacute; ru\u010dn&iacute; pap&iacute;rny od roku 1987. V jeho st&aacute;l&yacute;ch expozic&iacute;ch se n&aacute;v&scaron;t\u011bvn&iacute;ci mohou sezn&aacute;mit p\u0159edev&scaron;&iacute;m s historick&yacute;m v&yacute;vojem a tradicemi star&eacute;ho pap&iacute;rnick&eacute;ho \u0159emesla a s po\u010d&aacute;tky modern&iacute; pr\u016fmyslov&eacute; pap&iacute;rensk&eacute; v&yacute;roby v \u010desk&yacute;ch zem&iacute;ch. Se sv&yacute;m oborov&yacute;m zam\u011b\u0159en&iacute;m na d\u011bjiny manufakturn&iacute; pap&iacute;rensk&eacute; v&yacute;roby je jedin&yacute;m sv&eacute;ho druhu v \u010cesk&eacute; republice. Spojen&iacute; st\u011b\u017eejn&iacute;ch funk\u010dn&iacute;ch a v&yacute;znamov&yacute;ch prvk\u016f pap&iacute;rny &ndash; klasick&eacute; manufakturn&iacute; v&yacute;roby pap&iacute;ru a muzejn&iacute; prezentace &ndash; v jeden kompaktn&iacute; celek vytv&aacute;\u0159&iacute; atraktivn&iacute; podobu \u017eiv&eacute;ho muzea, kter&aacute; se t\u011b&scaron;&iacute; velk&eacute;mu z&aacute;jmu n&aacute;v&scaron;t\u011bvn&iacute;k\u016f.<br \/>\n<u>V&yacute;let se kon&aacute; :<\/u> 27. 5. 2017<br \/>\n<u>Odjezd a sraz:<\/u> sraz v&nbsp;7:00 na \u017eel.st. T\u0159inec &#8211; Konsk&aacute;<br \/>\n<strong>Cena: 500k<\/strong><strong>\u010d<\/strong><br \/>\nV&nbsp;cen\u011b z&aacute;jezdu je doprava autobusem, vstup do p\u0159e\u010derp&aacute;vac&iacute; elektr&aacute;rny, vstup do muzea<br \/>\nRezervace u Denisy Ml\u010dochov&eacute; <a href=\"tel:792\">tel. 792<\/a> 361&nbsp;355 v&nbsp;odpoledn&iacute;ch hodin&aacute;ch<br \/>\nRezervace je z&aacute;vazn&aacute;!!!&nbsp; Z&aacute;loha<strong> 200 K\u010d<\/strong><\/p>\n<p><img decoding=\"async\" alt=\"\" src=\"\/data\/upload\/images\/Plak%C3%A1t-v%C3%BDlet-2017-page-001.jpg\" style=\"height:877px; width:620px\" \/><\/p>","protected":false},"excerpt":{"rendered":"<p>Spolek &bdquo;Za rozvoj Konsk&eacute;&ldquo; si v&aacute;s dovoluje pozvat na ka\u017edoro\u010dn&iacute; jarn&iacute; v&yacute;let V&yacute;let se bude konat na p\u0159e\u010derp&aacute;vac&iacute; vodn&iacute; elektr&aacute;rnu Dlouh&eacute; str&aacute;n\u011b a do muzea pap&iacute;ru ve Velk&yacute;ch Losin&aacute;ch P\u0159e\u010derp&aacute;vac&iacute; vodn&iacute; elektr&aacute;rna Dlouh&eacute; str&aacute;n\u011b je p\u0159e\u010derp&aacute;vac&iacute; vodn&iacute; elektr&aacute;rna spole\u010dnosti \u010cEZ vybudovan&aacute; v&nbsp;Hrub&eacute;m Jesen&iacute;ku v katastr&aacute;ln&iacute;m &uacute;zem&iacute; Rejhotice obce Lou\u010dn&aacute; nad Desnou v&nbsp;okrese &Scaron;umperk, uvnit\u0159 CHKO [&hellip;]<\/p>","protected":false},"author":1,"featured_media":0,"comment_status":"open","ping_status":"open","sticky":false,"template":"","format":"standard","meta":{"ngg_post_thumbnail":0,"footnotes":""},"categories":[3],"tags":[],"class_list":["post-2118","post","type-post","status-publish","format-standard","hentry","category-novinky"],"blog_post_layout_featured_media_urls":{"thumbnail":"","full":""},"categories_names":{"3":{"name":"News","link":"https:\/\/spolek.konska-osuvky.cz\/en\/category\/novinky\/"}},"tags_names":[],"comments_number":"0","wpmagazine_modules_lite_featured_media_urls":{"thumbnail":"","cvmm-medium":"","cvmm-medium-plus":"","cvmm-portrait":"","cvmm-medium-square":"","cvmm-large":"","cvmm-small":"","full":""},"_links":{"self":[{"href":"https:\/\/spolek.konska-osuvky.cz\/en\/wp-json\/wp\/v2\/posts\/2118","targetHints":{"allow":["GET"]}}],"collection":[{"href":"https:\/\/spolek.konska-osuvky.cz\/en\/wp-json\/wp\/v2\/posts"}],"about":[{"href":"https:\/\/spolek.konska-osuvky.cz\/en\/wp-json\/wp\/v2\/types\/post"}],"author":[{"embeddable":true,"href":"https:\/\/spolek.konska-osuvky.cz\/en\/wp-json\/wp\/v2\/users\/1"}],"replies":[{"embeddable":true,"href":"https:\/\/spolek.konska-osuvky.cz\/en\/wp-json\/wp\/v2\/comments?post=2118"}],"version-history":[{"count":1,"href":"https:\/\/spolek.konska-osuvky.cz\/en\/wp-json\/wp\/v2\/posts\/2118\/revisions"}],"predecessor-version":[{"id":2158,"href":"https:\/\/spolek.konska-osuvky.cz\/en\/wp-json\/wp\/v2\/posts\/2118\/revisions\/2158"}],"wp:attachment":[{"href":"https:\/\/spolek.konska-osuvky.cz\/en\/wp-json\/wp\/v2\/media?parent=2118"}],"wp:term":[{"taxonomy":"category","embeddable":true,"href":"https:\/\/spolek.konska-osuvky.cz\/en\/wp-json\/wp\/v2\/categories?post=2118"},{"taxonomy":"post_tag","embeddable":true,"href":"https:\/\/spolek.konska-osuvky.cz\/en\/wp-json\/wp\/v2\/tags?post=2118"}],"curies":[{"name":"wp","href":"https:\/\/api.w.org\/{rel}","templated":true}]}}