{"id":2115,"date":"2017-07-19T13:53:11","date_gmt":"2017-07-19T11:53:11","guid":{"rendered":""},"modified":"2019-08-16T14:11:25","modified_gmt":"2019-08-16T12:11:25","slug":"zapis-schuze-spolku-za-rozvoj-konske-2-7-2017","status":"publish","type":"post","link":"https:\/\/spolek.konska-osuvky.cz\/en\/zapisy-ze-schuzi\/zapis-schuze-spolku-za-rozvoj-konske-2-7-2017\/","title":{"rendered":"Z\u00e1pis sch\u016fze spolku ,,Za rozvoj Konsk\u00e9&#8220;: 2.7.2017"},"content":{"rendered":"<p><strong><u><span style=\"font-size:14px\">Z&aacute;pis sch\u016fze v&yacute;boru ze dne 14.5.2017<\/span><\/u><\/strong><\/p>\n<p><strong><u>Sch\u016fze se z\u016f\u010dastnili: <\/u><\/strong>Denisa Ml\u010dochov&aacute;, Tadeusz Czapla, Richard Sobel, Jana &Scaron;matlavov&aacute;, Ta\u0165&aacute;na Sobelov&aacute;<\/p>\n<p><strong><u>Shrnut&iacute; &nbsp;sch\u016fze v&yacute;boru v bodech:<\/u><\/strong><\/p>\n<ol>\n<li><strong><em>V&yacute;let vodn&iacute; elektr&aacute;rna a pap&iacute;rny Velk&eacute; Losiny<\/em><\/strong><\/li>\n<\/ol>\n<p>&#8211; faktura za autobus stale neposl&aacute;na, proto vyu\u010dtov&aacute;n&iacute; prob\u011bhne na p\u0159&iacute;&scaron;t&iacute; sch\u016fzi<br \/>\n&#8211; fotky ze z&aacute;jezdu &ndash; bude kontaktov&aacute;na p.Zuzana Kulov&aacute;<\/p>\n<ol start=\"2\">\n<li><strong><em>Zalo\u017een&iacute; g-mailu spolku Za rozvoj Konsk&eacute;, internetov&eacute; str&aacute;nky<\/em><\/strong><\/li>\n<\/ol>\n<p>Bude zalo\u017een spole\u010dn&yacute; mail pro spolek, kter&yacute; bude rovn\u011b\u017e zaznamen&aacute;n do kontakt\u016f na internetov&eacute; str&aacute;nky spolku.<\/p>\n<ul>\n<li>zarozvojkonske@gmail.cz<\/li>\n<\/ul>\n<p>Faktura za internetov&eacute; str&aacute;nky na 3 roky dop\u0159edu zaplacena &ndash; 1200 K\u010d<br \/>\n&Uacute;pravy webu &ndash; placeno i z PZKO<\/p>\n<ol start=\"3\">\n<li><strong><em>Fotbalov&yacute; turnaj<\/em><\/strong><\/li>\n<\/ol>\n<p>Datum kon&aacute;n&iacute;: 9.9.2017<br \/>\nNa p\u0159&iacute;&scaron;t&iacute; sch\u016fzi do\u0159e&scaron;en&iacute; pr\u016fb\u011bhu a&nbsp; rozd\u011blen&iacute; &uacute;kol\u016f.<\/p>\n<ol start=\"4\">\n<li><strong><em>Faktura\u010dn&iacute; adresa spolku<\/em><\/strong><\/li>\n<\/ol>\n<p>Do\u0159e&scaron;en&iacute; faktura\u010dn&iacute; adresy (Os\u016fvky 48), uv&aacute;d\u011bna jin&aacute; nep\u0159esn&aacute; adresa.<br \/>\n&nbsp;<br \/>\n<strong>Dal&scaron;&iacute; sch\u016fze v&yacute;boru se kon&aacute; dne 20.8.2017 v 17:30 hodin.<\/strong><\/p>\n<p><strong>Z&aacute;pis schv&aacute;lil p\u0159edseda, ing. Tadeusz Czapla<\/strong><\/p>","protected":false},"excerpt":{"rendered":"<p>Z&aacute;pis sch\u016fze v&yacute;boru ze dne 14.5.2017 Sch\u016fze se z\u016f\u010dastnili: Denisa Ml\u010dochov&aacute;, Tadeusz Czapla, Richard Sobel, Jana &Scaron;matlavov&aacute;, Ta\u0165&aacute;na Sobelov&aacute; Shrnut&iacute; &nbsp;sch\u016fze v&yacute;boru v bodech: V&yacute;let vodn&iacute; elektr&aacute;rna a pap&iacute;rny Velk&eacute; Losiny &#8211; faktura za autobus stale neposl&aacute;na, proto vyu\u010dtov&aacute;n&iacute; prob\u011bhne na p\u0159&iacute;&scaron;t&iacute; sch\u016fzi &#8211; fotky ze z&aacute;jezdu &ndash; bude kontaktov&aacute;na p.Zuzana Kulov&aacute; Zalo\u017een&iacute; g-mailu spolku [&hellip;]<\/p>","protected":false},"author":1,"featured_media":0,"comment_status":"open","ping_status":"open","sticky":false,"template":"","format":"standard","meta":{"ngg_post_thumbnail":0,"footnotes":""},"categories":[6],"tags":[],"class_list":["post-2115","post","type-post","status-publish","format-standard","hentry","category-zapisy-ze-schuzi"],"blog_post_layout_featured_media_urls":{"thumbnail":"","full":""},"categories_names":{"6":{"name":"Z\u00e1pisy ze sch\u016fz\u00ed","link":"https:\/\/spolek.konska-osuvky.cz\/en\/category\/zapisy-ze-schuzi\/"}},"tags_names":[],"comments_number":"0","wpmagazine_modules_lite_featured_media_urls":{"thumbnail":"","cvmm-medium":"","cvmm-medium-plus":"","cvmm-portrait":"","cvmm-medium-square":"","cvmm-large":"","cvmm-small":"","full":""},"_links":{"self":[{"href":"https:\/\/spolek.konska-osuvky.cz\/en\/wp-json\/wp\/v2\/posts\/2115","targetHints":{"allow":["GET"]}}],"collection":[{"href":"https:\/\/spolek.konska-osuvky.cz\/en\/wp-json\/wp\/v2\/posts"}],"about":[{"href":"https:\/\/spolek.konska-osuvky.cz\/en\/wp-json\/wp\/v2\/types\/post"}],"author":[{"embeddable":true,"href":"https:\/\/spolek.konska-osuvky.cz\/en\/wp-json\/wp\/v2\/users\/1"}],"replies":[{"embeddable":true,"href":"https:\/\/spolek.konska-osuvky.cz\/en\/wp-json\/wp\/v2\/comments?post=2115"}],"version-history":[{"count":1,"href":"https:\/\/spolek.konska-osuvky.cz\/en\/wp-json\/wp\/v2\/posts\/2115\/revisions"}],"predecessor-version":[{"id":2153,"href":"https:\/\/spolek.konska-osuvky.cz\/en\/wp-json\/wp\/v2\/posts\/2115\/revisions\/2153"}],"wp:attachment":[{"href":"https:\/\/spolek.konska-osuvky.cz\/en\/wp-json\/wp\/v2\/media?parent=2115"}],"wp:term":[{"taxonomy":"category","embeddable":true,"href":"https:\/\/spolek.konska-osuvky.cz\/en\/wp-json\/wp\/v2\/categories?post=2115"},{"taxonomy":"post_tag","embeddable":true,"href":"https:\/\/spolek.konska-osuvky.cz\/en\/wp-json\/wp\/v2\/tags?post=2115"}],"curies":[{"name":"wp","href":"https:\/\/api.w.org\/{rel}","templated":true}]}}