{"id":2111,"date":"2017-11-04T21:16:12","date_gmt":"2017-11-04T20:16:12","guid":{"rendered":""},"modified":"2019-08-16T14:20:01","modified_gmt":"2019-08-16T12:20:01","slug":"volejbalova-sezona-2017-2018","status":"publish","type":"post","link":"https:\/\/spolek.konska-osuvky.cz\/en\/novinky\/volejbalova-sezona-2017-2018\/","title":{"rendered":"VOLEJBALOV\u00c1 SEZONA 2017-2018"},"content":{"rendered":"<p>Spolek &bdquo;Za rozvoj Konsk&eacute;&ldquo; a cel&aacute; m&iacute;stn&iacute; volejbalov&aacute; parta V&aacute;s zvou ke spole\u010dn&eacute; h\u0159e!<\/p>\n<p>Stejn\u011b jako v&nbsp;n\u011bkolika posledn&iacute;ch letech se budeme v&nbsp;pr\u016fb\u011bhu zimy sch&aacute;zet <strong>ka\u017ed&eacute;&nbsp;&Uacute;TER&Yacute; a ka\u017edou NED\u011aLI v\u017edy od 18:00,<\/strong><br \/>\nv t\u011blocvi\u010dn\u011b m&iacute;stn&iacute; Z&aacute;kladn&iacute; &scaron;koly Konsk&aacute;-Os\u016fvky.<\/p>\n<p>\n<u><strong>P&aacute;r z&aacute;sadn&iacute;ch novinek nicm&eacute;n\u011b muselo nastat, tak\u017ee si je dob\u0159e p\u0159e\u010dt\u011bte:<\/strong><\/u><\/p>\n<p>Z&aacute;sadn&iacute; informac&iacute; je, \u017ee z&nbsp;d\u016fvodu nutnosti &uacute;hrady n&aacute;jemn&eacute;ho dop\u0159edu, jsou ji\u017e v&scaron;echny \u010dasy zaplaceny a proto <strong>se volejbaly nebudou ru&scaron;it! T\u011blocvi\u010dna bude v\u017edy v&nbsp;uveden&yacute;ch \u010dasech p\u0159&iacute;stupna.<\/strong> Nebude li dostate\u010dn&yacute; po\u010det &uacute;\u010dastn&iacute;k\u016f ke h\u0159e volejbalu, lze \u010das pron&aacute;jmu vyu\u017e&iacute;t k&nbsp;tr&eacute;ninku, nebo k&nbsp;jin&eacute;mu sportovn&iacute;mu vy\u017eit&iacute;.<\/p>\n<p>Z&nbsp;v&yacute;&scaron;e uveden&eacute;ho d\u016fvodu do&scaron;lo rovn\u011b\u017e ke zm\u011bn\u011b &bdquo;vstupn&eacute;ho&ldquo;. M&aacute;te mo\u017enost platit tak, jak bylo zvykem &ndash; za ka\u017ed&yacute; <strong>vstup jednor&aacute;zov\u011b,<\/strong> nicm&eacute;n\u011b v&nbsp;tomto p\u0159&iacute;pad\u011b je vstupn&eacute; zv&yacute;&scaron;eno na<strong> 40 K\u010d<\/strong>.<\/p>\n<p>Druhou mo\u017enost&iacute; je<strong> p\u0159edplatit si vstup do konce roku 2017<\/strong> (listopad a prosinec, &uacute;ter&yacute; i ned\u011ble &ndash; 14 vstup\u016f) <strong>za skv\u011blou cenu 200 K\u010d<\/strong>. O &uacute;spornosti t&eacute;to varianty se nen&iacute; pot\u0159eba d&aacute;le rozepisovat.<\/p>\n<p>P\u0159edplatn&eacute;, m\u016f\u017eete zaplatit na m&iacute;st\u011b pop\u0159&iacute;pad\u011b p\u0159evodem na &uacute;\u010det 1964207043\/0800. Do zpr&aacute;vy napi&scaron;te volejbal listopad+prosinec 2017 a jm&eacute;no pokud &uacute;\u010det nen&iacute; ps&aacute;n na v&aacute;s.<\/p>\n<p>Samoz\u0159ejm\u011b p\u0159edpokl&aacute;d&aacute;me pokra\u010dov&aacute;n&iacute; volejbal\u016f i bezprost\u0159edn\u011b po nov&eacute;m roce, mo\u017enost z&iacute;sk&aacute;n&iacute; p\u0159edplatn&eacute;ho na leden &ndash; duben 2018 ur\u010dit\u011b bude, nicm&eacute;n\u011b bli\u017e&scaron;&iacute; informace p\u0159ineseme t\u011bsn\u011b p\u0159ed koncem leto&scaron;n&iacute;ho kalend&aacute;\u0159n&iacute;ho roku.<\/p>\n<p>_ _ _ _ _ _ _ _ _ _ _ _ _ _ _ _ _ _ _ _ _ _ _ _ _ _ _ _ _ _ _ _ _ _ _ _ _ _ _ _ _ _ _ _ _ _ _ _ _ _ _ _ _ _ _ _ _ _ _ _ _ _ _ _ _ _ _ _ _ _ _<br \/>\nDOPL\u0147KOV&Aacute; INFORMACE:&nbsp;<br \/>\n&nbsp;<br \/>\nV ROCE 2018 POKRA\u010cUJEME SYST&Eacute;MEM, KTER&Yacute; SE OSV\u011aD\u010cIL NA KONCI ROKU 2017. M&Aacute;TE MO\u017dNOST OP\u011aT DVOUM\u011aS&Iacute;\u010cN&Iacute;HO P\u0158EDPLATN&Eacute;HO ZA 200 K\u010d, NEBO JEDNOR&Aacute;ZOV&Eacute;HO VSTUPU ZA 40 K\u010d.&nbsp;<\/p>\n<p>(zp\u016fsob &uacute;hrady se nem\u011bn&iacute; &#8211; viz v&yacute;&scaron;e, na &uacute;tern&iacute; dny p\u0159ib&yacute;v&aacute; dal&scaron;&iacute; kontaktn&iacute; osoba &#8211; Pawe\u0142 Czapla &#8211; kter&yacute; v p\u0159&iacute;pad\u011b slab&eacute; &uacute;tern&iacute; &uacute;\u010dasti bude organizovat eventu&aacute;l&iacute; n&aacute;hradn&iacute; program &#8211; badminton, cvi\u010den&iacute;, apod.).<\/p>\n<p>V&nbsp;p\u0159&iacute;apad\u011b jak&yacute;chkoli dotaz\u016f se nev&aacute;hejte obr&aacute;tit na kontaktn&iacute; osoby:<br \/>\nIng. Tadeusz Czapla &#8211; 728&nbsp;520 532 (zaji&scaron;\u0165uje &uacute;tern&iacute; n&aacute;v&scaron;t\u011bvy),<br \/>\nBc. Luk&aacute;&scaron; Kulla &ndash; 725&nbsp;762&nbsp;182 (zaji&scaron;\u0165uje ned\u011bln&iacute; n&aacute;v&scaron;t\u011bvy).<br \/>\n&nbsp;<br \/>\nT\u011b&scaron;&iacute;me se na V&aacute;s!&nbsp;<\/p>","protected":false},"excerpt":{"rendered":"<p>Spolek &bdquo;Za rozvoj Konsk&eacute;&ldquo; a cel&aacute; m&iacute;stn&iacute; volejbalov&aacute; parta V&aacute;s zvou ke spole\u010dn&eacute; h\u0159e! Stejn\u011b jako v&nbsp;n\u011bkolika posledn&iacute;ch letech se budeme v&nbsp;pr\u016fb\u011bhu zimy sch&aacute;zet ka\u017ed&eacute;&nbsp;&Uacute;TER&Yacute; a ka\u017edou NED\u011aLI v\u017edy od 18:00, v t\u011blocvi\u010dn\u011b m&iacute;stn&iacute; Z&aacute;kladn&iacute; &scaron;koly Konsk&aacute;-Os\u016fvky. P&aacute;r z&aacute;sadn&iacute;ch novinek nicm&eacute;n\u011b muselo nastat, tak\u017ee si je dob\u0159e p\u0159e\u010dt\u011bte: Z&aacute;sadn&iacute; informac&iacute; je, \u017ee z&nbsp;d\u016fvodu nutnosti &uacute;hrady [&hellip;]<\/p>","protected":false},"author":1,"featured_media":0,"comment_status":"open","ping_status":"open","sticky":false,"template":"","format":"standard","meta":{"ngg_post_thumbnail":0,"footnotes":""},"categories":[3],"tags":[],"class_list":["post-2111","post","type-post","status-publish","format-standard","hentry","category-novinky"],"blog_post_layout_featured_media_urls":{"thumbnail":"","full":""},"categories_names":{"3":{"name":"News","link":"https:\/\/spolek.konska-osuvky.cz\/en\/category\/novinky\/"}},"tags_names":[],"comments_number":"0","wpmagazine_modules_lite_featured_media_urls":{"thumbnail":"","cvmm-medium":"","cvmm-medium-plus":"","cvmm-portrait":"","cvmm-medium-square":"","cvmm-large":"","cvmm-small":"","full":""},"_links":{"self":[{"href":"https:\/\/spolek.konska-osuvky.cz\/en\/wp-json\/wp\/v2\/posts\/2111","targetHints":{"allow":["GET"]}}],"collection":[{"href":"https:\/\/spolek.konska-osuvky.cz\/en\/wp-json\/wp\/v2\/posts"}],"about":[{"href":"https:\/\/spolek.konska-osuvky.cz\/en\/wp-json\/wp\/v2\/types\/post"}],"author":[{"embeddable":true,"href":"https:\/\/spolek.konska-osuvky.cz\/en\/wp-json\/wp\/v2\/users\/1"}],"replies":[{"embeddable":true,"href":"https:\/\/spolek.konska-osuvky.cz\/en\/wp-json\/wp\/v2\/comments?post=2111"}],"version-history":[{"count":1,"href":"https:\/\/spolek.konska-osuvky.cz\/en\/wp-json\/wp\/v2\/posts\/2111\/revisions"}],"predecessor-version":[{"id":2194,"href":"https:\/\/spolek.konska-osuvky.cz\/en\/wp-json\/wp\/v2\/posts\/2111\/revisions\/2194"}],"wp:attachment":[{"href":"https:\/\/spolek.konska-osuvky.cz\/en\/wp-json\/wp\/v2\/media?parent=2111"}],"wp:term":[{"taxonomy":"category","embeddable":true,"href":"https:\/\/spolek.konska-osuvky.cz\/en\/wp-json\/wp\/v2\/categories?post=2111"},{"taxonomy":"post_tag","embeddable":true,"href":"https:\/\/spolek.konska-osuvky.cz\/en\/wp-json\/wp\/v2\/tags?post=2111"}],"curies":[{"name":"wp","href":"https:\/\/api.w.org\/{rel}","templated":true}]}}