{"id":2108,"date":"2017-12-16T13:39:00","date_gmt":"2017-12-16T12:39:00","guid":{"rendered":""},"modified":"2019-08-16T14:20:01","modified_gmt":"2019-08-16T12:20:01","slug":"trikralovy-vecer-2018","status":"publish","type":"post","link":"https:\/\/spolek.konska-osuvky.cz\/en\/novinky\/trikralovy-vecer-2018\/","title":{"rendered":"T\u0159ikr\u00e1lov\u00fd Ve\u010der 2018"},"content":{"rendered":"<div style=\"text-align: center;\"><strong>Srde\u010dn\u011b zveme v&scaron;echny obyvatele a p\u0159&iacute;znivce spolku Za rozvoj Konsk&eacute; na ji\u017e tradi\u010dn&iacute;&nbsp;<\/strong><\/p>\n<p><strong><span style=\"font-size:48px\">T\u0159ikr&aacute;lov&yacute; ve\u010der!&nbsp;<\/span><\/strong><\/p>\n<p><span style=\"font-size:18px\">Sejdeme se v m&iacute;stn&iacute; Klubovn\u011b&nbsp;<\/span><\/p>\n<p><strong><span style=\"font-size:28px\">v sobotu 6. 1. 2018 v 17:00&nbsp;<\/span><\/strong><\/p>\n<p><span style=\"font-size:18px\">Douf&aacute;me v co nejv\u011bt&scaron;&iacute; &uacute;\u010dast!&nbsp;<\/span><\/div>\n<p>\n<span style=\"font-size:18px\"><strong>Program:<\/strong><\/p>\n<p>&#8211; Zpr&aacute;va z \u010dinnosti spolku za rok 2017<br \/>\n&#8211; Pl&aacute;ny a vize pro rok 2018<br \/>\n&#8211; N&aacute;vrhy, n&aacute;pady a p\u0159ipom&iacute;nky z pl&eacute;na<br \/>\n&#8211; Otev\u0159en&aacute; diskuze<br \/>\n&#8211; Sout\u011b\u017e o nejlep&scaron;&iacute; novoro\u010dn&iacute; jednohubky o ceny<\/span><\/p>\n<p>(pozn&aacute;mka: leto&scaron;n&iacute; sch\u016fze je nevolebn&iacute;, proto nem\u011bjte strach, \u017ee by jste se ze sch\u016fze vr&aacute;tili s funkc&iacute; &quot;na krku&quot;)<\/p>\n<p>\n<span style=\"font-size:18px\"><strong>Ob\u010derstven&iacute; zaji&scaron;t\u011bno!&nbsp;<\/strong><\/p>\n<p>\nT\u011b&scaron;&iacute;me se na V&aacute;s!<\/p>\n<p>\u010dlenov&eacute; v&yacute;boru spolku Za rozvoj Konsk&eacute;<\/span><\/p>","protected":false},"excerpt":{"rendered":"<p>Srde\u010dn\u011b zveme v&scaron;echny obyvatele a p\u0159&iacute;znivce spolku Za rozvoj Konsk&eacute; na ji\u017e tradi\u010dn&iacute;&nbsp; T\u0159ikr&aacute;lov&yacute; ve\u010der!&nbsp; Sejdeme se v m&iacute;stn&iacute; Klubovn\u011b&nbsp; v sobotu 6. 1. 2018 v 17:00&nbsp; Douf&aacute;me v co nejv\u011bt&scaron;&iacute; &uacute;\u010dast!&nbsp; Program: &#8211; Zpr&aacute;va z \u010dinnosti spolku za rok 2017 &#8211; Pl&aacute;ny a vize pro rok 2018 &#8211; N&aacute;vrhy, n&aacute;pady a p\u0159ipom&iacute;nky z pl&eacute;na [&hellip;]<\/p>","protected":false},"author":1,"featured_media":0,"comment_status":"open","ping_status":"open","sticky":false,"template":"","format":"standard","meta":{"ngg_post_thumbnail":0,"footnotes":""},"categories":[3],"tags":[],"class_list":["post-2108","post","type-post","status-publish","format-standard","hentry","category-novinky"],"blog_post_layout_featured_media_urls":{"thumbnail":"","full":""},"categories_names":{"3":{"name":"News","link":"https:\/\/spolek.konska-osuvky.cz\/en\/category\/novinky\/"}},"tags_names":[],"comments_number":"0","wpmagazine_modules_lite_featured_media_urls":{"thumbnail":"","cvmm-medium":"","cvmm-medium-plus":"","cvmm-portrait":"","cvmm-medium-square":"","cvmm-large":"","cvmm-small":"","full":""},"_links":{"self":[{"href":"https:\/\/spolek.konska-osuvky.cz\/en\/wp-json\/wp\/v2\/posts\/2108","targetHints":{"allow":["GET"]}}],"collection":[{"href":"https:\/\/spolek.konska-osuvky.cz\/en\/wp-json\/wp\/v2\/posts"}],"about":[{"href":"https:\/\/spolek.konska-osuvky.cz\/en\/wp-json\/wp\/v2\/types\/post"}],"author":[{"embeddable":true,"href":"https:\/\/spolek.konska-osuvky.cz\/en\/wp-json\/wp\/v2\/users\/1"}],"replies":[{"embeddable":true,"href":"https:\/\/spolek.konska-osuvky.cz\/en\/wp-json\/wp\/v2\/comments?post=2108"}],"version-history":[{"count":1,"href":"https:\/\/spolek.konska-osuvky.cz\/en\/wp-json\/wp\/v2\/posts\/2108\/revisions"}],"predecessor-version":[{"id":2192,"href":"https:\/\/spolek.konska-osuvky.cz\/en\/wp-json\/wp\/v2\/posts\/2108\/revisions\/2192"}],"wp:attachment":[{"href":"https:\/\/spolek.konska-osuvky.cz\/en\/wp-json\/wp\/v2\/media?parent=2108"}],"wp:term":[{"taxonomy":"category","embeddable":true,"href":"https:\/\/spolek.konska-osuvky.cz\/en\/wp-json\/wp\/v2\/categories?post=2108"},{"taxonomy":"post_tag","embeddable":true,"href":"https:\/\/spolek.konska-osuvky.cz\/en\/wp-json\/wp\/v2\/tags?post=2108"}],"curies":[{"name":"wp","href":"https:\/\/api.w.org\/{rel}","templated":true}]}}