{"id":2106,"date":"2018-01-23T21:40:30","date_gmt":"2018-01-23T20:40:30","guid":{"rendered":""},"modified":"2019-08-16T14:20:01","modified_gmt":"2019-08-16T12:20:01","slug":"zimni-vylet-na-pustevny-a-radhost","status":"publish","type":"post","link":"https:\/\/spolek.konska-osuvky.cz\/en\/novinky\/zimni-vylet-na-pustevny-a-radhost\/","title":{"rendered":"Zimn\u00ed v\u00fdlet na Pustevny a Radho\u0161\u0165"},"content":{"rendered":"<div style=\"text-align: center;\">Spolek &bdquo;Za Rozvoj Konsk&eacute;&ldquo; V&aacute;s srde\u010dn\u011b zve na spole\u010dn&yacute;<\/p>\n<p><strong>Zimn&iacute; v&yacute;let na PUSTEVNY a RADHO&Scaron;\u0164 v&nbsp;sobotu 24. 2. 2018<\/strong><\/p>\n<p><strong>Sraz na vlakov&eacute; zast&aacute;vce T\u0159inec Konsk&aacute; v&nbsp;7:15<\/strong>. Vlak do Fren&scaron;t&aacute;tu pod Radho&scaron;t\u011bm pak autobus do Trojanovic, restaurace R&aacute;ztoka.<\/p>\n<p><strong>V&nbsp;programu prohl&iacute;dka zimn&iacute;ch lidov\u011b secesn&iacute;ch staveb na Pustevn&aacute;ch a h\u0159ebenov&aacute; t&uacute;ra a\u017e na Radho&scaron;\u0165. <\/strong><br \/>\n<strong>Na trase vyhl&iacute;dka, socha Radegasta, kaple a souso&scaron;&iacute; Cyrila a Metod\u011bje.<\/strong><br \/>\n&nbsp;<br \/>\nV&yacute;let je ur\u010den pro v&scaron;echny v\u011bkov&eacute; i v&yacute;konnostn&iacute; skupiny! Sportovn\u011bji zalo\u017eeni mohou cel&yacute; v&yacute;let absolvovat p\u011b&scaron;ky po turistick&yacute;ch stezk&aacute;ch, Ti, kte\u0159&iacute; si cht\u011bj&iacute; u\u017e&iacute;t pohodovou prohl&iacute;dku v&scaron;eho, co se na jednom z&nbsp;nejexponovan\u011bj&scaron;&iacute;ch h\u0159eben\u016f Beskyd nach&aacute;z&iacute;, mohou vyu\u017e&iacute;t lanovou dr&aacute;hu. H\u0159ebenov&aacute; t&uacute;ra m&aacute; v&nbsp;jednom sm\u011bru necel&eacute; 4 km a trv&aacute; p\u0159ibli\u017en\u011b hodinu.<\/p>\n<p><strong>P\u0159edpokl&aacute;dan&yacute; n&aacute;vrat op\u011bt hromadnou dopravou ve ve\u010dern&iacute;ch hodin&aacute;ch<\/strong> (19:30 nebo 20:30 podle spoj\u016f).<br \/>\n&nbsp;<br \/>\nVa&scaron;i &uacute;\u010dast pros&iacute;m avizujte, na n&iacute;\u017ee uveden&eacute;m telefonn&iacute;m \u010d&iacute;sle nebo emailov&eacute; adrese, pop\u0159&iacute;pad\u011b na facebookov&eacute; str&aacute;nce ud&aacute;losti.<br \/>\nV&nbsp;p\u0159&iacute;pad\u011b zm\u011bn programu nebo dopravy budou tyto informace bu\u010fto na internetu, nebo V&aacute;m budou po p\u0159ihl&aacute;&scaron;en&iacute; k&nbsp;v&yacute;letu sd\u011bleny telefonicky.<\/p>\n<p><strong>Kontaktn&iacute; osoba: &nbsp;&nbsp;&nbsp;&nbsp; Ing. Tadeusz Czapla &nbsp; &nbsp;&nbsp;&nbsp;&nbsp;&nbsp;&nbsp;&nbsp;&nbsp;&nbsp;&nbsp;&nbsp; tel.\u010d.: &nbsp; 728&nbsp;520&nbsp;532&nbsp;&nbsp;&nbsp; &nbsp;&nbsp;&nbsp;&nbsp;&nbsp;&nbsp;&nbsp;&nbsp;&nbsp;&nbsp;&nbsp; email: &nbsp;&nbsp;&nbsp;&nbsp;&nbsp; tado.108.y@seznam.cz<\/strong><\/p>\n<p>\n<img decoding=\"async\" alt=\"\" src=\"\/data\/upload\/images\/pustevny-zima-24.jpg\" style=\"height:600px; width:800px\" \/><br \/>\n<img decoding=\"async\" alt=\"\" src=\"\/data\/upload\/images\/7787717.jpg\" style=\"height:600px; width:800px\" \/><img decoding=\"async\" alt=\"\" src=\"\/data\/upload\/images\/radegast-zima.jpg\" style=\"height:452px; width:300px\" \/><br \/>\n<img decoding=\"async\" alt=\"\" src=\"\/data\/upload\/images\/Kaple%20na%20Radhosti.jpg\" style=\"height:486px; width:800px\" \/><br \/>\n<img decoding=\"async\" alt=\"\" src=\"\/data\/upload\/images\/hotel%20Radegast.jpg\" style=\"height:486px; width:800px\" \/><\/div>","protected":false},"excerpt":{"rendered":"<p>Spolek &bdquo;Za Rozvoj Konsk&eacute;&ldquo; V&aacute;s srde\u010dn\u011b zve na spole\u010dn&yacute; Zimn&iacute; v&yacute;let na PUSTEVNY a RADHO&Scaron;\u0164 v&nbsp;sobotu 24. 2. 2018 Sraz na vlakov&eacute; zast&aacute;vce T\u0159inec Konsk&aacute; v&nbsp;7:15. Vlak do Fren&scaron;t&aacute;tu pod Radho&scaron;t\u011bm pak autobus do Trojanovic, restaurace R&aacute;ztoka. V&nbsp;programu prohl&iacute;dka zimn&iacute;ch lidov\u011b secesn&iacute;ch staveb na Pustevn&aacute;ch a h\u0159ebenov&aacute; t&uacute;ra a\u017e na Radho&scaron;\u0165. Na trase vyhl&iacute;dka, socha [&hellip;]<\/p>","protected":false},"author":1,"featured_media":0,"comment_status":"open","ping_status":"open","sticky":false,"template":"","format":"standard","meta":{"ngg_post_thumbnail":0,"footnotes":""},"categories":[3],"tags":[],"class_list":["post-2106","post","type-post","status-publish","format-standard","hentry","category-novinky"],"blog_post_layout_featured_media_urls":{"thumbnail":"","full":""},"categories_names":{"3":{"name":"News","link":"https:\/\/spolek.konska-osuvky.cz\/en\/category\/novinky\/"}},"tags_names":[],"comments_number":"0","wpmagazine_modules_lite_featured_media_urls":{"thumbnail":"","cvmm-medium":"","cvmm-medium-plus":"","cvmm-portrait":"","cvmm-medium-square":"","cvmm-large":"","cvmm-small":"","full":""},"_links":{"self":[{"href":"https:\/\/spolek.konska-osuvky.cz\/en\/wp-json\/wp\/v2\/posts\/2106","targetHints":{"allow":["GET"]}}],"collection":[{"href":"https:\/\/spolek.konska-osuvky.cz\/en\/wp-json\/wp\/v2\/posts"}],"about":[{"href":"https:\/\/spolek.konska-osuvky.cz\/en\/wp-json\/wp\/v2\/types\/post"}],"author":[{"embeddable":true,"href":"https:\/\/spolek.konska-osuvky.cz\/en\/wp-json\/wp\/v2\/users\/1"}],"replies":[{"embeddable":true,"href":"https:\/\/spolek.konska-osuvky.cz\/en\/wp-json\/wp\/v2\/comments?post=2106"}],"version-history":[{"count":1,"href":"https:\/\/spolek.konska-osuvky.cz\/en\/wp-json\/wp\/v2\/posts\/2106\/revisions"}],"predecessor-version":[{"id":2191,"href":"https:\/\/spolek.konska-osuvky.cz\/en\/wp-json\/wp\/v2\/posts\/2106\/revisions\/2191"}],"wp:attachment":[{"href":"https:\/\/spolek.konska-osuvky.cz\/en\/wp-json\/wp\/v2\/media?parent=2106"}],"wp:term":[{"taxonomy":"category","embeddable":true,"href":"https:\/\/spolek.konska-osuvky.cz\/en\/wp-json\/wp\/v2\/categories?post=2106"},{"taxonomy":"post_tag","embeddable":true,"href":"https:\/\/spolek.konska-osuvky.cz\/en\/wp-json\/wp\/v2\/tags?post=2106"}],"curies":[{"name":"wp","href":"https:\/\/api.w.org\/{rel}","templated":true}]}}