{"id":2102,"date":"2018-05-20T09:49:28","date_gmt":"2018-05-20T07:49:28","guid":{"rendered":""},"modified":"2019-08-16T14:20:01","modified_gmt":"2019-08-16T12:20:01","slug":"vylet-do-vizovic","status":"publish","type":"post","link":"https:\/\/spolek.konska-osuvky.cz\/en\/novinky\/vylet-do-vizovic\/","title":{"rendered":"V\u00fdlet do Vizovic"},"content":{"rendered":"<p>Dne&nbsp; 12. 5. 2018 se uskute\u010dnil dal&scaron;&iacute; z&nbsp;\u0159ady autobusov&yacute;ch&nbsp; z&aacute;jezd\u016f po\u0159&aacute;dan&yacute;ch spolkem &bdquo;Za rozvoj Konsk&eacute;&ldquo;. Tentokr&aacute;t bylo na&scaron;im c&iacute;lem Vala&scaron;sko, a to nejen slivovic&iacute; proslul&eacute; Vizovice. Hned po r&aacute;nu probrala v&scaron;echny &uacute;\u010dastn&iacute;ky komentovan&aacute; prohl&iacute;dka m&iacute;stn&iacute; lik&eacute;rky doprov&aacute;zen&aacute; typickou a v&scaron;udyp\u0159&iacute;tomnou v\u016fn&iacute; zpracov&aacute;van&eacute;ho ovoce, kter&aacute; byla zavr&scaron;ena \u0159&iacute;zenou degustac&iacute; zdej&scaron;&iacute;ch v&yacute;robk\u016f.<br \/>\n&nbsp;<br \/>\nPosiln\u011bni a v&nbsp;dobr&eacute; n&aacute;lad\u011b v&yacute;letn&iacute;ci n&aacute;sledn\u011b pokra\u010dovali do centra Vizovic, kde se tou dobou konal tradi\u010dn&iacute; jarmark a shodou okolnost&iacute; i rozs&aacute;hl&aacute; mysliveck&aacute; v&yacute;stava, kde si p\u0159i&scaron;li na sv&eacute; jak milovn&iacute;ci zv\u011b\u0159iny, tak p\u0159edev&scaron;&iacute;m n&aacute;&scaron; &bdquo;Kon&scaron;\u010dansk&yacute;&ldquo; myslivec, kter&yacute; se z&aacute;jezdu rovn\u011b\u017e z&uacute;\u010dastnil.<br \/>\n&nbsp;<br \/>\nPo voln&eacute;m programu a vydatn&eacute;m ob\u011bd\u011b n&aacute;sledovala komentovan&aacute; prohl&iacute;dka Vizovick&eacute;ho z&aacute;mku nach&aacute;zej&iacute;c&iacute;ho se spole\u010dn\u011b s&nbsp;p\u0159ilehl&yacute;m z&aacute;meck&yacute;m parkem nedaleko centra Vizovic. V&nbsp;odpoledn&iacute;ch hodin&aacute;ch jsme se plni z&aacute;\u017eitk\u016f vydali na zp&aacute;te\u010dn&iacute; cestu, v&nbsp;pr\u016fb\u011bhu kter&eacute; prob\u011bhl ji\u017e tradi\u010dn&iacute; sout\u011b\u017en&iacute; kv&iacute;z zam\u011b\u0159en&yacute; na informace spojen&eacute; s&nbsp;nav&scaron;t&iacute;ven&yacute;m regionem, p\u0159i\u010dem\u017e nej&uacute;sp\u011b&scaron;n\u011bj&scaron;&iacute; sout\u011b\u017e&iacute;c&iacute; byli po z&aacute;sluze odm\u011bn\u011bni.<br \/>\n&nbsp;<br \/>\nCel&yacute; v&yacute;let byl doprov&aacute;zen jak kr&aacute;sn&yacute;m po\u010das&iacute;m, tak p\u0159edev&scaron;&iacute;m p\u0159&aacute;telskou atmosf&eacute;rou, za co\u017e nutno pod\u011bkovat v&scaron;em, kte\u0159&iacute; se v&yacute;letu z&uacute;\u010dastnili.<br \/>\n&nbsp;<\/p>\n<p>Fotky z t&eacute;to velmi poveden&eacute; akce najdete v odkaze n&iacute;\u017ee:&nbsp;<\/p>\n<p><a href=\"http:\/\/os.konska-osuvky.cz\/gallery\/detail?galleryId=95\">http:\/\/os.konska-osuvky.cz\/gallery\/detail?galleryId=95<\/a><\/p>\n<p>\nT\u011b&scaron;&iacute;me se na dal&scaron;&iacute; spole\u010dn&eacute; z&aacute;\u017eitky!<br \/>\nSpolek &bdquo;Za rozvoj Konsk&eacute;&ldquo;<\/p>","protected":false},"excerpt":{"rendered":"<p>Dne&nbsp; 12. 5. 2018 se uskute\u010dnil dal&scaron;&iacute; z&nbsp;\u0159ady autobusov&yacute;ch&nbsp; z&aacute;jezd\u016f po\u0159&aacute;dan&yacute;ch spolkem &bdquo;Za rozvoj Konsk&eacute;&ldquo;. Tentokr&aacute;t bylo na&scaron;im c&iacute;lem Vala&scaron;sko, a to nejen slivovic&iacute; proslul&eacute; Vizovice. Hned po r&aacute;nu probrala v&scaron;echny &uacute;\u010dastn&iacute;ky komentovan&aacute; prohl&iacute;dka m&iacute;stn&iacute; lik&eacute;rky doprov&aacute;zen&aacute; typickou a v&scaron;udyp\u0159&iacute;tomnou v\u016fn&iacute; zpracov&aacute;van&eacute;ho ovoce, kter&aacute; byla zavr&scaron;ena \u0159&iacute;zenou degustac&iacute; zdej&scaron;&iacute;ch v&yacute;robk\u016f. &nbsp; Posiln\u011bni a v&nbsp;dobr&eacute; n&aacute;lad\u011b [&hellip;]<\/p>","protected":false},"author":1,"featured_media":0,"comment_status":"open","ping_status":"open","sticky":false,"template":"","format":"standard","meta":{"ngg_post_thumbnail":0,"footnotes":""},"categories":[3],"tags":[],"class_list":["post-2102","post","type-post","status-publish","format-standard","hentry","category-novinky"],"blog_post_layout_featured_media_urls":{"thumbnail":"","full":""},"categories_names":{"3":{"name":"News","link":"https:\/\/spolek.konska-osuvky.cz\/en\/category\/novinky\/"}},"tags_names":[],"comments_number":"0","wpmagazine_modules_lite_featured_media_urls":{"thumbnail":"","cvmm-medium":"","cvmm-medium-plus":"","cvmm-portrait":"","cvmm-medium-square":"","cvmm-large":"","cvmm-small":"","full":""},"_links":{"self":[{"href":"https:\/\/spolek.konska-osuvky.cz\/en\/wp-json\/wp\/v2\/posts\/2102","targetHints":{"allow":["GET"]}}],"collection":[{"href":"https:\/\/spolek.konska-osuvky.cz\/en\/wp-json\/wp\/v2\/posts"}],"about":[{"href":"https:\/\/spolek.konska-osuvky.cz\/en\/wp-json\/wp\/v2\/types\/post"}],"author":[{"embeddable":true,"href":"https:\/\/spolek.konska-osuvky.cz\/en\/wp-json\/wp\/v2\/users\/1"}],"replies":[{"embeddable":true,"href":"https:\/\/spolek.konska-osuvky.cz\/en\/wp-json\/wp\/v2\/comments?post=2102"}],"version-history":[{"count":1,"href":"https:\/\/spolek.konska-osuvky.cz\/en\/wp-json\/wp\/v2\/posts\/2102\/revisions"}],"predecessor-version":[{"id":2189,"href":"https:\/\/spolek.konska-osuvky.cz\/en\/wp-json\/wp\/v2\/posts\/2102\/revisions\/2189"}],"wp:attachment":[{"href":"https:\/\/spolek.konska-osuvky.cz\/en\/wp-json\/wp\/v2\/media?parent=2102"}],"wp:term":[{"taxonomy":"category","embeddable":true,"href":"https:\/\/spolek.konska-osuvky.cz\/en\/wp-json\/wp\/v2\/categories?post=2102"},{"taxonomy":"post_tag","embeddable":true,"href":"https:\/\/spolek.konska-osuvky.cz\/en\/wp-json\/wp\/v2\/tags?post=2102"}],"curies":[{"name":"wp","href":"https:\/\/api.w.org\/{rel}","templated":true}]}}