{"id":2092,"date":"2019-01-05T13:45:35","date_gmt":"2019-01-05T12:45:35","guid":{"rendered":""},"modified":"2019-08-16T14:10:50","modified_gmt":"2019-08-16T12:10:50","slug":"zapis-schuze-spolku-za-rozvoj-konske-16-11-2018","status":"publish","type":"post","link":"https:\/\/spolek.konska-osuvky.cz\/en\/zapisy-ze-schuzi\/zapis-schuze-spolku-za-rozvoj-konske-16-11-2018\/","title":{"rendered":"Z\u00e1pis sch\u016fze spolku ,,Za rozvoj Konsk\u00e9&#8220;: 16.11.2018"},"content":{"rendered":"<div style=\"text-align: center;\"><u><strong><span style=\"font-size:14px\">&bdquo;Za rozvoj Konsk&eacute;&ldquo;<br \/>\nZ&aacute;pis sch\u016fze ze dne 16.11.2018<\/span><\/strong><\/u><\/div>\n<p>\n<u><strong>Sch\u016fze v&yacute;boru se z&uacute;\u010dastnili:&nbsp;<\/strong><\/u><br \/>\nDenisa Ml\u010dochov&aacute;, Stanislav Ml\u010doch, Tadeusz Czapla, Helena Kullov&aacute;, David Konderla, Richard Sobel.<\/p>\n<p><u><em><strong>Shrnut&iacute;&nbsp; sch\u016fze v&yacute;boru v bodech:<\/strong><\/em><\/u><\/p>\n<p><em>&nbsp; &nbsp; &nbsp;<strong>Posledn&iacute; sch\u016fze spolku v roce 2018 byla ve znamen&iacute; p\u0159edev&scaron;&iacute;m zhodnocen&iacute; akc&iacute; po\u0159&aacute;dan&yacute;ch spolkem za uplynul&yacute; rok. Velk&yacute; ohlas mezi z&uacute;\u010dastn\u011bn&yacute;mi lidmi m\u011bl leto&scaron;n&iacute; z&aacute;jezd.<\/strong><\/em><\/p>\n<ul>\n<li><em><strong>Z&aacute;jezd<\/strong><\/em><\/li>\n<\/ul>\n<p>&nbsp; &nbsp; &nbsp; &nbsp; &nbsp; &nbsp; &nbsp;&#8211;&nbsp; z&aacute;jezd se konal do lik&eacute;rky Rudolf Jel&iacute;nek a Vizovick&eacute;ho z&aacute;mku<br \/>\n&nbsp; &nbsp; &nbsp; &nbsp; &nbsp; &nbsp; &nbsp;&#8211;&nbsp; a\u010dkoli byl z&aacute;jezd ozna\u010den za velice &uacute;sp\u011b&scaron;n&yacute;, autobus nebyl zcela zapln\u011bn. Z tohoto d\u016fvodu byl z&aacute;jezd ztr&aacute;tov&yacute;.<\/p>\n<ul>\n<li><em><strong>Fotbalov&yacute; turbaj<\/strong><\/em><\/li>\n<\/ul>\n<p>&nbsp; &nbsp; &nbsp; &nbsp; &nbsp; &nbsp; &nbsp;&#8211; 13. ro\u010dn&iacute;k fotbalov&eacute;ho turnaje se konal 20.10.2018<br \/>\n&nbsp; &nbsp; &nbsp; &nbsp; &nbsp; &nbsp; &nbsp;&#8211; akce nebyla ani ztr&aacute;tov&aacute; ale ani ziskov&aacute;<\/p>\n<p>&nbsp; &nbsp; &nbsp;Zvl&aacute;&scaron;tn&iacute; pod\u011bkov&aacute;n&iacute; za ob\u010derstven&iacute; pat\u0159&iacute; m&iacute;stn&iacute;m ob\u010dan\u016fm, zvl&aacute;&scaron;t\u011b p. Niemcov&eacute; za ka\u017edoro\u010dn&iacute; p\u0159&iacute;nos pro spolek. Proto se spolek rozhodl pan&iacute; Niemcovou ocenit mal&yacute;m d&aacute;rkem.<\/p>\n<ul>\n<li><em><strong>T\u0159&iacute;kr&aacute;lov&yacute; ve\u010der<\/strong><\/em><\/li>\n<\/ul>\n<p>&nbsp; &nbsp; &nbsp;<em><strong>Po dvoulet&eacute;m obdob&iacute; spolku bude sou\u010d&aacute;st&iacute; leto&scaron;n&iacute;ho t\u0159&iacute;kr&aacute;lov&eacute;ho ve\u010dera i volebn&iacute; sch\u016fze.<\/strong><\/em><\/p>\n<p>&nbsp; &nbsp; &nbsp; &nbsp; &nbsp; &nbsp; &nbsp;&#8211; datum kon&aacute;n&iacute;: 12.1.2019<br \/>\n&nbsp; &nbsp; &nbsp; &nbsp; &nbsp; &nbsp; &nbsp;&#8211; jako ka\u017edoro\u010dn\u011b bude sou\u010d&aacute;st&iacute; t\u0159&iacute;kr&aacute;lov&eacute;ho ve\u010dera sout\u011b\u017e o nejlep&scaron;&iacute; jednohubky<br \/>\n&nbsp; &nbsp; &nbsp; &nbsp; &nbsp; &nbsp; &nbsp;&#8211; ceny do sout\u011b\u017ee schv&aacute;leny spolkem ve v&yacute;&scaron;&iacute; 1000 K\u010d<br \/>\n&nbsp; &nbsp; &nbsp; &nbsp; &nbsp; &nbsp; &nbsp;&#8211; bufet na t\u0159&iacute;kr&aacute;lov&eacute;m ve\u010deru bude bezplatn&yacute;, na sch\u016fzi padl n&aacute;vrh na objedn&aacute;n&iacute; kor&yacute;tka v r&aacute;mci ob\u010derstven&iacute;<\/p>\n<ul>\n<li><em><strong>Sportuj s N&aacute;mi!<\/strong><\/em><\/li>\n<\/ul>\n<p>&nbsp; &nbsp; &nbsp;<em><strong>Od listopadu 2018 a\u017e do konce b\u0159ezna 2019 je mo\u017enost se sch&aacute;zet v t\u011blocvi\u010dn\u011b m&iacute;stn&iacute; z&aacute;kladn&iacute; &scaron;koly ke h\u0159e volejbalu a spole\u010dn&eacute;mu kondi\u010dn&iacute;mu cvi\u010den&iacute;.<\/strong><\/em><\/p>\n<p>&nbsp; &nbsp; &nbsp; &nbsp; &nbsp; &nbsp; &nbsp; &#8211; pod\u011bkov&aacute;n&iacute; pat\u0159&iacute; p. Nieslanikovi, kter&yacute; se o tr&eacute;ninky star&aacute; v r&aacute;mci aktivity a neziskov\u011b.<\/p>\n<p><em><strong>Term&iacute;n dal&scaron;&iacute; sch\u016fze: 12.1.2019 (t\u0159&iacute;kr&aacute;lov&yacute; ve\u010der a z&aacute;rove\u0148 sch\u016fze volebn&iacute;)<br \/>\nZ&aacute;pis schv&aacute;lil p\u0159edseda spolku,&nbsp;<br \/>\nIng. Tadeusz Czapla<\/strong><\/em><\/p>","protected":false},"excerpt":{"rendered":"<p>&bdquo;Za rozvoj Konsk&eacute;&ldquo; Z&aacute;pis sch\u016fze ze dne 16.11.2018 Sch\u016fze v&yacute;boru se z&uacute;\u010dastnili:&nbsp; Denisa Ml\u010dochov&aacute;, Stanislav Ml\u010doch, Tadeusz Czapla, Helena Kullov&aacute;, David Konderla, Richard Sobel. Shrnut&iacute;&nbsp; sch\u016fze v&yacute;boru v bodech: &nbsp; &nbsp; &nbsp;Posledn&iacute; sch\u016fze spolku v roce 2018 byla ve znamen&iacute; p\u0159edev&scaron;&iacute;m zhodnocen&iacute; akc&iacute; po\u0159&aacute;dan&yacute;ch spolkem za uplynul&yacute; rok. Velk&yacute; ohlas mezi z&uacute;\u010dastn\u011bn&yacute;mi lidmi m\u011bl leto&scaron;n&iacute; [&hellip;]<\/p>","protected":false},"author":1,"featured_media":0,"comment_status":"open","ping_status":"open","sticky":false,"template":"","format":"standard","meta":{"ngg_post_thumbnail":0,"footnotes":""},"categories":[6],"tags":[],"class_list":["post-2092","post","type-post","status-publish","format-standard","hentry","category-zapisy-ze-schuzi"],"blog_post_layout_featured_media_urls":{"thumbnail":"","full":""},"categories_names":{"6":{"name":"Z\u00e1pisy ze sch\u016fz\u00ed","link":"https:\/\/spolek.konska-osuvky.cz\/en\/category\/zapisy-ze-schuzi\/"}},"tags_names":[],"comments_number":"0","wpmagazine_modules_lite_featured_media_urls":{"thumbnail":"","cvmm-medium":"","cvmm-medium-plus":"","cvmm-portrait":"","cvmm-medium-square":"","cvmm-large":"","cvmm-small":"","full":""},"_links":{"self":[{"href":"https:\/\/spolek.konska-osuvky.cz\/en\/wp-json\/wp\/v2\/posts\/2092","targetHints":{"allow":["GET"]}}],"collection":[{"href":"https:\/\/spolek.konska-osuvky.cz\/en\/wp-json\/wp\/v2\/posts"}],"about":[{"href":"https:\/\/spolek.konska-osuvky.cz\/en\/wp-json\/wp\/v2\/types\/post"}],"author":[{"embeddable":true,"href":"https:\/\/spolek.konska-osuvky.cz\/en\/wp-json\/wp\/v2\/users\/1"}],"replies":[{"embeddable":true,"href":"https:\/\/spolek.konska-osuvky.cz\/en\/wp-json\/wp\/v2\/comments?post=2092"}],"version-history":[{"count":1,"href":"https:\/\/spolek.konska-osuvky.cz\/en\/wp-json\/wp\/v2\/posts\/2092\/revisions"}],"predecessor-version":[{"id":2147,"href":"https:\/\/spolek.konska-osuvky.cz\/en\/wp-json\/wp\/v2\/posts\/2092\/revisions\/2147"}],"wp:attachment":[{"href":"https:\/\/spolek.konska-osuvky.cz\/en\/wp-json\/wp\/v2\/media?parent=2092"}],"wp:term":[{"taxonomy":"category","embeddable":true,"href":"https:\/\/spolek.konska-osuvky.cz\/en\/wp-json\/wp\/v2\/categories?post=2092"},{"taxonomy":"post_tag","embeddable":true,"href":"https:\/\/spolek.konska-osuvky.cz\/en\/wp-json\/wp\/v2\/tags?post=2092"}],"curies":[{"name":"wp","href":"https:\/\/api.w.org\/{rel}","templated":true}]}}