{"id":2090,"date":"2019-02-19T09:05:23","date_gmt":"2019-02-19T08:05:23","guid":{"rendered":""},"modified":"2019-08-16T14:10:50","modified_gmt":"2019-08-16T12:10:50","slug":"zapis-schuze-spolku-za-rozvoj-konske-15-2-2019","status":"publish","type":"post","link":"https:\/\/spolek.konska-osuvky.cz\/en\/zapisy-ze-schuzi\/zapis-schuze-spolku-za-rozvoj-konske-15-2-2019\/","title":{"rendered":"Z\u00e1pis sch\u016fze spolku ,,Za rozvoj Konsk\u00e9&#8220;: 15.2.2019"},"content":{"rendered":"<p><strong><u>Z&aacute;pis z&nbsp;1. sch\u016fze v&yacute;boru spolku &bdquo;Za rozvoj Konsk&eacute;&ldquo; v&nbsp;roce 2019<\/u><\/strong><br \/>\n&nbsp;<\/p>\n<ul>\n<li>Datum: 15.2.2019<\/li>\n<li>M&iacute;sto: T\u0159inec &#8211; Konsk&aacute;<\/li>\n<li>Autor: Tadeusz Czapla<\/li>\n<\/ul>\n<p><em><u>&Uacute;\u010dast:<\/u><\/em><\/p>\n<ul>\n<li>P\u0159&iacute;tomni:<\/li>\n<\/ul>\n<p>Luk&aacute;&scaron; Kulla, David Konderla, Jana &Scaron;matlavov&aacute;, Helena Kullov&aacute;, Tadeusz Czapla<\/p>\n<ul>\n<li>Omluveni:<\/li>\n<\/ul>\n<p>Ta\u0165&aacute;na Sobelov&aacute; Kokotkov&aacute;, Pavl&iacute;na Skupie\u0148ov&aacute;<br \/>\n&nbsp;<br \/>\n<em><u>Program jedn&aacute;n&iacute;, t&eacute;mata a usnesen&iacute;:<\/u><\/em><\/p>\n<ol>\n<li>Rozd\u011blen&iacute; funkc&iacute; \u010dlen\u016fm v&yacute;boru<\/li>\n<\/ol>\n<ul>\n<li>Rozd\u011blen&iacute; funkc&iacute; jednotliv&yacute;m \u010dlen\u016fm v&yacute;boru bylo nezbytn&yacute;m &uacute;konem k zaji&scaron;t\u011bn&iacute; dal&scaron;&iacute;ho fungov&aacute;n&iacute; spolku, z&aacute;rove\u0148 bylo prvn&iacute;m &uacute;kolem p\u0159id\u011blen&yacute;m V&yacute;boru spolku \u010clenskou sch\u016fz&iacute; spolku ze dne 12. 1. 2019.<\/li>\n<\/ul>\n<p>&nbsp;<\/p>\n<ul>\n<li>\u010clenov&eacute; v&yacute;boru jednohlasn\u011b souhlasili s&nbsp;n&aacute;sleduj&iacute;c&iacute;m rozd\u011blen&iacute;m funkc&iacute;:<\/li>\n<\/ul>\n<p>P\u0159edseda spolku: &nbsp;&nbsp;&nbsp;&nbsp;&nbsp; &nbsp;&nbsp;&nbsp;&nbsp;&nbsp;&nbsp;&nbsp;&nbsp;&nbsp;&nbsp;&nbsp; Ing. Tadeusz Czapla<br \/>\nM&iacute;stop\u0159edsedov&eacute; spolku: &nbsp;&nbsp;&nbsp;&nbsp; Mgr. David Konderla, Bc. Luk&aacute;&scaron; Kulla<br \/>\nPokladn&iacute; a zapisovatelka: &nbsp;&nbsp;&nbsp;&nbsp; Ta\u0165&aacute;na Sobelov&aacute; Kokotkov&aacute;<br \/>\n\u010clenov&eacute; v&yacute;boru:&nbsp;&nbsp;&nbsp;&nbsp;&nbsp;&nbsp;&nbsp;&nbsp;&nbsp;&nbsp;&nbsp;&nbsp;&nbsp;&nbsp;&nbsp;&nbsp;&nbsp;&nbsp;&nbsp; Jana &Scaron;matlavov&aacute;, Helena Kullov&aacute;, Pavl&iacute;na Skupie\u0148ov&aacute;<br \/>\n&nbsp;<\/p>\n<ul>\n<li>Dal&scaron;&iacute;mi p\u0159id\u011blen&yacute;mi &uacute;koly\/funkcemi byly:\n<ul style=\"list-style-type:circle\">\n<li>Administrace webov&yacute;ch str&aacute;nek, propagace v&nbsp;elektronick&eacute; podob\u011b a spr&aacute;va neform&aacute;ln&iacute;ho &uacute;\u010dtu na facebooku &ndash; Luk&aacute;&scaron; Kulla<\/li>\n<li>Spr&aacute;va n&aacute;st\u011bnky a propagace ve fyzick&eacute; podob\u011b &ndash; Pavl&iacute;na Skupie\u0148ov&aacute;<\/li>\n<li>Spr&aacute;va Klubovny spolku &ndash; Jana &Scaron;matlavov&aacute;, Pavl&iacute;na Skupie\u0148ov&aacute;, Helena Kullov&aacute;<\/li>\n<li>Vy\u0159izov&aacute;n&iacute; grant\u016f, pr&aacute;vn&iacute; dozor &ndash; David Konderla<\/li>\n<\/ul>\n<\/li>\n<\/ul>\n<p>&nbsp;<\/p>\n<ul>\n<li>Nep\u0159&iacute;tomni \u010dlenov&eacute; vyj&aacute;d\u0159ili &uacute;stn&iacute; souhlas s&nbsp;v&yacute;&scaron;e uveden&yacute;m rozd\u011blen&iacute;m funkc&iacute; a &uacute;kol\u016f.<\/li>\n<\/ul>\n<p>&nbsp; &nbsp; &nbsp; 2. Ak\u010dn&iacute; pl&aacute;n spolku na rok 2019<\/p>\n<ul>\n<li>Tvorba ak\u010dn&iacute;ho pl&aacute;nu byla druh&yacute;m &uacute;kolem dan&yacute;m V&yacute;boru spolku \u010clenskou sch\u016fz&iacute; spolku ze dne 12. 1. 2019.<\/li>\n<li>Jednohlasn\u011b byl p\u0159ijat n&aacute;sleuj&iacute;c&iacute; Ak\u010dn&iacute; pl&aacute;n pro rok 2019:\n<ul style=\"list-style-type:circle\">\n<li>1. V&yacute;let na Skrzyczne &nbsp;&nbsp;&nbsp;&nbsp;&nbsp;&nbsp;&nbsp;&nbsp;&nbsp;&nbsp;&nbsp;&nbsp;&nbsp;&nbsp;&nbsp;&nbsp;&nbsp;&nbsp;&nbsp;&nbsp;&nbsp;&nbsp;&nbsp;&nbsp;&nbsp;&nbsp;&nbsp;&nbsp;&nbsp;&nbsp;&nbsp;&nbsp; &#8211; 16.2.<\/li>\n<li>2. Turnaj ve stoln&iacute;m tenise&nbsp;&nbsp;&nbsp;&nbsp;&nbsp;&nbsp;&nbsp;&nbsp;&nbsp;&nbsp;&nbsp;&nbsp;&nbsp;&nbsp;&nbsp;&nbsp;&nbsp;&nbsp;&nbsp;&nbsp;&nbsp;&nbsp;&nbsp;&nbsp;&nbsp;&nbsp; &#8211; 16.3.<\/li>\n<li>3. Autobusov&yacute; z&aacute;jezd\/v&yacute;let&nbsp;&nbsp; &nbsp;&nbsp;&nbsp;&nbsp;&nbsp;&nbsp;&nbsp;&nbsp;&nbsp;&nbsp;&nbsp;&nbsp;&nbsp;&nbsp;&nbsp;&nbsp;&nbsp;&nbsp;&nbsp;&nbsp;&nbsp;&nbsp; &#8211; 11.5.<\/li>\n<li>4. Sousedsk&eacute; posezen&iacute; &bdquo;wajeczyna&ldquo; &nbsp;&nbsp;&nbsp;&nbsp;&nbsp;&nbsp;&nbsp;&nbsp;&nbsp; &#8211; 15.6.<\/li>\n<li>5. Vlastiv\u011bdn&aacute; proch&aacute;zka po Mion&scaron;i&nbsp;&nbsp;&nbsp;&nbsp;&nbsp;&nbsp;&nbsp;&nbsp;&nbsp;&nbsp;&nbsp;&nbsp;&nbsp;&nbsp;&nbsp;&nbsp;&nbsp;&nbsp;&nbsp;&nbsp;&nbsp;&nbsp;&nbsp; &#8211; \u010dervenec<\/li>\n<li>6. Do\u017e&iacute;nky &ndash; spolu&uacute;\u010dast v&nbsp;organizaci&nbsp;&nbsp;&nbsp;&nbsp;&nbsp;&nbsp;&nbsp;&nbsp;&nbsp; &#8211; 24.8.<\/li>\n<li>7. Tradi\u010dn&iacute; turnaj v&nbsp;mal&eacute; kopan&eacute;&nbsp;&nbsp;&nbsp;&nbsp;&nbsp;&nbsp;&nbsp;&nbsp;&nbsp;&nbsp;&nbsp;&nbsp;&nbsp;&nbsp;&nbsp;&nbsp; &#8211; 28.9.<\/li>\n<li>8. P\u0159edn&aacute;&scaron;ka \/ cestopisn&eacute; posezen&iacute;&nbsp;&nbsp;&nbsp;&nbsp;&nbsp;&nbsp;&nbsp;&nbsp;&nbsp;&nbsp;&nbsp;&nbsp;&nbsp;&nbsp;&nbsp;&nbsp;&nbsp;&nbsp;&nbsp;&nbsp;&nbsp;&nbsp;&nbsp; &#8211; \u0159&iacute;jen<\/li>\n<li>9. Sousedsk&eacute; posezen&iacute; &bdquo;wilij&oacute;wka&ldquo;&nbsp;&nbsp;&nbsp;&nbsp;&nbsp;&nbsp;&nbsp;&nbsp;&nbsp;&nbsp;&nbsp;&nbsp;&nbsp; &#8211; 14.12.<\/li>\n<li>10. Sv&aacute;te\u010dn&iacute; volejbalov&yacute; turnaj&nbsp;&nbsp;&nbsp;&nbsp;&nbsp;&nbsp;&nbsp;&nbsp;&nbsp;&nbsp;&nbsp;&nbsp;&nbsp;&nbsp;&nbsp;&nbsp;&nbsp;&nbsp;&nbsp; &#8211; 27.12.<\/li>\n<\/ul>\n<\/li>\n<\/ul>\n<p>&nbsp;<\/p>\n<ul>\n<li>Uveden&yacute; harmonogram akc&iacute; byl p\u0159ijat jako p\u0159edb\u011b\u017en&yacute; a jeho zm\u011bny jsou mo\u017en&eacute;. O p\u0159esn&eacute; podob\u011b v&scaron;ech po\u0159&aacute;dan&yacute;ch akc&iacute; bude v&yacute;bor spolku sv&eacute; \u010dleny informovat, dle povinnosti ulo\u017een&eacute; stanovami.<\/li>\n<\/ul>\n<p>&nbsp; &nbsp; &nbsp; 3. Investice do klubovny<\/p>\n<ul>\n<li>Bylo schv&aacute;leno po\u0159&iacute;zen&iacute; st&aacute;l&eacute;ho syst&eacute;mu ozvu\u010den&iacute; do na&scaron;&iacute; klubovny v&nbsp;hodnot\u011b p\u0159ibli\u017en\u011b 5000 K\u010d. V&yacute;b\u011brem vhodn&eacute;ho vybaven&iacute; a zji&scaron;t\u011bn&iacute;m p\u0159esn&eacute; ceny byl pov\u011b\u0159en Luk&aacute;&scaron; Kulla, v&nbsp;term&iacute;nu do p\u0159&iacute;&scaron;t&iacute;ho zased&aacute;n&iacute; v&yacute;boru.<\/li>\n<li>V&yacute;bor vyhodnotil stav v&yacute;malby klubovny jako nevyhovuj&iacute;c&iacute; a bude se sna\u017eit v&nbsp;leto&scaron;n&iacute;m roce zorganizovat brig&aacute;du na v&yacute;malbu klubovny. Diskutov&aacute;na byla mo\u017enost v&yacute;m\u011bny star&yacute;ch d\u0159ev\u011bn&yacute;ch vstupn&iacute;ch dve\u0159&iacute; do klubovny za plastov&eacute;, kter&eacute; kdysi byly hlavn&iacute;mi vchodov&yacute;mi dve\u0159mi. V&scaron;ichni \u010dlenov&eacute; v&yacute;boru byli pov\u011b\u0159eni zji&scaron;t\u011bn&iacute;m ochoty pomoci v&nbsp;brig&aacute;d\u011b ze strany ostatn&iacute;ch \u010dlen\u016f spolku, dal&scaron;&iacute; postup v&nbsp;t&eacute;to v\u011bci bude p\u0159edm\u011btem jedn&aacute;n&iacute; na dal&scaron;&iacute; sch\u016fzi v&yacute;boru spolku.<\/li>\n<li>Dal&scaron;&iacute; mo\u017en&eacute; zlep&scaron;en&iacute; bylo shled&aacute;no v&nbsp;&uacute;prav\u011b st&aacute;vaj&iacute;c&iacute; sk\u0159&iacute;n\u011b v hlavn&iacute;m s&aacute;lu a vyroben&iacute; police na poh&aacute;ry na m&iacute;ru ve v&yacute;klenku vedle vstupu do s&aacute;lu. Konzultc&iacute; t&eacute;to &uacute;pravy s&nbsp;panem Miroslavem Kullou, kter&yacute; je autorem v\u011bt&scaron;iny vybaven&iacute; klubovny, byl pov\u011b\u0159en Tadeusz Czapla.<\/li>\n<\/ul>\n<p>&nbsp; &nbsp; &nbsp; 4. Podpora sportov&aacute;n&iacute; &ndash; n&aacute;kup vybaven&iacute;<\/p>\n<ul>\n<li>na z&aacute;klad\u011b podn\u011btu pana Jakuba Nieslanika, kter&yacute; vede kondi\u010dn&iacute; tr&eacute;ninky v&nbsp;r&aacute;mci akce spolku &bdquo;Sportuj s&nbsp;n&aacute;mi&ldquo;, byla projedn&aacute;na mo\u017enost koup\u011b sportovn&iacute;ho vybaven&iacute;. Kondi\u010dn&iacute; tr&eacute;ninky se t\u011b&scaron;&iacute; velk&yacute;m z&aacute;jmem a d&iacute;ky koupi nov&eacute;ho vybaven&iacute; bude mo\u017en&eacute; zpest\u0159it tr&eacute;ninkov&yacute; pl&aacute;n o mno\u017estv&iacute; nov&yacute;ch cvik\u016f.<\/li>\n<li>Jednohlasn\u011b byla schv&aacute;lena dotace na koupi sportovn&iacute;ho vybaven&iacute; pro kondi\u010dn&iacute; tr&eacute;ninky ve v&yacute;&scaron;i 2000 K\u010d. Pan Nieslanik zajist&iacute; koupi vybaven&iacute; ve stanoven&eacute;m finan\u010dn&iacute;m limitu a n&aacute;klady na jejich po\u0159&iacute;zen&iacute; mu budou po p\u0159edlo\u017een&iacute; dokladu o koupi uhrazeny z&nbsp;kasy spolku.<\/li>\n<li>Sportovci &uacute;\u010dastn&iacute;ci se tr&eacute;ninku budou osloveni s&nbsp;prosbou o pomoc v&nbsp;brig&aacute;d\u011b v&nbsp;klubovn\u011b.<\/li>\n<\/ul>\n<p>&nbsp;<br \/>\n&nbsp;<\/p>\n<p>&nbsp; &nbsp; &nbsp; 5. Zhodnocen&iacute; grant\u016f za rok 2018 a granty na rok 2019 &nbsp;<\/p>\n<ul>\n<li>Vy&uacute;\u010dtov&aacute;n&iacute; grant\u016f poskytnut&yacute;ch m\u011bstem T\u0159inec na celoro\u010dn&iacute; \u010dinnost na&scaron;eho spolku v&nbsp;roce 2018 bylo na magistr&aacute;tu m\u011bsta T\u0159ince odevzd&aacute;no ve stanoven&eacute;m term&iacute;nu a doposud bez p\u0159ipom&iacute;nek ze strany posyktovatele. Pova\u017eujeme t&iacute;mto granty za rok 2018 jako uzav\u0159en&eacute;.<\/li>\n<li>\u017d&aacute;dost o poskytnut&iacute; grantu na celoro\u010dn&iacute; \u010dinnost v&nbsp;roce 2019 nebyla odevzd&aacute;na v&nbsp;term&iacute;nu a proto nelze v&nbsp;tomto roce s&nbsp;podporou toto formou po\u010d&iacute;tat.<\/li>\n<\/ul>\n<p>&nbsp; &nbsp; &nbsp; 6. S&nbsp;velk&yacute;m p\u0159edstihem byla diskutov&aacute;na mo\u017enost uspo\u0159&aacute;d&aacute;n&iacute; plesu na za\u010d&aacute;tku roku 2020, po deseti letech od prvn&iacute;ho plesu Ob\u010dansk&eacute;ho<br \/>\n&nbsp; &nbsp; &nbsp; &nbsp; &nbsp;&nbsp;sdru\u017een&iacute; &bdquo;Za rozvoj Konsk&eacute;&ldquo;, kter&yacute; prob\u011bhl v&nbsp;roce 2010. N&aacute;vrh se setkal s&nbsp;pozitivn&iacute;m ohlasem a jeho uskute\u010dn\u011bn&iacute; bude p\u0159edm\u011btem dal&scaron;&iacute;ho jedn&aacute;n&iacute;. &nbsp;<\/p>\n<p>&nbsp; &nbsp; &nbsp; 7.&nbsp;Turnaj ve stoln&iacute;m tenise 2019 &nbsp;<\/p>\n<ul>\n<li>Term&iacute;n 16.3.2019<\/li>\n<\/ul>\n<p>Rozd\u011blen&iacute; &uacute;kol\u016f:<\/p>\n<ul>\n<li>Zaji&scaron;t\u011bn&iacute; smlouvy, prop\u016fj\u010den&iacute; stol\u016f, p\u0159&iacute;prava baru &ndash; Tadeusz Czapla<\/li>\n<li>Pozv&aacute;nka, multimedia, dozor nad pr\u016fb\u011bhem turnaje &ndash; Luk&aacute;&scaron; Kulla<\/li>\n<li>Vyv\u011b&scaron;en&iacute; plak&aacute;t\u016f &ndash; Pavl&iacute;na Skupie\u0148ov&aacute;<\/li>\n<li>Person&aacute;ln&iacute; zaji&scaron;t\u011bn&iacute; bufetu &ndash; David Konderla<\/li>\n<li>P\u0159&iacute;prava drobn&eacute;ho ob\u010derstven&iacute; (chleb&iacute;\u010dky, apd.) &ndash; Helena Kullov&aacute;<\/li>\n<li>&Uacute;klid po akci &ndash; Jana &Scaron;matlavov&aacute;<\/li>\n<\/ul>\n<p>Pro realizaci p\u0159id\u011blen&yacute;ch &uacute;kol\u016f dle rozpisu v&yacute;&scaron;e si ka\u017ed&yacute; z&nbsp;pov\u011b\u0159en&yacute;ch \u010den\u016f v&yacute;boru pokus&iacute; zajistit pomoc z&nbsp;\u0159ad ostatn&iacute;ch \u010dlen\u016f na&scaron;eho spolku a jeho p\u0159&iacute;znivc\u016f.<\/p>\n<p>&nbsp; &nbsp; &nbsp; 8. N&aacute;vrh na dofinancov&aacute;n&iacute; dojezdu do Szczyrku a zp\u011bt pro \u0159idi\u010de aut, v r&aacute;mci zimn&iacute;ho v&yacute;letu nebyl schv&aacute;len. \u010clenov&eacute; v&yacute;boru se shodli, \u017ee dofinancov&aacute;n&iacute; v&yacute;letu bude vhodn\u011bj&scaron;&iacute;<br \/>\n&nbsp; &nbsp; &nbsp; &nbsp; &nbsp; v&nbsp;p\u0159&iacute;pad\u011b autobusov&eacute;ho z&aacute;jezdu pl&aacute;novan&eacute;ho v&nbsp;kv\u011btnu. <em><u>&Uacute;koly a t&eacute;mata k&nbsp;dal&scaron;&iacute;mu projedn&aacute;n&iacute; v&yacute;boru spolku Za rozvoj Konsk&eacute;:<\/u><\/em><\/p>\n<ol>\n<li>Do\u0159e&scaron;en&iacute; smlouvy pron&aacute;jmu prostoru klubovny &ndash; roz&scaron;&iacute;\u0159en&iacute; i na prostor p\u0159ed klubovnou.<\/li>\n<li>Vy\u0159e&scaron;en&iacute; ot&aacute;zky bankovn&iacute;ho &uacute;\u010dtu v&nbsp;ERA.<\/li>\n<li>Realizace vytvo\u0159en&eacute;ho ak\u010dn&iacute;ho pl&aacute;nu.<\/li>\n<li>Brig&aacute;da na v&yacute;m\u011bnu dve\u0159&iacute; a vymalov&aacute;n&iacute; klubovny.<\/li>\n<li>Ples v&nbsp;roce 2020.<\/li>\n<li>Term&iacute;n p\u0159&iacute;&scaron;t&iacute; sch\u016fze 17.3. v 15:00<\/li>\n<\/ol>\n<p>Z&aacute;pis prov\u011b\u0159il:&nbsp;&nbsp;&nbsp;&nbsp;&nbsp;&nbsp;&nbsp;&nbsp;&nbsp;&nbsp;&nbsp;&nbsp;&nbsp;&nbsp;&nbsp;&nbsp;&nbsp;&nbsp;&nbsp;&nbsp;&nbsp;&nbsp;&nbsp;&nbsp;&nbsp;&nbsp;&nbsp;&nbsp;&nbsp;&nbsp;&nbsp;&nbsp;&nbsp;&nbsp;&nbsp;&nbsp;&nbsp;&nbsp;&nbsp; Bc. Luk&aacute;&scaron; Kulla&nbsp;<br \/>\nSchv&aacute;leno dne:&nbsp;&nbsp;&nbsp;&nbsp;&nbsp;&nbsp;&nbsp;&nbsp;&nbsp;&nbsp;&nbsp;&nbsp;&nbsp;&nbsp;&nbsp;&nbsp;&nbsp;&nbsp;&nbsp;&nbsp;&nbsp;&nbsp;&nbsp;&nbsp;&nbsp;&nbsp;&nbsp;&nbsp;&nbsp;&nbsp;&nbsp;&nbsp;&nbsp;&nbsp;&nbsp;&nbsp;&nbsp;&nbsp;&nbsp;&nbsp; 18.02.2019<br \/>\n&nbsp;<\/p>","protected":false},"excerpt":{"rendered":"<p>Z&aacute;pis z&nbsp;1. sch\u016fze v&yacute;boru spolku &bdquo;Za rozvoj Konsk&eacute;&ldquo; v&nbsp;roce 2019 &nbsp; Datum: 15.2.2019 M&iacute;sto: T\u0159inec &#8211; Konsk&aacute; Autor: Tadeusz Czapla &Uacute;\u010dast: P\u0159&iacute;tomni: Luk&aacute;&scaron; Kulla, David Konderla, Jana &Scaron;matlavov&aacute;, Helena Kullov&aacute;, Tadeusz Czapla Omluveni: Ta\u0165&aacute;na Sobelov&aacute; Kokotkov&aacute;, Pavl&iacute;na Skupie\u0148ov&aacute; &nbsp; Program jedn&aacute;n&iacute;, t&eacute;mata a usnesen&iacute;: Rozd\u011blen&iacute; funkc&iacute; \u010dlen\u016fm v&yacute;boru Rozd\u011blen&iacute; funkc&iacute; jednotliv&yacute;m \u010dlen\u016fm v&yacute;boru bylo nezbytn&yacute;m [&hellip;]<\/p>","protected":false},"author":1,"featured_media":0,"comment_status":"open","ping_status":"open","sticky":false,"template":"","format":"standard","meta":{"ngg_post_thumbnail":0,"footnotes":""},"categories":[6],"tags":[],"class_list":["post-2090","post","type-post","status-publish","format-standard","hentry","category-zapisy-ze-schuzi"],"blog_post_layout_featured_media_urls":{"thumbnail":"","full":""},"categories_names":{"6":{"name":"Z\u00e1pisy ze sch\u016fz\u00ed","link":"https:\/\/spolek.konska-osuvky.cz\/en\/category\/zapisy-ze-schuzi\/"}},"tags_names":[],"comments_number":"0","wpmagazine_modules_lite_featured_media_urls":{"thumbnail":"","cvmm-medium":"","cvmm-medium-plus":"","cvmm-portrait":"","cvmm-medium-square":"","cvmm-large":"","cvmm-small":"","full":""},"_links":{"self":[{"href":"https:\/\/spolek.konska-osuvky.cz\/en\/wp-json\/wp\/v2\/posts\/2090","targetHints":{"allow":["GET"]}}],"collection":[{"href":"https:\/\/spolek.konska-osuvky.cz\/en\/wp-json\/wp\/v2\/posts"}],"about":[{"href":"https:\/\/spolek.konska-osuvky.cz\/en\/wp-json\/wp\/v2\/types\/post"}],"author":[{"embeddable":true,"href":"https:\/\/spolek.konska-osuvky.cz\/en\/wp-json\/wp\/v2\/users\/1"}],"replies":[{"embeddable":true,"href":"https:\/\/spolek.konska-osuvky.cz\/en\/wp-json\/wp\/v2\/comments?post=2090"}],"version-history":[{"count":1,"href":"https:\/\/spolek.konska-osuvky.cz\/en\/wp-json\/wp\/v2\/posts\/2090\/revisions"}],"predecessor-version":[{"id":2145,"href":"https:\/\/spolek.konska-osuvky.cz\/en\/wp-json\/wp\/v2\/posts\/2090\/revisions\/2145"}],"wp:attachment":[{"href":"https:\/\/spolek.konska-osuvky.cz\/en\/wp-json\/wp\/v2\/media?parent=2090"}],"wp:term":[{"taxonomy":"category","embeddable":true,"href":"https:\/\/spolek.konska-osuvky.cz\/en\/wp-json\/wp\/v2\/categories?post=2090"},{"taxonomy":"post_tag","embeddable":true,"href":"https:\/\/spolek.konska-osuvky.cz\/en\/wp-json\/wp\/v2\/tags?post=2090"}],"curies":[{"name":"wp","href":"https:\/\/api.w.org\/{rel}","templated":true}]}}