{"id":2089,"date":"2019-02-20T18:10:16","date_gmt":"2019-02-20T17:10:16","guid":{"rendered":""},"modified":"2019-08-16T14:14:22","modified_gmt":"2019-08-16T12:14:22","slug":"po-trikralovem-veceru-nekolik-zmen","status":"publish","type":"post","link":"https:\/\/spolek.konska-osuvky.cz\/en\/novinky\/po-trikralovem-veceru-nekolik-zmen\/","title":{"rendered":"Po T\u0159ikr\u00e1lov\u00e9m ve\u010deru n\u011bkolik zm\u011bn"},"content":{"rendered":"<p>Po T\u0159ikr&aacute;lov&eacute;m ve\u010deru n\u011bkolik zm\u011bn<br \/>\n&nbsp;<br \/>\nV&nbsp;sobotu 12. 1. 2019 se uskute\u010dnil tradi\u010dn&iacute; T\u0159ikr&aacute;lov&yacute; ve\u010der, kter&yacute; byl letos spojen i s&nbsp;volebn&iacute; sch\u016fz&iacute; na&scaron;eho spolku.&nbsp;<br \/>\nV&nbsp;r&aacute;mci \u010clensk&eacute; sch\u016fze &ndash; ofici&aacute;ln&iacute; \u010d&aacute;st&iacute; ve\u010dera &#8211; bylo prezentov&aacute;no p\u016fsoben&iacute; na&scaron;eho spolku v&nbsp;roce 2018 po str&aacute;nce organiza\u010dn&iacute; i finan\u010dn&iacute;. Prob\u011bhly volby na dal&scaron;&iacute; dvoulet&eacute; funk\u010dn&iacute; obdob&iacute;, a \u0159e&scaron;ila se t&eacute;mata mo\u017en&yacute;ch zlep&scaron;en&iacute; a roz&scaron;&iacute;\u0159en&iacute; p\u016fsoben&iacute; na&scaron;eho spolku.<\/p>\n<p>Kompletn&iacute; z&aacute;pis z&nbsp;\u010clensk&eacute; sch\u016fze spolku najdete <a href=\"http:\/\/os.konska-osuvky.cz\/post\/detail?id=478\">zde<\/a>.<\/p>\n<p>Slo\u017een&iacute; nov&eacute;ho v&yacute;boru pak <a href=\"http:\/\/os.konska-osuvky.cz\/page\/?id=15\">zde<\/a>.<\/p>\n<p>&nbsp;V&nbsp;neofici&aacute;ln&iacute; \u010d&aacute;sti ve\u010dera prob\u011bhla tradi\u010dn&iacute; sout\u011b\u017e o nejlep&scaron;&iacute; novoro\u010dn&iacute; jednohubky.<br \/>\nNez&aacute;visl&aacute; volebn&iacute; komise rozhodla o n&aacute;sleduj&iacute;c&iacute;m um&iacute;st\u011bn&iacute;:<\/p>\n<p>1. m&iacute;sto Helena Kullov&aacute;,<br \/>\n2. m&iacute;sto Kate\u0159ina Kullov&aacute;,<br \/>\n3. m&iacute;sto Mark&eacute;ta Jursitzk&aacute;, cenu p\u0159evzal man\u017eel, pan Martin Jursitsk&yacute;<br \/>\n&nbsp;<br \/>\nJednohubky.jpg<br \/>\n&nbsp;<br \/>\nSch\u016fze se z&uacute;\u010dastnilo &bdquo;zdrav&eacute; j&aacute;dro&ldquo; na&scaron;eho spolku a v&nbsp;p\u0159&iacute;jemn&eacute; a p\u0159&aacute;telsk&eacute; atmosf&eacute;\u0159e jsme se dob\u0159e bavili a\u017e do pozdn&iacute;ch ve\u010dern&iacute;ch hodin.<\/p>\n<p>D\u011bkujeme v&scaron;em, kte\u0159&iacute; se sch\u016fze z&uacute;\u010dastnili a t\u011b&scaron;&iacute;me se na vid\u011bnou na v&scaron;ech akc&iacute;ch na&scaron;eho spolku v&nbsp;roce 2019, nejen se st&aacute;l&yacute;mi &uacute;\u010dastn&iacute;ky, ale p\u0159edev&scaron;&iacute;m s&nbsp;nov&yacute;mi sousedy a p\u0159&aacute;teli na&scaron;eho spolku!<\/p>","protected":false},"excerpt":{"rendered":"<p>Po T\u0159ikr&aacute;lov&eacute;m ve\u010deru n\u011bkolik zm\u011bn &nbsp; V&nbsp;sobotu 12. 1. 2019 se uskute\u010dnil tradi\u010dn&iacute; T\u0159ikr&aacute;lov&yacute; ve\u010der, kter&yacute; byl letos spojen i s&nbsp;volebn&iacute; sch\u016fz&iacute; na&scaron;eho spolku.&nbsp; V&nbsp;r&aacute;mci \u010clensk&eacute; sch\u016fze &ndash; ofici&aacute;ln&iacute; \u010d&aacute;st&iacute; ve\u010dera &#8211; bylo prezentov&aacute;no p\u016fsoben&iacute; na&scaron;eho spolku v&nbsp;roce 2018 po str&aacute;nce organiza\u010dn&iacute; i finan\u010dn&iacute;. Prob\u011bhly volby na dal&scaron;&iacute; dvoulet&eacute; funk\u010dn&iacute; obdob&iacute;, a \u0159e&scaron;ila se t&eacute;mata [&hellip;]<\/p>","protected":false},"author":1,"featured_media":0,"comment_status":"open","ping_status":"open","sticky":false,"template":"","format":"standard","meta":{"ngg_post_thumbnail":0,"footnotes":""},"categories":[3],"tags":[],"class_list":["post-2089","post","type-post","status-publish","format-standard","hentry","category-novinky"],"blog_post_layout_featured_media_urls":{"thumbnail":"","full":""},"categories_names":{"3":{"name":"News","link":"https:\/\/spolek.konska-osuvky.cz\/en\/category\/novinky\/"}},"tags_names":[],"comments_number":"0","wpmagazine_modules_lite_featured_media_urls":{"thumbnail":"","cvmm-medium":"","cvmm-medium-plus":"","cvmm-portrait":"","cvmm-medium-square":"","cvmm-large":"","cvmm-small":"","full":""},"_links":{"self":[{"href":"https:\/\/spolek.konska-osuvky.cz\/en\/wp-json\/wp\/v2\/posts\/2089","targetHints":{"allow":["GET"]}}],"collection":[{"href":"https:\/\/spolek.konska-osuvky.cz\/en\/wp-json\/wp\/v2\/posts"}],"about":[{"href":"https:\/\/spolek.konska-osuvky.cz\/en\/wp-json\/wp\/v2\/types\/post"}],"author":[{"embeddable":true,"href":"https:\/\/spolek.konska-osuvky.cz\/en\/wp-json\/wp\/v2\/users\/1"}],"replies":[{"embeddable":true,"href":"https:\/\/spolek.konska-osuvky.cz\/en\/wp-json\/wp\/v2\/comments?post=2089"}],"version-history":[{"count":1,"href":"https:\/\/spolek.konska-osuvky.cz\/en\/wp-json\/wp\/v2\/posts\/2089\/revisions"}],"predecessor-version":[{"id":2180,"href":"https:\/\/spolek.konska-osuvky.cz\/en\/wp-json\/wp\/v2\/posts\/2089\/revisions\/2180"}],"wp:attachment":[{"href":"https:\/\/spolek.konska-osuvky.cz\/en\/wp-json\/wp\/v2\/media?parent=2089"}],"wp:term":[{"taxonomy":"category","embeddable":true,"href":"https:\/\/spolek.konska-osuvky.cz\/en\/wp-json\/wp\/v2\/categories?post=2089"},{"taxonomy":"post_tag","embeddable":true,"href":"https:\/\/spolek.konska-osuvky.cz\/en\/wp-json\/wp\/v2\/tags?post=2089"}],"curies":[{"name":"wp","href":"https:\/\/api.w.org\/{rel}","templated":true}]}}