{"id":2085,"date":"2019-04-09T13:20:15","date_gmt":"2019-04-09T11:20:15","guid":{"rendered":""},"modified":"2019-09-23T16:30:50","modified_gmt":"2019-09-23T16:30:50","slug":"vylet-plte-na-vahu-hrad-strecno","status":"publish","type":"post","link":"https:\/\/spolek.konska-osuvky.cz\/en\/novinky\/vylet-plte-na-vahu-hrad-strecno\/","title":{"rendered":"V\u00fdlet &#8211; PLT\u011a NA V\u00c1HU \/ HRAD STRE\u010cNO"},"content":{"rendered":"<p>Spolek &#8222;Za rozvoj Konsk\u00e9&#8220; po\u0159\u00e1d\u00e1 tradi\u010dn\u00ed jarn\u00ed v\u00fdlet, tentokr\u00e1t na Slovensko. Na\u0161\u00edm c\u00edlem bude \u0159eka V\u00e1h v m\u00edst\u011b, kde hlubok\u00fdm z\u00e1\u0159ezem prot\u00edn\u00e1 a p\u016fl\u00ed tak poho\u0159\u00ed Mal\u00e9 Fatry. Tento \u00fasek \u0159eky splav\u00edme na d\u0159ev\u011bn\u00fdch vorech, tzv. pltiach (plavby se mohou z\u00fa\u010dastnit d\u011bti od 3 let v\u011bku). Po absolvov\u00e1n\u00ed plavby bude n\u00e1sledovat voln\u00fd program v okol\u00ed hradu Stre\u010dno s mo\u017enost\u00ed komentovan\u00e9 prohl\u00eddky jmenovan\u00e9ho hradu, n\u00e1v\u0161t\u011bvy st\u0159edov\u011bk\u00e9 d\u011bdiny \u010di v\u00fd\u0161lapu k nedalek\u00e9 rozhledn\u011b Stre\u010dno. Dostatek \u010dasu bude d\u00e1n k dispozici rovn\u011b\u017e pro ob\u010derstven\u00ed v m\u00edstn\u00ed kolib\u011b.<\/p>\n<p>Kdy: 11. 5. 2019<img decoding=\"async\" style=\"float: left; height: 300px; margin: 0px 20px; width: 450px;\" src=\"\/data\/upload\/images\/Clipboard01.jpg\" alt=\"\"><br \/>\n\u010cas odjezdu: 7:30 hodin<br \/>\nM\u00edsto odjezdu: parkovi\u0161t\u011b u n\u00e1dra\u017e\u00ed v Konsk\u00e9<br \/>\nCena z\u00e1jezdu: 400 K\u010d, d\u011bti do 10 let v\u011bku 250 K\u010d<br \/>\nCena zahrnuje: zp\u00e1te\u010dn\u00ed autobusov\u00e1 doprava, plavba po V\u00e1hu s v\u00fdkladem pltn\u00edka.<br \/>\nCena nezahrnuje: p\u0159\u00edpadn\u00e9 dal\u0161\u00ed vstupy a komentovan\u00e9 prohl\u00eddky na hrad Stre\u010dno.<\/p>\n<p><strong>Kapacita z\u00e1jezdu je omezena, v d\u016fsledku \u010deho\u017e svoji \u00fa\u010dast co mo\u017en\u00e1 nejd\u0159\u00edve hlaste u Jany \u0160matlavov\u00e9 (728313875) \u010di&nbsp; Davida Konderly (608904476).<\/strong><br \/>\n&nbsp;<\/p>\n<div style=\"text-align: center;\">\n<p><span style=\"font-size: 26px;\">D\u011bkujeme v\u0161em, kte\u0159\u00ed se v\u00fdletu z\u00fa\u010dastnili!&nbsp;<\/span><\/p>\n<p><span style=\"font-size: 28px;\"><span style=\"font-family: arial,helvetica,sans-serif;\">Fotogalerii z tohoto velmi vyda\u0159en\u00e9ho v\u00fdletu najdete <a href=\"http:\/\/os.konska-osuvky.cz\/gallery\/detail?galleryId=101\">zde.<\/a>&nbsp;<\/span><\/span><\/p>\n<\/div>","protected":false},"excerpt":{"rendered":"<p>Spolek &#8222;Za rozvoj Konsk\u00e9&#8220; po\u0159\u00e1d\u00e1 tradi\u010dn\u00ed jarn\u00ed v\u00fdlet, tentokr\u00e1t na Slovensko. Na\u0161\u00edm c\u00edlem bude \u0159eka V\u00e1h v m\u00edst\u011b, kde hlubok\u00fdm z\u00e1\u0159ezem prot\u00edn\u00e1 a p\u016fl\u00ed tak poho\u0159\u00ed Mal\u00e9 Fatry. Tento \u00fasek \u0159eky splav\u00edme na d\u0159ev\u011bn\u00fdch vorech, tzv. pltiach (plavby se mohou z\u00fa\u010dastnit d\u011bti od 3 let v\u011bku). Po absolvov\u00e1n\u00ed plavby bude n\u00e1sledovat voln\u00fd program v okol\u00ed [&hellip;]<\/p>","protected":false},"author":1,"featured_media":2349,"comment_status":"open","ping_status":"open","sticky":false,"template":"","format":"standard","meta":{"ngg_post_thumbnail":0,"footnotes":""},"categories":[3],"tags":[],"class_list":["post-2085","post","type-post","status-publish","format-standard","has-post-thumbnail","hentry","category-novinky"],"blog_post_layout_featured_media_urls":{"thumbnail":["https:\/\/spolek.konska-osuvky.cz\/wp-content\/uploads\/2019\/04\/02e752f65ff1312bb09b848d5c668b6b-150x150.jpg",150,150,true],"full":["https:\/\/spolek.konska-osuvky.cz\/wp-content\/uploads\/2019\/04\/02e752f65ff1312bb09b848d5c668b6b.jpg",1440,1080,false]},"categories_names":{"3":{"name":"News","link":"https:\/\/spolek.konska-osuvky.cz\/en\/category\/novinky\/"}},"tags_names":[],"comments_number":"0","wpmagazine_modules_lite_featured_media_urls":{"thumbnail":["https:\/\/spolek.konska-osuvky.cz\/wp-content\/uploads\/2019\/04\/02e752f65ff1312bb09b848d5c668b6b-150x150.jpg",150,150,true],"cvmm-medium":["https:\/\/spolek.konska-osuvky.cz\/wp-content\/uploads\/2019\/04\/02e752f65ff1312bb09b848d5c668b6b.jpg",300,225,false],"cvmm-medium-plus":["https:\/\/spolek.konska-osuvky.cz\/wp-content\/uploads\/2019\/04\/02e752f65ff1312bb09b848d5c668b6b.jpg",276,207,false],"cvmm-portrait":["https:\/\/spolek.konska-osuvky.cz\/wp-content\/uploads\/2019\/04\/02e752f65ff1312bb09b848d5c668b6b.jpg",400,300,false],"cvmm-medium-square":["https:\/\/spolek.konska-osuvky.cz\/wp-content\/uploads\/2019\/04\/02e752f65ff1312bb09b848d5c668b6b.jpg",600,450,false],"cvmm-large":["https:\/\/spolek.konska-osuvky.cz\/wp-content\/uploads\/2019\/04\/02e752f65ff1312bb09b848d5c668b6b.jpg",1024,768,false],"cvmm-small":["https:\/\/spolek.konska-osuvky.cz\/wp-content\/uploads\/2019\/04\/02e752f65ff1312bb09b848d5c668b6b.jpg",127,95,false],"full":["https:\/\/spolek.konska-osuvky.cz\/wp-content\/uploads\/2019\/04\/02e752f65ff1312bb09b848d5c668b6b.jpg",1440,1080,false]},"_links":{"self":[{"href":"https:\/\/spolek.konska-osuvky.cz\/en\/wp-json\/wp\/v2\/posts\/2085","targetHints":{"allow":["GET"]}}],"collection":[{"href":"https:\/\/spolek.konska-osuvky.cz\/en\/wp-json\/wp\/v2\/posts"}],"about":[{"href":"https:\/\/spolek.konska-osuvky.cz\/en\/wp-json\/wp\/v2\/types\/post"}],"author":[{"embeddable":true,"href":"https:\/\/spolek.konska-osuvky.cz\/en\/wp-json\/wp\/v2\/users\/1"}],"replies":[{"embeddable":true,"href":"https:\/\/spolek.konska-osuvky.cz\/en\/wp-json\/wp\/v2\/comments?post=2085"}],"version-history":[{"count":2,"href":"https:\/\/spolek.konska-osuvky.cz\/en\/wp-json\/wp\/v2\/posts\/2085\/revisions"}],"predecessor-version":[{"id":2350,"href":"https:\/\/spolek.konska-osuvky.cz\/en\/wp-json\/wp\/v2\/posts\/2085\/revisions\/2350"}],"wp:featuredmedia":[{"embeddable":true,"href":"https:\/\/spolek.konska-osuvky.cz\/en\/wp-json\/wp\/v2\/media\/2349"}],"wp:attachment":[{"href":"https:\/\/spolek.konska-osuvky.cz\/en\/wp-json\/wp\/v2\/media?parent=2085"}],"wp:term":[{"taxonomy":"category","embeddable":true,"href":"https:\/\/spolek.konska-osuvky.cz\/en\/wp-json\/wp\/v2\/categories?post=2085"},{"taxonomy":"post_tag","embeddable":true,"href":"https:\/\/spolek.konska-osuvky.cz\/en\/wp-json\/wp\/v2\/tags?post=2085"}],"curies":[{"name":"wp","href":"https:\/\/api.w.org\/{rel}","templated":true}]}}